{"id":26625,"date":"2022-11-24T19:11:37","date_gmt":"2022-11-24T19:11:37","guid":{"rendered":"https:\/\/prensa.cba.gov.ar\/?p=527323"},"modified":"2022-11-24T19:11:37","modified_gmt":"2022-11-24T19:11:37","slug":"el-presupuesto-2023-obtuvo-su-primera-aprobacion-en-la-legislatura","status":"publish","type":"post","link":"http:\/\/nuevacordoba.net\/index.php\/2022\/11\/24\/el-presupuesto-2023-obtuvo-su-primera-aprobacion-en-la-legislatura\/","title":{"rendered":"El Presupuesto 2023 obtuvo su primera aprobaci\u00f3n en la Legislatura"},"content":{"rendered":"<ul>\n<li><strong>El paquete de leyes econ\u00f3micas enviado por el Poder Ejecutivo continuar\u00e1 su tratamiento en comisiones.<\/strong><\/li>\n<li><strong>El 1 de diciembre se realizar\u00e1 la audiencia p\u00fablica prevista por ley.<\/strong><\/li>\n<\/ul>\n<p>Durante la 35\u00b0 sesi\u00f3n ordinaria, presidida por el vicegobernador Manuel Calvo, se aprob\u00f3 en primera lectura el&nbsp;<strong>paquete de leyes econ\u00f3micas para el a\u00f1o 2023<\/strong>, tal como fuera presentado d\u00edas atr\u00e1s por el&nbsp;<a href=\"https:\/\/legislaturacba.gob.ar\/la-provincia-presento-el-proyecto-de-presupuesto-2023\/\">ministro de Finanzas, Osvaldo Giordano<\/a>.<\/p>\n<p>En este sentido, la C\u00e1mara dio tratamiento a los dict\u00e1menes emitidos para los tres proyectos elevados por el&nbsp;<strong>Poder Ejecutivo<\/strong>, referidos al&nbsp;<strong>Presupuesto General de la Administraci\u00f3n P\u00fablica Provincial<\/strong>, el establecimiento de la&nbsp;<strong>Ley Impositiva<\/strong>&nbsp;y las&nbsp;<strong>modificaciones previstas en el C\u00f3digo Tributario<\/strong>, as\u00ed como diversos art\u00edculos y sus modificatorias de las leyes 9024, 9087, 9187, 9431, 10679 y 10724, y derogando la Ley N\u00ba 4422.&nbsp;<br \/>El legislador<strong>&nbsp;Leonardo Limia<\/strong>&nbsp;fue el miembro informante encargado de presentar y desglosar las particularidades de los proyectos, presentados por funcionarios provinciales en distintas reuniones de las comisiones de&nbsp;<strong>Econom\u00eda<\/strong>, de&nbsp;<strong>Asuntos Constitucionales<\/strong>&nbsp;y de&nbsp;<strong>Legislaci\u00f3n General<\/strong>.<\/p>\n<figure class=\"wp-container-2 wp-block-gallery-1 wp-block-gallery has-nested-images columns-default is-cropped\">\n<figure class=\"wp-block-image size-large\"><img loading=\"lazy\" width=\"990\" height=\"660\" data-id=\"527326\" src=\"http:\/\/nuevacordoba.net\/wp-content\/uploads\/2022\/11\/el-presupuesto-2023-obtuvo-su-primera-aprobacion-en-la-legislatura.jpg\" alt class=\"wp-image-527326\"><\/figure>\n<figure class=\"wp-block-image size-large\"><img loading=\"lazy\" width=\"990\" height=\"660\" data-id=\"527325\" src=\"http:\/\/nuevacordoba.net\/wp-content\/uploads\/2022\/11\/el-presupuesto-2023-obtuvo-su-primera-aprobacion-en-la-legislatura-1.jpg\" alt class=\"wp-image-527325\"><\/figure>\n<\/figure>\n<p>Luego de definir al presupuesto como<em>&nbsp;\u201cla principal herramienta de gesti\u00f3n que posee un gobierno\u201d<\/em>, Limia explic\u00f3 que la iniciativa establece erogaciones por un total de&nbsp;<strong>un bill\u00f3n setecientos cuarenta y dos mil ochocientos ochenta millones<\/strong>&nbsp;<strong>quinientos dos mil pesos<\/strong>. Asimismo, estima ingresos para hacer frente a los mismos por&nbsp;<strong>un bill\u00f3n setecientos cincuenta y dos mil novecientos diecis\u00e9is millones<\/strong>&nbsp;<strong>diecinueve mil pesos<\/strong>,&nbsp;<em>\u201cpor lo cual se plantea un resultado positivo financiero de diez mil treinta y cinco millones de pesos en la administraci\u00f3n central\u201d<\/em>, dijo el presidente de la Comisi\u00f3n de Econom\u00eda.<em><br \/>\u201cLlevando estos n\u00fameros al esquema de ahorro, inversi\u00f3n, financiamiento, tenemos que en el ejercicio 2023 se prev\u00e9 un ahorro corriente de 371.000 millones de pesos, ahorro que se viene generando a\u00f1o tras a\u00f1o, mostrando un ratio positivo entre ahorro corriente e ingresos corrientes netos de coparticipaci\u00f3n desde el a\u00f1o 2012\u201d<\/em>, indic\u00f3 Limia.<\/p>\n<p>Al se\u00f1alar los lineamientos que el Gobierno Provincial trazar\u00e1 para la ejecuci\u00f3n presupuestaria en 2023, el legislador explic\u00f3 que tendr\u00e1 como&nbsp;<em>\u201cejes estrat\u00e9gicos la justicia social, el crecimiento econ\u00f3mico sostenible y el fortalecimiento de las instituciones.<\/em>\u201c<br \/><em>\u201cEn lo referente a la justicia socia<\/em>l \u2013continu\u00f3 Limia-,&nbsp;<em>podemos decir que es un presupuesto orientado a promover el desarrollo socioecon\u00f3mico, eliminando las desigualdades de ingresos entre g\u00e9neros, garantizando el acceso a la salud, la educaci\u00f3n y la vivienda digna, con programas con objetivos direccionados a cubrir todas estas aristas, con crecimientos de las partidas en t\u00e9rminos reales. Es por ello que el gasto social se presupuest\u00f3 en un total de ciento cuarenta y siete mil doscientos setenta y dos millones de pesos, lo cual implica un 87 por ciento de incremento respecto del a\u00f1o 2022\u201d<\/em>, enfatiz\u00f3 el legislador.<br \/>Tal lo establecido en el art\u00edculo 106 de la Constituci\u00f3n Provincial y las disposiciones del Reglamento Interno de la Legislatura, este paquete de leyes econ\u00f3micas fue aprobado en primera lectura, con el acompa\u00f1amiento de los bloques Hacemos por C\u00f3rdoba e Identidad Peronista.<\/p>\n<p>Tras esta primera aprobaci\u00f3n, el proyecto retorna a las comisiones en las que fue tratado. Se estima que el mi\u00e9rcoles 7 de diciembre se tratar\u00eda en segunda lectura, previa audiencia p\u00fablica prevista para el 1 de diciembre y reuniones de comisiones ya programadas para los pr\u00f3ximos d\u00edas.<\/p>\n<p> <iframe loading=\"lazy\" width=\"683\" height=\"384\" src=\"https:\/\/www.youtube.com\/embed\/eWEVwvFQ5_I\" title=\"El Presupuesto 2023 obtuvo su primera aprobaci\u00f3n\" frameborder=\"0\" allow=\"accelerometer; autoplay; clipboard-write; encrypted-media; gyroscope; picture-in-picture\" allowfullscreen>[embedded content]<\/iframe> <\/p>\n","protected":false},"excerpt":{"rendered":"<p>El paquete de leyes econ\u00f3micas enviado por el Poder Ejecutivo continuar\u00e1 su tratamiento en comisiones. El 1 de diciembre se realizar\u00e1 la audiencia p\u00fablica prevista por ley. Durante la 35\u00b0 sesi\u00f3n ordinaria, presidida por el vicegobernador Manuel Calvo, se aprob\u00f3 en primera lectura el&nbsp;paquete de leyes econ\u00f3micas para el a\u00f1o 2023, tal como fuera presentado [&hellip;]<\/p>\n","protected":false},"author":1,"featured_media":26626,"comment_status":"closed","ping_status":"closed","sticky":false,"template":"","format":"standard","meta":[],"categories":[14],"tags":[],"_links":{"self":[{"href":"http:\/\/nuevacordoba.net\/index.php\/wp-json\/wp\/v2\/posts\/26625"}],"collection":[{"href":"http:\/\/nuevacordoba.net\/index.php\/wp-json\/wp\/v2\/posts"}],"about":[{"href":"http:\/\/nuevacordoba.net\/index.php\/wp-json\/wp\/v2\/types\/post"}],"author":[{"embeddable":true,"href":"http:\/\/nuevacordoba.net\/index.php\/wp-json\/wp\/v2\/users\/1"}],"replies":[{"embeddable":true,"href":"http:\/\/nuevacordoba.net\/index.php\/wp-json\/wp\/v2\/comments?post=26625"}],"version-history":[{"count":0,"href":"http:\/\/nuevacordoba.net\/index.php\/wp-json\/wp\/v2\/posts\/26625\/revisions"}],"wp:featuredmedia":[{"embeddable":true,"href":"http:\/\/nuevacordoba.net\/index.php\/wp-json\/wp\/v2\/media\/26626"}],"wp:attachment":[{"href":"http:\/\/nuevacordoba.net\/index.php\/wp-json\/wp\/v2\/media?parent=26625"}],"wp:term":[{"taxonomy":"category","embeddable":true,"href":"http:\/\/nuevacordoba.net\/index.php\/wp-json\/wp\/v2\/categories?post=26625"},{"taxonomy":"post_tag","embeddable":true,"href":"http:\/\/nuevacordoba.net\/index.php\/wp-json\/wp\/v2\/tags?post=26625"}],"curies":[{"name":"wp","href":"https:\/\/api.w.org\/{rel}","templated":true}]}}