{"id":26637,"date":"2022-11-24T23:35:30","date_gmt":"2022-11-24T23:35:30","guid":{"rendered":"http:\/\/nuevacordoba.net\/index.php\/2022\/11\/24\/lavandera-por-dos-en-el-colon-por-unicef-y-rumbo-a-cosquin-para-romper-estructuras\/"},"modified":"2022-11-24T23:35:30","modified_gmt":"2022-11-24T23:35:30","slug":"lavandera-por-dos-en-el-colon-por-unicef-y-rumbo-a-cosquin-para-romper-estructuras","status":"publish","type":"post","link":"http:\/\/nuevacordoba.net\/index.php\/2022\/11\/24\/lavandera-por-dos-en-el-colon-por-unicef-y-rumbo-a-cosquin-para-romper-estructuras\/","title":{"rendered":"Lavandera por dos: en el Col\u00f3n por Unicef y rumbo a Cosqu\u00edn \u00abpara romper estructuras\u00bb"},"content":{"rendered":"<figure class=\"mb-3\"><img loading=\"lazy\" src=\"http:\/\/nuevacordoba.net\/wp-content\/uploads\/2022\/11\/lavandera-por-dos-en-el-colon-por-unicef-y-rumbo-a-cosquin-para-romper-estructuras.jpg\" width=\"100%\" height=\"100%\" alt=\"Camino a un cuarto de siglo de profusa actividad toc con reconocidas orquestas y dio recitales de piano en las salas de conciertos ms prestigiosas de Amrica Asia y Europa\"><figcaption> Camino a un cuarto de siglo de profusa actividad, toc\u00f3 con reconocidas orquestas y dio recitales de piano en las salas de conciertos m\u00e1s prestigiosas de Am\u00e9rica, Asia y Europa. <\/figcaption><\/figure>\n<p>El pianista Horacio Lavandera encabezar\u00e1 el lunes pr\u00f3ximo en el Teatro Col\u00f3n un concierto a beneficio de Unicef que por primera vez acercar\u00e1 all\u00ed obra de Clara Schumann y prepara su debut en el Festival Nacional de Folclore de Cosqu\u00edn, donde ejecutar\u00e1 creaciones de Nenette Pepin Fitzpatrick en el marco de un homenaje a Atahualpa Yupanqui, <strong>dos citas con las que ratifica la premisa de seguir en el rumbo de \u201cromper con algunas estructuras\u201d.<\/strong><\/p>\n<p>\u201cSiento que estoy rompiendo con algunas estructuras al incluir una compositora mujer como Schumann en el Col\u00f3n de Buenos Aires y tambi\u00e9n al llevar por primera vez la m\u00fasica cl\u00e1sica a Cosqu\u00edn\u201d, desliza Lavandera durante una entrevista con T\u00e9lam.<\/p>\n<p>En ese sentido, el artista sostiene que \u201cambos conciertos constituyen una osad\u00eda y conllevan posiciones extremadamente complejas frente a las que, se sabe, siempre va a haber un 50% de p\u00fablico a favor y un 50% de personas que van a negar cualquier val\u00eda a que una mujer pueda ser compositora de m\u00fasica culta\u201d.<\/p>\n<p><strong>\u201cLa historia entera del rol de la mujer en la sociedad occidental muestra una gran falta de libertad, pero yo como m\u00fasico -postula Lavandera- encuentro que tanto las obras de Schumann como las de Nenette son obras maestras y una m\u00fasica incre\u00edble que hasta hace cinco a\u00f1os ni se nombraba\u201d<\/strong>.<\/p>\n<p>Camino a un cuarto de siglo de profusa actividad, toc\u00f3 con reconocidas orquestas y dio recitales de piano en las salas de conciertos m\u00e1s prestigiosas de Am\u00e9rica, Asia y Europa.<\/p>\n<p>Due\u00f1o de una trayectoria reconocida que mantiene por fuera de la l\u00f3gica del mercado de la m\u00fasica (que tambi\u00e9n alcanza al rubro cl\u00e1sico aunque no sea tan voraz y masivo como el popular), el artista, de 37 a\u00f1os, indica: \u201cMi canal de YouTube es, digamos, mi casa discogr\u00e1fica, porque me manejo de modo autogestivo\u201d.<\/p>\n<figure class=\"mb-3\"><img loading=\"lazy\" src=\"http:\/\/nuevacordoba.net\/wp-content\/uploads\/2022\/11\/lavandera-por-dos-en-el-colon-por-unicef-y-rumbo-a-cosquin-para-romper-estructuras-1.jpg\" width=\"100%\" height=\"100%\" alt=\"Dueo de una trayectoria reconocida que mantiene por fuera de la lgica del mercado de la msica\"><figcaption> Due\u00f1o de una trayectoria reconocida que mantiene por fuera de la l\u00f3gica del mercado de la m\u00fasica. <\/figcaption><\/figure>\n<p><strong>\u201cLa hered\u00e9 de mis abuelos y de mis padres, quienes me ense\u00f1aron a ser una persona capaz de realizar sus proyectos y vincularme solamente con la gente que considere m\u00e1s honesta\u201d<\/strong>, fundamenta el m\u00fasico sobre su elecci\u00f3n de esta modalidad de trabajo.<\/p>\n<p>El primero de los ambiciosos conciertos de Lavandera ser\u00e1 el lunes 28 a las 20 en el Col\u00f3n a total beneficio de Unicef y cuyos fondos ser\u00e1n destinados a chicas y chicos que necesiten ayuda en la Argentina y otras partes del mundo en lo referido a salud, educaci\u00f3n y oportunidades para su crecimiento y desarrollo.<\/p>\n<p>All\u00ed el pianista compartir\u00e1 velada con sus colegas Karmen Rencar (cello), Luc\u00eda Luque Cooreman (viol\u00edn) y Virginia Tola (soprano) donde se ejecutar\u00e1 \u201cSonata para piano, K. 331, Alla turca\u201d, de Wolfgang Amadeus Mozart; \u201cSonata para piano, Op. 27 N\u00b0 2, Claro de Luna\u00bb, de Ludwig van Beethoven y dos obras de Clara Schumann \u201cTr\u00edo, Op. 17 para viol\u00edn, cello y piano\u201d y \u201c6 Canciones, Op. 13 para voz y piano\u201d.<\/p>\n<p>\u201cEl programa re\u00fane obras muy reconocidas de la m\u00fasica cl\u00e1sica para todo p\u00fablico y en la segunda parte suma una propuesta muy interesante que se da muy pocas veces y muy pocas veces en el Teatro Col\u00f3n, por incluir obras de una compositora mujer del siglo XIX, ya que hubo muchos preconceptos con lo que pod\u00eda una mujer llegar a realizar sobre todo en un ambiente tan conservador como es la m\u00fasica cl\u00e1sica\u201d, reflexiona Lavandera.<\/p>\n<blockquote class=\"twitter-tweet\" readability=\"5.25\">\n<p lang=\"es\" dir=\"ltr\">Los espero en el <a href=\"https:\/\/twitter.com\/hashtag\/ConciertoUNICEF?src=hash&amp;ref_src=twsrc%5Etfw\">#ConciertoUNICEF<\/a> en el Teatro Col\u00f3n. All\u00ed estar\u00e9 junto a las artistas invitadas: @lucialuquecooreman (viol\u00edn) @karmenrencar_cellist (cello) y @virginiatolasoprano (soprano). <br \/>\ud83d\udc49 Adquir\u00ed tus entradas en <a href=\"https:\/\/t.co\/Zf15Ns5sKf\">https:\/\/t.co\/Zf15Ns5sKf<\/a> <a href=\"https:\/\/t.co\/da5deAZbtC\">pic.twitter.com\/da5deAZbtC<\/a><\/p>\n<p>\u2014 Horacio Lavandera (@HLavandera) <a href=\"https:\/\/twitter.com\/HLavandera\/status\/1594294217215741952?ref_src=twsrc%5Etfw\">November 20, 2022<\/a><\/p><\/blockquote>\n<p><strong>-El hecho de tocar para Unicef y poder ayudar, \u00bfte lleva a creer que el arte pueda ayudar a que mejoremos como sociedad y la desigualdad deje tambi\u00e9n de alcanzar a las infancias?<\/strong><br \/>-La m\u00fasica es uno de los elementos m\u00e1s importantes de la cultura y la actividad cultural puede ayudar a mejorarnos pero nunca va a ser suficiente ante tanta desigualdad que hay. Eso no quita que este concierto sea parte de un proyecto maravilloso que re\u00fane a compositores que fueron ni\u00f1os prodigios de or\u00edgenes muy humildes que necesitaron mucha ayuda para realizar su actividad y eso es parte del mensaje de Unicef.<\/p>\n<p><strong>-\u00bfC\u00f3mo fue el armado del elenco que te reunir\u00e1 con tres grandes artistas para esta presentaci\u00f3n?<\/strong><br \/>-Va a ser la primera vez que act\u00fao con todas mis invitadas, que son todas mujeres y, por lo tanto, va a haber un 75% de participaci\u00f3n femenina en el escenario. Si bien es cierto que a Luque la conozco de cuando ella ten\u00eda nueve a\u00f1os y yo 13 y con Virginia llevamos m\u00e1s de 20 a\u00f1os de conocernos.<\/p>\n<p><strong>-\u00bfDe qu\u00e9 manera se dio esta apuesta de ir con tu piano a la noche inaugural del Festival de Cosqu\u00edn para un homenaje a Yupanqui que tambi\u00e9n animar\u00e1n Juan Fal\u00fa y Jairo y donde vos pondr\u00e1s en foco los aportes compositivos de Nenette a la m\u00fasica criolla?<\/strong><br \/>-Todo se fue dando en el tiempo en una historia largu\u00edsima y con la participaci\u00f3n de varias personas, a la vez que me fui adentrando en la obra de ella que fue tan importante y grab\u00e9 ocho piezas en \u201cA Nenette y Don Ata\u00bb (donde se incluyen, entre otras obras, \u201cCruz del Sur\u201d, \u201cLuna Tucumana\u201d, \u201cIndiecito dormido\u201d, \u201cLos ejes de mi carreta\u201d y \u201cPiedra Sola\u201d) que dan cuenta del encuentro entre el piano rom\u00e1ntico y el folclore y de all\u00ed surgi\u00f3 un folclore mucho m\u00e1s depurado.<\/p>\n<p>Ojal\u00e1 que la gente pueda encontrar en esta m\u00fasica mucha inspiraci\u00f3n sobre c\u00f3mo se puede desarrollar el folclore hacia otras po\u00e9ticas y no siempre hacia lugares de lo que se llamar\u00eda la industria musical.<\/p>\n<p><strong>-\u00bfTe cost\u00f3 decidirte a sumarte a Cosqu\u00edn?<\/strong><br \/>-Para m\u00ed como artista y como representante, en este caso, de la m\u00fasica cl\u00e1sica, es un reto gigante y una ruptura porque no es lo que se suele hacer. En principio ser\u00e1 una participaci\u00f3n muy corta pero, si la gente se anima, habr\u00e1 m\u00e1s. <\/p>\n","protected":false},"excerpt":{"rendered":"<p>Camino a un cuarto de siglo de profusa actividad, toc\u00f3 con reconocidas orquestas y dio recitales de piano en las salas de conciertos m\u00e1s prestigiosas de Am\u00e9rica, Asia y Europa. El pianista Horacio Lavandera encabezar\u00e1 el lunes pr\u00f3ximo en el Teatro Col\u00f3n un concierto a beneficio de Unicef que por primera vez acercar\u00e1 all\u00ed obra [&hellip;]<\/p>\n","protected":false},"author":1,"featured_media":26638,"comment_status":"closed","ping_status":"closed","sticky":false,"template":"","format":"standard","meta":[],"categories":[9],"tags":[],"_links":{"self":[{"href":"http:\/\/nuevacordoba.net\/index.php\/wp-json\/wp\/v2\/posts\/26637"}],"collection":[{"href":"http:\/\/nuevacordoba.net\/index.php\/wp-json\/wp\/v2\/posts"}],"about":[{"href":"http:\/\/nuevacordoba.net\/index.php\/wp-json\/wp\/v2\/types\/post"}],"author":[{"embeddable":true,"href":"http:\/\/nuevacordoba.net\/index.php\/wp-json\/wp\/v2\/users\/1"}],"replies":[{"embeddable":true,"href":"http:\/\/nuevacordoba.net\/index.php\/wp-json\/wp\/v2\/comments?post=26637"}],"version-history":[{"count":0,"href":"http:\/\/nuevacordoba.net\/index.php\/wp-json\/wp\/v2\/posts\/26637\/revisions"}],"wp:featuredmedia":[{"embeddable":true,"href":"http:\/\/nuevacordoba.net\/index.php\/wp-json\/wp\/v2\/media\/26638"}],"wp:attachment":[{"href":"http:\/\/nuevacordoba.net\/index.php\/wp-json\/wp\/v2\/media?parent=26637"}],"wp:term":[{"taxonomy":"category","embeddable":true,"href":"http:\/\/nuevacordoba.net\/index.php\/wp-json\/wp\/v2\/categories?post=26637"},{"taxonomy":"post_tag","embeddable":true,"href":"http:\/\/nuevacordoba.net\/index.php\/wp-json\/wp\/v2\/tags?post=26637"}],"curies":[{"name":"wp","href":"https:\/\/api.w.org\/{rel}","templated":true}]}}