{"id":26653,"date":"2022-11-25T11:00:15","date_gmt":"2022-11-25T11:00:15","guid":{"rendered":"https:\/\/cordoba.gob.ar\/?p=36621"},"modified":"2022-11-25T11:00:15","modified_gmt":"2022-11-25T11:00:15","slug":"entrega-de-certificados-de-los-talleres-de-oficios-en-el-parque-educativo-sur","status":"publish","type":"post","link":"http:\/\/nuevacordoba.net\/index.php\/2022\/11\/25\/entrega-de-certificados-de-los-talleres-de-oficios-en-el-parque-educativo-sur\/","title":{"rendered":"Entrega de certificados de los talleres de oficios en el Parque Educativo Sur\u00a0"},"content":{"rendered":"<div><img src=\"http:\/\/nuevacordoba.net\/wp-content\/uploads\/2022\/11\/entrega-de-certificados-de-los-talleres-de-oficios-en-el-parque-educativo-sur.jpg\" class=\"ff-og-image-inserted\"><\/div>\n<ul>\n<li><strong>Participaron m\u00e1s de 100 vecinos y vecinas de la zona sur de la ciudad.<\/strong><\/li>\n<li><strong>Las propuestas de formaci\u00f3n se realizaron durante 2022 de manera gratuita y abierta a la comunidad.<\/strong><\/li>\n<li><strong>&nbsp;En total fueron m\u00e1s 200 horas de capacitaci\u00f3n.<\/strong><\/li>\n<li><strong>Para la realizaci\u00f3n de los talleres se trabaj\u00f3 con insumos recuperados promoviendo la econom\u00eda circular: m\u00e1s de 120 pallets de madera donados y m\u00e1s de 450 kg de tela.<\/strong><\/li>\n<\/ul>\n<hr>\n<p>M\u00e1s de 100 vecinos y vecinas de la zona sur de la ciudad participaron de la entrega de certificados de fin de curso y talleres de oficios que se dictaron durante todo el a\u00f1o en el Parque Educativo Sur, para que cordobeses y cordobesas construyan nuevas herramientas para la inserci\u00f3n al mercado laboral.<\/p>\n<p>Las propuestas de formaci\u00f3n fueron cursos totalmente gratuitos de corte y confecci\u00f3n, higiene y cocina saludable, carpinter\u00eda y de gesti\u00f3n de emprendimientos. Para la realizaci\u00f3n de los talleres se trabaj\u00f3 con insumos recuperados, promoviendo la econom\u00eda circular: m\u00e1s de 120 pallets de madera donados y m\u00e1s de 450 kg de tela.<\/p>\n<p>Esta iniciativa fue producto de la articulaci\u00f3n p\u00fablico-privada entre la Municipalidad de C\u00f3rdoba, Renault Argentina, Innovar Sustentabilidad, Asociaci\u00f3n Civil Las Omas,Hamilton, Fundaci\u00f3n Holcim, Aramark, Gur\u00fa Pallets y Securtex.<\/p>\n<p>En el taller de corte y confecci\u00f3n los y las asistentes aprendieron a confeccionar y dise\u00f1ar distintas prendas. En el de Higiene y comida saludable incorporaron conocimientos acerca de la elaboraci\u00f3n de alimentos, ejecuci\u00f3n de recetas y aplicaci\u00f3n de t\u00e9cnicas de preparaci\u00f3n y conservaci\u00f3n de alimentos. En el taller de carpinter\u00eda los alumnos<br \/>conocieron sobre la seguridad al maniobrar con las herramientas como as\u00ed tambi\u00e9n a<br \/>tratar la madera.<\/p>\n<p>El Secretario de Educaci\u00f3n, Horacio Ferreyra, expres\u00f3:<em> \u201cEstos espacios ampl\u00edan las posibilidades de educaci\u00f3n e inserci\u00f3n laboral de las vecinas y vecinos, consolidando las condiciones para aprender a lo largo de toda la vida. Nos gratifica poder estrechar lazos entre diversas instituciones con miras a un objetivo com\u00fan. Como afirma nuestro int. <\/em><em>Mart\u00ecn Llaryora, debemos aprovechar todas y cada una de las oportunidades para potenciar los circuitos de educaci\u00f3n formales -escolares y no escolares-, tanto como los no formales, con miras al crecimiento personal y social\u201d.<\/em><\/p>\n<p>La Directora de Parques Educativos, Eugenia Rotondi, mencion\u00f3 que esta experiencia <em>\u201ces una articulaci\u00f3n virtuosa que nos permite mejorar las condiciones de vida de vecinos y vecinas que se acercan al parque a aprender y construir nuevos conocimientos que les sirven para pensar en su futuro\u201d.<\/em><\/p>\n<p>El Subdirector del Parque Educativo Sur, Adri\u00e1n Vital\u00ed, mencion\u00f3 que <em>\u201cla alianza p\u00fablico privada permite que la comunidad pueda acceder de manera eficiente a espacios de aprendizajes\u201d.<\/em><\/p>\n<p>\u201cDesde nuestra organizaci\u00f3n, estamos convencidos en seguir haciendo crecer nuestra comunidad, desarrollando alianzas p\u00fablico-privadas de triple impacto: econ\u00f3mico,ambiental y social, que nos permiten profundizar nuestro compromiso con la inclusi\u00f3n, un eje prioritario de la Sustentabilidad Corporativa\u201d, afirm\u00f3 Pablo Sibilla, Presidente y<br \/>Director General de Renault Argentina.<\/p>\n<p>La actividad cont\u00f3 adem\u00e1s, con la visita de la secretaria General Veronica Bruera, la Subsecretaria de Educaci\u00f3n Maria Jose Viola, dirigentes de Renault Argentina y vecinos y vecinas de la zona.<\/p>\n","protected":false},"excerpt":{"rendered":"<p>Participaron m\u00e1s de 100 vecinos y vecinas de la zona sur de la ciudad. Las propuestas de formaci\u00f3n se realizaron durante 2022 de manera gratuita y abierta a la comunidad. &nbsp;En total fueron m\u00e1s 200 horas de capacitaci\u00f3n. Para la realizaci\u00f3n de los talleres se trabaj\u00f3 con insumos recuperados promoviendo la econom\u00eda circular: m\u00e1s de [&hellip;]<\/p>\n","protected":false},"author":1,"featured_media":26654,"comment_status":"closed","ping_status":"closed","sticky":false,"template":"","format":"standard","meta":[],"categories":[14],"tags":[],"_links":{"self":[{"href":"http:\/\/nuevacordoba.net\/index.php\/wp-json\/wp\/v2\/posts\/26653"}],"collection":[{"href":"http:\/\/nuevacordoba.net\/index.php\/wp-json\/wp\/v2\/posts"}],"about":[{"href":"http:\/\/nuevacordoba.net\/index.php\/wp-json\/wp\/v2\/types\/post"}],"author":[{"embeddable":true,"href":"http:\/\/nuevacordoba.net\/index.php\/wp-json\/wp\/v2\/users\/1"}],"replies":[{"embeddable":true,"href":"http:\/\/nuevacordoba.net\/index.php\/wp-json\/wp\/v2\/comments?post=26653"}],"version-history":[{"count":0,"href":"http:\/\/nuevacordoba.net\/index.php\/wp-json\/wp\/v2\/posts\/26653\/revisions"}],"wp:featuredmedia":[{"embeddable":true,"href":"http:\/\/nuevacordoba.net\/index.php\/wp-json\/wp\/v2\/media\/26654"}],"wp:attachment":[{"href":"http:\/\/nuevacordoba.net\/index.php\/wp-json\/wp\/v2\/media?parent=26653"}],"wp:term":[{"taxonomy":"category","embeddable":true,"href":"http:\/\/nuevacordoba.net\/index.php\/wp-json\/wp\/v2\/categories?post=26653"},{"taxonomy":"post_tag","embeddable":true,"href":"http:\/\/nuevacordoba.net\/index.php\/wp-json\/wp\/v2\/tags?post=26653"}],"curies":[{"name":"wp","href":"https:\/\/api.w.org\/{rel}","templated":true}]}}