{"id":26679,"date":"2022-11-26T08:55:41","date_gmt":"2022-11-26T08:55:41","guid":{"rendered":"http:\/\/nuevacordoba.net\/index.php\/2022\/11\/26\/wolf-y-mito-dos-argentinos-que-buscaran-su-lugar-en-la-final-internacional-de-red-bull\/"},"modified":"2022-11-26T08:55:41","modified_gmt":"2022-11-26T08:55:41","slug":"wolf-y-mito-dos-argentinos-que-buscaran-su-lugar-en-la-final-internacional-de-red-bull","status":"publish","type":"post","link":"http:\/\/nuevacordoba.net\/index.php\/2022\/11\/26\/wolf-y-mito-dos-argentinos-que-buscaran-su-lugar-en-la-final-internacional-de-red-bull\/","title":{"rendered":"Wolf y Mito: dos argentinos que buscar\u00e1n su lugar en la Final Internacional de Red Bull"},"content":{"rendered":"<figure class=\"mb-3\"><img loading=\"lazy\" src=\"http:\/\/nuevacordoba.net\/wp-content\/uploads\/2022\/11\/wolf-y-mito-dos-argentinos-que-buscaran-su-lugar-en-la-final-internacional-de-red-bull.jpg\" width=\"100%\" height=\"100%\" alt=\"El evento tendr a Sarita como anfitriona a Soen Espaa Fox Per y Daro Argentina como jueces Foto IG\"><figcaption> El evento tendr\u00e1 a Sarita como anfitriona, a Soen (Espa\u00f1a), Fox (Per\u00fa) y Daro (Argentina) como jueces \/ Foto IG <\/figcaption><\/figure>\n<p>Los <a href=\"https:\/\/www.telam.com.ar\/notas\/202204\/590400-freestyle-pluzito-fms-red-bull-batallas-rap-2pac-eminem-hiphop-musica-urbana-mc.html\" target=\"_blank\" rel=\"noopener\">freestylers<\/a> Wolf y Mito son los dos representantes argentinos en el Torneo de Plazas que se llevar\u00e1 a cabo este s\u00e1bado en Ciudad de M\u00e9xico a partir de las 20, y en la que se dirimir\u00e1 el pen\u00faltimo clasificado al evento m\u00e1s importante en el calendario de la disciplina, la Final Internacional de Red Bull Batalla del pr\u00f3ximo 10 de diciembre en la misma ciudad.<\/p>\n<p>Es el segundo a\u00f1o consecutivo en que 16 raperos de habla hispana ganadores de torneos del \u201cunderground\u201d de sus pa\u00edses disputar\u00e1n el t\u00edtulo y el consiguiente pase a la llamada \u201cmadre de todas las competencias\u201d.<\/p>\n<p><strong>Wolf, oriundo de La Paternal<\/strong> <strong>y uno de los batalleros que animan la FMS Argentina<\/strong>, competir\u00e1 en el Torneo de Plazas tras quedar subcampe\u00f3n de la edici\u00f3n 2021. El peruano Jair Wong y el espa\u00f1ol Hander, tambi\u00e9n estaban preclasificados.<\/p>\n<blockquote class=\"instagram-media\" data-instgrm-captioned data-instgrm-permalink=\"https:\/\/www.instagram.com\/p\/ClWbYomgwkI\/?utm_source=ig_embed&amp;utm_campaign=loading\" data-instgrm-version=\"14\" readability=\"-0.21428571428571\"><\/blockquote>\n<p>A ellos se unen <strong>Mito, campe\u00f3n de El Eje de la Rima de la Argentina<\/strong>, y otros 12 freestylers de Espa\u00f1a y Am\u00e9rica Latina: Jesus LC (Espa\u00f1a), Willy (Per\u00fa), Gabo (Costa Rica), Gonzo (M\u00e9xico), Jin Blake (Guatemala), Airon (Colombia), Gabriel (Panam\u00e1), Sage (Chile), Hery con H (Puerto Rico), Zticma (M\u00e9xico); y por \u00faltimo Arg\u00f3n y Mister H, ambos seleccionados de la Clasificatoria Final.<\/p>\n<p>El evento tendr\u00e1 a Sarita como anfitriona, a Soen (Espa\u00f1a), Fox (Per\u00fa) y Daro (Argentina) como jueces, y al DJ mexicano Sonicko al mando de las bandejas.<\/p>\n<p>La competencia <strong>se podr\u00e1 ver en vivo desde las 20 (hora argentina) por los canales de YouTube, Facebook y Twitch de Red Bull Batalla.<\/strong><\/p>\n<blockquote class=\"instagram-media\" data-instgrm-captioned data-instgrm-permalink=\"https:\/\/www.instagram.com\/p\/CVtpReYN_d3\/?utm_source=ig_embed&amp;utm_campaign=loading\" data-instgrm-version=\"14\" readability=\"-0.24137931034483\"><\/blockquote>\n<h2 class>Sobre la Final<\/h2>\n<p>En tanto, la esperada Final Internacional se realizar\u00e1 en M\u00e9xico el 10 de diciembre, y ya son 14 los MCs clasificados, encabezados por los ocupantes del podio del a\u00f1o pasado, es decir Aczino (M\u00e9xico), Skone (Espa\u00f1a) y Gazir (Espa\u00f1a).<\/p>\n<p>Tambi\u00e9n estar\u00e1n todos los campeones de las Finales Nacionales: Blon (Espa\u00f1a), Yoiker (M\u00e9xico), Jokker (Chile), Mecha (Argentina), Carpediem (Colombia), Diego (Ecuador), \u00c9xodo Lirical (Rep\u00fablica Dominicana), Choque (Per\u00fa), Oner (Estados Unidos) y Spektro (Uruguay). Tambi\u00e9n tiene su pasaje Teorema, de Chile, que fue el subcampe\u00f3n m\u00e1s votado en las redes. <\/p>\n","protected":false},"excerpt":{"rendered":"<p>El evento tendr\u00e1 a Sarita como anfitriona, a Soen (Espa\u00f1a), Fox (Per\u00fa) y Daro (Argentina) como jueces \/ Foto IG Los freestylers Wolf y Mito son los dos representantes argentinos en el Torneo de Plazas que se llevar\u00e1 a cabo este s\u00e1bado en Ciudad de M\u00e9xico a partir de las 20, y en la que [&hellip;]<\/p>\n","protected":false},"author":1,"featured_media":26680,"comment_status":"closed","ping_status":"closed","sticky":false,"template":"","format":"standard","meta":[],"categories":[9],"tags":[],"_links":{"self":[{"href":"http:\/\/nuevacordoba.net\/index.php\/wp-json\/wp\/v2\/posts\/26679"}],"collection":[{"href":"http:\/\/nuevacordoba.net\/index.php\/wp-json\/wp\/v2\/posts"}],"about":[{"href":"http:\/\/nuevacordoba.net\/index.php\/wp-json\/wp\/v2\/types\/post"}],"author":[{"embeddable":true,"href":"http:\/\/nuevacordoba.net\/index.php\/wp-json\/wp\/v2\/users\/1"}],"replies":[{"embeddable":true,"href":"http:\/\/nuevacordoba.net\/index.php\/wp-json\/wp\/v2\/comments?post=26679"}],"version-history":[{"count":0,"href":"http:\/\/nuevacordoba.net\/index.php\/wp-json\/wp\/v2\/posts\/26679\/revisions"}],"wp:featuredmedia":[{"embeddable":true,"href":"http:\/\/nuevacordoba.net\/index.php\/wp-json\/wp\/v2\/media\/26680"}],"wp:attachment":[{"href":"http:\/\/nuevacordoba.net\/index.php\/wp-json\/wp\/v2\/media?parent=26679"}],"wp:term":[{"taxonomy":"category","embeddable":true,"href":"http:\/\/nuevacordoba.net\/index.php\/wp-json\/wp\/v2\/categories?post=26679"},{"taxonomy":"post_tag","embeddable":true,"href":"http:\/\/nuevacordoba.net\/index.php\/wp-json\/wp\/v2\/tags?post=26679"}],"curies":[{"name":"wp","href":"https:\/\/api.w.org\/{rel}","templated":true}]}}