{"id":26686,"date":"2022-11-26T20:04:52","date_gmt":"2022-11-26T20:04:52","guid":{"rendered":"http:\/\/nuevacordoba.net\/index.php\/2022\/11\/26\/thierry-fremaux-el-deseo-de-la-gente-por-ir-al-cine-todavia-existe\/"},"modified":"2022-11-26T20:04:52","modified_gmt":"2022-11-26T20:04:52","slug":"thierry-fremaux-el-deseo-de-la-gente-por-ir-al-cine-todavia-existe","status":"publish","type":"post","link":"http:\/\/nuevacordoba.net\/index.php\/2022\/11\/26\/thierry-fremaux-el-deseo-de-la-gente-por-ir-al-cine-todavia-existe\/","title":{"rendered":"Thierry Fr\u00e9maux: \u00abEl deseo de la gente por ir al cine todav\u00eda existe\u00bb"},"content":{"rendered":"<figure class=\"mb-3\"><img loading=\"lazy\" src=\"http:\/\/nuevacordoba.net\/wp-content\/uploads\/2022\/11\/thierry-fremaux-el-deseo-de-la-gente-por-ir-al-cine-todavia-existe.jpg\" width=\"100%\" height=\"100%\" alt=\"Thierry Frmaux director del festival francs Foto Victoria Egurza\"><figcaption> Thierry Fr\u00e9maux, director del festival franc\u00e9s. Foto: Victoria Egurza <\/figcaption><\/figure>\n<p>Entre el <strong>28 de noviembre y el 4 de diciembre <\/strong>se realizar\u00e1 en el Complejo Gaumont la Semana de Cine del Festival de Cannes en Argentina y en paralelo, en la Universidad Cat\u00f3lica Argentina y el Complejo Cinemark de Puerto Madero, la 14va. edici\u00f3n del mercado de contenidos audiovisuales Ventana Sur, con el acompa\u00f1amiento de ambos eventos del<strong> director del festival franc\u00e9s, Thierry Fr\u00e9maux<\/strong>.<\/p>\n<p>Desde hace a\u00f1os Fr\u00e9maux marca la agenda del cine mundial desde la conducci\u00f3n del llamado \u00abfestival de festivales\u00bb y es desde ese lugar de poder y acceso privilegiado a las cinematograf\u00edas del mundo, que su opini\u00f3n sobre la industria resulta interesante para<strong> pensar problem\u00e1ticas que afectan al sector como la irrupci\u00f3n de las plataformas en el negocio audiovisual<\/strong>, las consecuencias de la pandemia y adem\u00e1s, su mirada sobre cu\u00e1les son los pa\u00edses del mundo que se destacan en el cine del presente.<\/p>\n<blockquote class><p>\u00abVentana Sur es muy importante, lo que se hace aqu\u00ed ubica a Buenos Aires y a la Argentina como una de las citas del a\u00f1o del cine mundial\u00bb<cite class=\"author\">Thierry Fr\u00e9maux<\/cite><\/p><\/blockquote>\n<p>\u00abVentana Sur es muy importante, lo que se hace aqu\u00ed ubica a Buenos Aires y a la Argentina como una de las citas del a\u00f1o del cine mundial\u00bb, describe en un hotel de Puerto Madero Fr\u00e9maux para T\u00e9lam sobre la importancia del mercado de cine que se realiza desde 2009 en Buenos Aires, organizado por el Instituto Nacional de Cine y Artes Audiovisuales (Incaa) y el March\u00e9 du Film de Cannes, con la direcci\u00f3n compartida entre el argentino Bernardo Bergeret y el franc\u00e9s Jerome Paillard.<\/p>\n<p>Entre otras definiciones, Fr\u00e9maux dice que \u00abhist\u00f3ricamente el p\u00fablico mundial se construy\u00f3 con blockbusters (\u00e9xitos de taquilla)\u00bb y afirma sin dudar que a pesar de los cambios vertiginosos del presente y las consecuencias de la pandemia, \u00abel deseo de la gente por ir al cine todav\u00eda existe\u00bb.<\/p>\n<p>La nueva edici\u00f3n de la Semana de Cannes en la Argentina, que como es tradicional <strong>se desarrollar\u00e1 en el Complejo Gaumont desde el pr\u00f3ximo lunes, presenta una selecci\u00f3n de filmes destacados<\/strong> que pasaron por la \u00faltima edici\u00f3n del certamen franc\u00e9s, como la ganadora de la Palma de Oro de este a\u00f1o, \u00abTriangle of Sadness\u00bb del sueco Ruben Ostlund y adem\u00e1s, tendr\u00e1 la presencia del <strong>actor franc\u00e9s Vincent Lindon -presidente del Jurado de la Competencia Oficial en Cannes 2022-, que dictar\u00e1 una Clase Magistral <\/strong>el martes 29, a las 18.<\/p>\n<figure class=\"mb-3\"><img loading=\"lazy\" src=\"http:\/\/nuevacordoba.net\/wp-content\/uploads\/2022\/11\/thierry-fremaux-el-deseo-de-la-gente-por-ir-al-cine-todavia-existe-1.jpg\" width=\"100%\" height=\"100%\" alt=\"La ganadora de la Palma de Oro de este ao Triangle of Sadness del sueco Ruben Ostlund\"><figcaption> La ganadora de la Palma de Oro de este a\u00f1o, \u00abTriangle of Sadness\u00bb del sueco Ruben Ostlund. <\/figcaption><\/figure>\n<p><strong>-\u00bfCu\u00e1les son las novedades de esta nueva edici\u00f3n de Ventana Sur?<br \/>&#8211;<\/strong>Primero la fuerza de la existencia de este mercado, porque cuando empezamos en 2009 con Bernardo Bergeret y Liliana Mazure, que en esa \u00e9poca dirig\u00eda al Incaa, era un ensayo sobre la idea de que necesit\u00e1bamos poner a un pa\u00eds, a una ciudad de Latinoam\u00e9rica para tener en cada a\u00f1o un momento para juntarse y poner la atenci\u00f3n sobre los nuevos directores que iban apareciendo.<\/p>\n<p>Todos estos a\u00f1os despu\u00e9s, el resultado es que el marcado de Ventana Sur es muy importante, lo que se hace aqu\u00ed ubica a Buenos Aires y a la Argentina como una de las citas del a\u00f1o del cine mundial, as\u00ed que creo que fue una muy buena idea crear este encuentro.<\/p>\n<p><strong>-\u00bfC\u00f3mo cambi\u00f3 el negocio del cine, sobre todo en las cinematograf\u00edas nacionales, con la pandemia y la irrupci\u00f3n de las plataformas?<br \/>&#8211;<\/strong>Lo primero que hay que decir es que en seis meses no se va a recuperar de una crisis de dos o tres a\u00f1os, que es una crisis doble, porque cerraron las salas de cine cuando aparecieron las plataformas y surgi\u00f3 la idea doble de no ir m\u00e1s al cine porque estaba la posibilidad de quedarse a ver pel\u00edculas y eso signific\u00f3 un cambio en la sociedad que no sabemos si es para siempre. Y por el otro lado, en muchos pa\u00edses cerraron los cines porque no llegaban los blockbusters, las grandes pel\u00edculas estadounidenses, no hab\u00eda productos de Hollywood durante la pandemia.<\/p>\n<p>Porque hay que decir que hist\u00f3ricamente el p\u00fablico mundial se construy\u00f3 con blockbusters, cuando hay pel\u00edculas de este tipo la gente va al cine, como pas\u00f3 con \u00abTop Gun: Maverick\u00bb o \u00abElvis\u00bb, que estuvieron tambi\u00e9n en Cannes, la gente volvi\u00f3 al cine.<\/p>\n<p>Eso es un aspecto, el otro es el de los cines nacionales, en donde cada pa\u00eds es un caso. En Francia el cine est\u00e1 bien, por ejemplo, en el Festival de Lyon en octubre tuvo 150.000 espectadores y aqu\u00ed, en la Semana de Cannnes en el cine Gaumont, las entradas se agotaron en un d\u00eda, eso es genial y significa que el deseo de la gente por ir al cine todav\u00eda existe.<\/p>\n<p>No soy pesimista, pero s\u00ed, hay que luchar, formar gente en cine, ense\u00f1ar c\u00f3mo hacer cine, c\u00f3mo atrapar a los espectadores, porque si no aprendimos nada de lo que pas\u00f3 en estos \u00faltimos a\u00f1os, estamos en problemas.<\/p>\n<figure class=\"mb-3\"><img loading=\"lazy\" src=\"http:\/\/nuevacordoba.net\/wp-content\/uploads\/2022\/11\/thierry-fremaux-el-deseo-de-la-gente-por-ir-al-cine-todavia-existe-2.jpg\" width=\"100%\" height=\"100%\" alt=\"Foto Victoria Egurza\"><figcaption> Foto: Victoria Egurza. <\/figcaption><\/figure>\n<p><strong>&#8211; \u00bfCu\u00e1l era la foto del cine en el comienzo de la primera edici\u00f3n de Ventana Sur y cu\u00e1l es ahora, con los cambios vertiginosos que se dieron en los \u00faltimos a\u00f1os?<br \/>&#8211;<\/strong>La foto de ese momento seguramente era la foto del cine mundial, no quiero que suene a nostalgia, como que se trataba de una era de oro, porque ahora tambi\u00e9n es un momento muy interesante pero seguro que hab\u00eda como una inocencia sobre todo sobre la idea del cine en las salas de cine. Por supuesto que en 15 a\u00f1os el panorama cambi\u00f3 mucho y la aparici\u00f3n de las plataformas, que tambi\u00e9n es a prop\u00f3sito de la creaci\u00f3n, de cu\u00e1les son las fuerzas en cada pa\u00eds para crear, as\u00ed que hay que decir, &#8216;bueno, el cine sobrevivi\u00f3, todav\u00eda est\u00e1 vivo y hay que abrirse al futuro.<\/p>\n<p>Por ejemplo, aqu\u00ed, lo que me gusta m\u00e1s es que tenemos el mercado de Ventana Sur y la Semana de Cine del Festival de Cannes, es decir, con las pel\u00edculas de los directores consagrados de la \u00faltima edici\u00f3n de nuestro festival y con la fuerza de los nuevos proyectos que est\u00e1n al mismo tiempo en una ciudad como Buenos Aires. Es una celebraci\u00f3n que tiene como idea que estamos escribiendo parte del futuro del cine mundial para los pr\u00f3ximos a\u00f1os.<\/p>\n<p><strong>-\u00bfCu\u00e1les son las cinematograf\u00edas del presente a las cuales hay que prestarle atenci\u00f3n?<br \/>&#8211;<\/strong>Hay todav\u00eda di\u00e1logo entre Europa y EEUU, eso est\u00e1 bien, pero alrededor de este di\u00e1logo tenemos la fuerza del cine de toda Asia, sobre todo con Corea del Sur, Ir\u00e1n y Jap\u00f3n, por ejemplo, tambi\u00e9n hay como algo nuevo en \u00c1frica y adem\u00e1s, en todas partes del mundo hay una nueva generaci\u00f3n de directoras. Con respecto a Latinoam\u00e9rica, M\u00e9xico tienen una generaci\u00f3n incre\u00edble, con directores como Guillermo del Toro o Michael Franco entre otros, pero hay que decir que estamos esperando m\u00e1s de la Argentina, m\u00e1s de Chile y m\u00e1s de Brasil.<\/p>\n","protected":false},"excerpt":{"rendered":"<p>Thierry Fr\u00e9maux, director del festival franc\u00e9s. Foto: Victoria Egurza Entre el 28 de noviembre y el 4 de diciembre se realizar\u00e1 en el Complejo Gaumont la Semana de Cine del Festival de Cannes en Argentina y en paralelo, en la Universidad Cat\u00f3lica Argentina y el Complejo Cinemark de Puerto Madero, la 14va. edici\u00f3n del mercado [&hellip;]<\/p>\n","protected":false},"author":1,"featured_media":26687,"comment_status":"closed","ping_status":"closed","sticky":false,"template":"","format":"standard","meta":[],"categories":[9],"tags":[],"_links":{"self":[{"href":"http:\/\/nuevacordoba.net\/index.php\/wp-json\/wp\/v2\/posts\/26686"}],"collection":[{"href":"http:\/\/nuevacordoba.net\/index.php\/wp-json\/wp\/v2\/posts"}],"about":[{"href":"http:\/\/nuevacordoba.net\/index.php\/wp-json\/wp\/v2\/types\/post"}],"author":[{"embeddable":true,"href":"http:\/\/nuevacordoba.net\/index.php\/wp-json\/wp\/v2\/users\/1"}],"replies":[{"embeddable":true,"href":"http:\/\/nuevacordoba.net\/index.php\/wp-json\/wp\/v2\/comments?post=26686"}],"version-history":[{"count":0,"href":"http:\/\/nuevacordoba.net\/index.php\/wp-json\/wp\/v2\/posts\/26686\/revisions"}],"wp:featuredmedia":[{"embeddable":true,"href":"http:\/\/nuevacordoba.net\/index.php\/wp-json\/wp\/v2\/media\/26687"}],"wp:attachment":[{"href":"http:\/\/nuevacordoba.net\/index.php\/wp-json\/wp\/v2\/media?parent=26686"}],"wp:term":[{"taxonomy":"category","embeddable":true,"href":"http:\/\/nuevacordoba.net\/index.php\/wp-json\/wp\/v2\/categories?post=26686"},{"taxonomy":"post_tag","embeddable":true,"href":"http:\/\/nuevacordoba.net\/index.php\/wp-json\/wp\/v2\/tags?post=26686"}],"curies":[{"name":"wp","href":"https:\/\/api.w.org\/{rel}","templated":true}]}}