{"id":2671,"date":"2021-03-31T17:23:12","date_gmt":"2021-03-31T17:23:12","guid":{"rendered":"http:\/\/nuevacordoba.net\/index.php\/2021\/03\/31\/yemen-devastado-por-la-guerra-y-la-pobreza-recibe-sus-primeras-vacunas-anticovid\/"},"modified":"2021-03-31T17:23:12","modified_gmt":"2021-03-31T17:23:12","slug":"yemen-devastado-por-la-guerra-y-la-pobreza-recibe-sus-primeras-vacunas-anticovid","status":"publish","type":"post","link":"http:\/\/nuevacordoba.net\/index.php\/2021\/03\/31\/yemen-devastado-por-la-guerra-y-la-pobreza-recibe-sus-primeras-vacunas-anticovid\/","title":{"rendered":"Yemen, devastado por la guerra y la pobreza, recibe sus primeras vacunas anticovid"},"content":{"rendered":"<div class=\"image\" id=\"image\" readability=\"10\"> <img src=\"http:\/\/nuevacordoba.net\/wp-content\/uploads\/2021\/03\/yemen-devastado-por-la-guerra-y-la-pobreza-recibe-sus-primeras-vacunas-anticovid.jpg\" alt=\"&quot;La llegada de las vacunas contra la Covid-19 se produce en un momento cr\u00edtico para Yemen&quot;, dijo Philippe Duamelle, representante de Unicef en el pa\u00eds\" title=\"&quot;La llegada de las vacunas contra la Covid-19 se produce en un momento cr\u00edtico para Yemen&quot;, dijo Philippe Duamelle, representante de Unicef en el pa\u00eds\"><\/p>\n<p>\u00abLa llegada de las vacunas contra la Covid-19 se produce en un momento cr\u00edtico para Yemen\u00bb, dijo Philippe Duamelle, representante de Unicef en el pa\u00eds<\/p>\n<\/div>\n<p>Yemen, pa\u00eds devastado por la guerra y escenario de una grav\u00edsima crisis humanitaria, recibi\u00f3 el primer lote de 360.000 dosis de vacunas de AstraZeneca contra el coronavirus, gracias al dispositivo Covax, anunci\u00f3 este mi\u00e9rcoles el Fondo de la ONU para la Infancia (Unicef).<\/p>\n<p><strong>El cargamento de 360.000 dosis lleg\u00f3 a Ad\u00e9n, la capital provisional del Gobierno reconocido por la comunidad internacional, y forma parte del total de \u00ab1,9 millones de dosis que Yemen tendr\u00eda que recibir en 2021\u00bb<\/strong>, indic\u00f3 Unicef en un comunicado recogido por la agencia de noticias AFP.<\/p>\n<p><strong>El cargamento lleg\u00f3 acompa\u00f1ado de 1,3 millones de jeringas,<\/strong> indic\u00f3 la fuente.<\/p>\n<blockquote readability=\"8\">\n<p>El dispositivo Covax, puesto en marcha por la Organizaci\u00f3n Mundial de la Salud (OMS), busca garantizar el acceso a las vacunas anticovid en los pa\u00edses con menos recursos.<span class=\"comilla\">\u201d<\/span><\/p>\n<\/blockquote>\n<p>\u00abLa llegada de las vacunas contra la Covid-19 se produce en un momento cr\u00edtico para Yemen\u00bb, dijo Philippe Duamelle, representante de Unicef en el pa\u00eds, citado en un comunicado de prensa.<\/p>\n<p><strong>\u00abEste env\u00edo representa un paso importante en la lucha contra la Covid-19 en Yemen\u00bb,<\/strong> agreg\u00f3 Adham Ismail, representante de la OMS, asociado al mecanismo Covax.<\/p>\n<p>El portavoz del Comit\u00e9 Supremo de Emergencias, Ichraq Sibai, responsable de combatir la pandemia, salud\u00f3 la llegada del cargamento.<\/p>\n<p>\u00abLlega en el momento adecuado, ya que hemos alcanzado el pico de una segunda ola caracterizada por la r\u00e1pida propagaci\u00f3n de la pandemia\u00bb, manifest\u00f3.&nbsp;<\/p>\n<p>Los trabajadores de la salud, los ancianos o los que padecen enfermedades cr\u00f3nicas ser\u00e1n vacunados prioritariamente en las provincias bajo control gubernamental.<\/p>\n<p><strong>La llegada de estas dosis a Yemen coincide con datos divulgados por ONG como M\u00e9dicos Sin Fronteras (MSF) sobre una r\u00e1pida propagaci\u00f3n del coronavirus en el pa\u00eds.<\/strong><\/p>\n<div class=\"image\" id=\"image\" readability=\"10\"> <img src=\"http:\/\/nuevacordoba.net\/wp-content\/uploads\/2021\/03\/yemen-devastado-por-la-guerra-y-la-pobreza-recibe-sus-primeras-vacunas-anticovid-1.jpg\" alt=\"El pa\u00eds, de 30 millones de habitantes, contabiliz\u00f3 oficialmente 863 muertes por coronavirus y un total de 4.115 contagios\" title=\"El pa\u00eds, de 30 millones de habitantes, contabiliz\u00f3 oficialmente 863 muertes por coronavirus y un total de 4.115 contagios\"><\/p>\n<p>El pa\u00eds, de 30 millones de habitantes, contabiliz\u00f3 oficialmente 863 muertes por coronavirus y un total de 4.115 contagios<\/p>\n<\/div>\n<p>\u00abMSF ha registrado un aumento en el n\u00famero de enfermos de Covid-19 que necesitan ser hospitalizados en Ad\u00e9n y en numerosas regiones del pa\u00eds\u00bb, public\u00f3 el s\u00e1bado pasado la ONG en su cuenta de Twitter, calificando la situaci\u00f3n de \u00abalarmante\u00bb.<\/p>\n<p><strong>\u00abEl fuerte aumento de casos de Covid-19 en las \u00faltimas semanas es extremadamente alarmante y preocupante\u00bb,<\/strong> subray\u00f3 Raphael Veicht, jefe de misi\u00f3n de MSF en Yemen, en un comunicado.<\/p>\n<p>\u00abDesgraciadamente, muchos pacientes llegan ya en un estado cr\u00edtico\u00bb, lament\u00f3 Line Lootens, coordinadora m\u00e9dica de MSF en Yemen, y es dif\u00edcil t\u00e9cnicamente hacerse cargo de ellos porque \u00abnecesitan muchos cuidados\u00bb.<\/p>\n<p>La capacidad de Yemen de tratar a las personas que est\u00e1n en cuidados intensivos es \u00ablimitada\u00bb porque <strong>el sistema de salud se vio muy afectado por la guerra.<\/strong><\/p>\n<p>Desde hace seis a\u00f1os un grave conflicto enfrenta al Gobierno, apoyado por una coalici\u00f3n dirigida por Arabia Saudita, contra los rebeldes hut\u00edes, apoyados por Ir\u00e1n.<\/p>\n<p>Esta guerra ha sumido al pa\u00eds en la peor crisis humanitaria que se registra en estos momentos en el mundo, seg\u00fan la ONU.<\/p>\n<p>El Comit\u00e9 Nacional Supremo de Emergencias pidi\u00f3 ayer al Gobierno que declare un \u00abestado de emergencia sanitaria\u00bb e imponga un \u00abtoque de queda parcial\u00bb ante una \u00absegunda ola\u00bb de la pandemia.<\/p>\n<p><strong>El pa\u00eds, de 30 millones de habitantes, contabiliz\u00f3 oficialmente 863 muertes por coronavirus y un total de 4.115 contagios.<\/strong><\/p>\n<p>Yemen registra un centenar de nuevos casos diarios de coronavirus, pero estas cifras oficiales est\u00e1n muy por debajo de las reales, seg\u00fan los expertos, ya que se hacen muy pocos test de diagn\u00f3stico. <\/p>\n","protected":false},"excerpt":{"rendered":"<p>\u00abLa llegada de las vacunas contra la Covid-19 se produce en un momento cr\u00edtico para Yemen\u00bb, dijo Philippe Duamelle, representante de Unicef en el pa\u00eds Yemen, pa\u00eds devastado por la guerra y escenario de una grav\u00edsima crisis humanitaria, recibi\u00f3 el primer lote de 360.000 dosis de vacunas de AstraZeneca contra el coronavirus, gracias al dispositivo [&hellip;]<\/p>\n","protected":false},"author":1,"featured_media":2672,"comment_status":"closed","ping_status":"closed","sticky":false,"template":"","format":"standard","meta":[],"categories":[13],"tags":[],"_links":{"self":[{"href":"http:\/\/nuevacordoba.net\/index.php\/wp-json\/wp\/v2\/posts\/2671"}],"collection":[{"href":"http:\/\/nuevacordoba.net\/index.php\/wp-json\/wp\/v2\/posts"}],"about":[{"href":"http:\/\/nuevacordoba.net\/index.php\/wp-json\/wp\/v2\/types\/post"}],"author":[{"embeddable":true,"href":"http:\/\/nuevacordoba.net\/index.php\/wp-json\/wp\/v2\/users\/1"}],"replies":[{"embeddable":true,"href":"http:\/\/nuevacordoba.net\/index.php\/wp-json\/wp\/v2\/comments?post=2671"}],"version-history":[{"count":0,"href":"http:\/\/nuevacordoba.net\/index.php\/wp-json\/wp\/v2\/posts\/2671\/revisions"}],"wp:featuredmedia":[{"embeddable":true,"href":"http:\/\/nuevacordoba.net\/index.php\/wp-json\/wp\/v2\/media\/2672"}],"wp:attachment":[{"href":"http:\/\/nuevacordoba.net\/index.php\/wp-json\/wp\/v2\/media?parent=2671"}],"wp:term":[{"taxonomy":"category","embeddable":true,"href":"http:\/\/nuevacordoba.net\/index.php\/wp-json\/wp\/v2\/categories?post=2671"},{"taxonomy":"post_tag","embeddable":true,"href":"http:\/\/nuevacordoba.net\/index.php\/wp-json\/wp\/v2\/tags?post=2671"}],"curies":[{"name":"wp","href":"https:\/\/api.w.org\/{rel}","templated":true}]}}