{"id":26715,"date":"2022-11-27T07:05:30","date_gmt":"2022-11-27T07:05:30","guid":{"rendered":"http:\/\/nuevacordoba.net\/index.php\/2022\/11\/27\/desde-brasil-y-desde-los-escenarios-del-mundo-el-trio-de-andre-mehmari-debuta-en-el-pais\/"},"modified":"2022-11-27T07:05:30","modified_gmt":"2022-11-27T07:05:30","slug":"desde-brasil-y-desde-los-escenarios-del-mundo-el-trio-de-andre-mehmari-debuta-en-el-pais","status":"publish","type":"post","link":"http:\/\/nuevacordoba.net\/index.php\/2022\/11\/27\/desde-brasil-y-desde-los-escenarios-del-mundo-el-trio-de-andre-mehmari-debuta-en-el-pais\/","title":{"rendered":"Desde Brasil y desde los escenarios del mundo, el tr\u00edo de Andr\u00e9 Mehmari debuta en el pa\u00eds"},"content":{"rendered":"<figure class=\"mb-3\"><img loading=\"lazy\" src=\"http:\/\/nuevacordoba.net\/wp-content\/uploads\/2022\/11\/desde-brasil-y-desde-los-escenarios-del-mundo-el-trio-de-andre-mehmari-debuta-en-el-pais.jpg\" width=\"100%\" height=\"100%\" alt=\"El pianista traer por primera vez al pas a sus compaeros Neymar Dias bajo elctrico y acstico y viola caipira y Srgio Reze batera un tro con su nombre conformado en 2019\"><figcaption> El pianista traer\u00e1 por primera vez al pa\u00eds a sus compa\u00f1eros Neymar Dias (bajo el\u00e9ctrico y ac\u00fastico y viola caipira) y S\u00e9rgio Reze (bater\u00eda), un tr\u00edo con su nombre conformado en 2019. <\/figcaption><\/figure>\n<p>El pianista y compositor carioca Andr\u00e9 Mehmari, quien encontr\u00f3 en el jazz la manera de hacer equilibrio entre la m\u00fasica culta y la popular, traer\u00e1 por primera vez a la Argentina su terceto con el que acaba de grabar <strong>un tributo a Milton Nascimento y a sus colegas del movimiento Clube da Esquina.<\/strong><\/p>\n<p>\u00abMilton Nascimento representa lo mejor que la sociedad mestiza brasile\u00f1a ha producido como cultura. Su adi\u00f3s a los escenarios se concret\u00f3 por la avanzada edad del maestro, pero <strong>su m\u00fasica nos acompa\u00f1a todos los d\u00edas y ha sido siempre un punto de referencia para m\u00ed<\/strong> como artista y como ser humano\u00bb, resalta Mehmari durante una entrevista con T\u00e9lam.<\/p>\n<p>La fascinaci\u00f3n del m\u00fasico por su colega quien a mediados de noviembre se despidi\u00f3 de los escenarios con una larga gira que culmin\u00f3 en Belo Horizonte, lo llev\u00f3 a visitar un per\u00edodo fecundo de su vida art\u00edstica en los principios de la d\u00e9cada del 70.<\/p>\n<blockquote class><p>\u00abMilton Nascimento representa lo mejor que la sociedad mestiza brasile\u00f1a ha producido como cultura\u00bb<cite class=\"author\">Andr\u00e9 Mehmari<\/cite><\/p><\/blockquote>\n<p>Aquel colectivo sonoro reunido en Clube da Esquina reuni\u00f3 a Nascimento con L\u00f3 Borges, Ney Matogrosso, Mar\u00eda Gad\u00fa, Seu Jorge, Iza, Criolo y Samuel Rosa, entre m\u00e1s, pero para Mehari all\u00ed hubo \u00abmucho m\u00e1s que un movimiento puramente musical\u00bb.<\/p>\n<p>\u00abEl Clube da Esquina -lo describe- fue un encuentro de corrientes de pensamiento, desde el jazz hasta el folclore, desde lo sagrado y lo profano, desde los Beatles hasta la Bossa Nova, todo milagrosamente fusionado en la divina voz de Milton que agrega e amplifica a todo. Y para m\u00ed la palabra que me viene a la mente por todo aquello es \u00a1humanismo!\u00bb.<\/p>\n<p>En esa veta sensible, el int\u00e9rprete a\u00f1ade que \u00abla m\u00fasica del Clube ha sido parte de mi vida desde la infancia y <strong>revisarla y visitarla siempre es emocionante y me conecta con mis ra\u00edces m\u00e1s profundas\u00bb.<\/strong><\/p>\n<p>Pero adem\u00e1s de las recreaciones del cancionero de Clube da Esquina como fruto del proyecto \u00abNa Esquina do Clube com o Sol na Cabe\u00e7a\u00bb (2017), el pianista traer\u00e1 por primera vez al pa\u00eds a sus compa\u00f1eros Neymar Dias (bajo el\u00e9ctrico y ac\u00fastico y viola caipira) y S\u00e9rgio Reze (bater\u00eda), un tr\u00edo con su nombre conformado en 2019.<\/p>\n<p>La agrupaci\u00f3n jazzera ofrecer\u00e1 tres recitales (el viernes 2 de diciembre a las 20 y s\u00e1bado 3 a las 20 y 22.30), en Bebop Club, Uriarte 1658, del barrio porte\u00f1o de Palermo.<\/p>\n<blockquote class><p>La agrupaci\u00f3n jazzera ofrecer\u00e1 tres recitales en Bebop Club: el viernes 2 de diciembre a las 20 y s\u00e1bado 3 a las 20 y 22.30.<\/p><\/blockquote>\n<p>Las funciones permitir\u00e1n reencontrar a un artista de 45 a\u00f1os que supo tocar y grabar en el pa\u00eds el disco \u00abSerprentina\u00bb -junto a Juan Quintero y Carlos \u00abNegro\u00bb Aguirre, quienes casualmente y hacia mediados de la semana publicar\u00e1n el \u00e1lbum compartido \u00abAbrazo (en vivo)\u00bb-.<\/p>\n<p><strong>El camino de Mehmari, adem\u00e1s, consta de medio centenar de registros<\/strong>, colaboraciones con Antonio Meneses, M\u00e1rio Laginha, Gabriele Mirabassi, Danilo Brito, Maria Jo\u00e3o, Hamilton of Holland, N\u00e1 Ozzetti, Mar\u00eda Bethania, la Filarm\u00f3nica de Minas Gerais, el Quinteto Villa-Lobos y M\u00f3nica Salmaso, entre m\u00e1s, y actuaciones en Italia, Estados Unidos, Jap\u00f3n, China, Canad\u00e1 y pa\u00edses de Latinoam\u00e9rica y Europa.<\/p>\n<p>Sobre escenarios como Salle Gaveau (Paris), Kennedy Center (Washington), Lincoln Center (Nueva York), Umbria Jazz, Sala S\u00e3o Paulo, Carnegie Hall (donde acaba de estrenar una obra orquestal junto a instrumentistas locales) y Sala Cecilia Meirelles, por citar apenas algunos, plasm\u00f3 diversos repertorios del jazz a la m\u00fasica culta (como su segunda \u00f3pera \u00abEl Machete\u00bb, que estrenar\u00e1 en 2023), pasando por los g\u00e9neros populares.<\/p>\n<div class=\"video_repositive\"> <a class=\"video_sticky\" href=\"javascript:void();\" onclick=\"removeStuckVideo(true);\"><i class=\"far fa-window-close\"><\/i><\/a> <\/p>\n<div id=\"PX1_ShFRFow\" class=\"video_telam\" readability=\"6\">\n<div class=\"feature_article_inner\" readability=\"32\">\n<p><h2 class=\"text-center\">CLUBE DA ESQUINA I &#8211; SOLO DE ANDR\u00c9 MEHMARI<\/h2>\n<\/p><\/div>\n<p>VER VIDEO <i class=\"fas fa-play\"><\/i><\/p>\n<\/p><\/div><\/div>\n<p><strong>-\u00bfPor qu\u00e9 elegiste este formato de tr\u00edo de jazz para tocar aquellas m\u00fasicas del Clube da Esquina?<\/strong><br \/>-Empezamos con un tr\u00edo tradicional de piano, contrabajo y bater\u00eda, pero nuestra paleta sonora es mucho m\u00e1s amplia mediante el uso de instrumentos complementarios como sintetizadores y viola caipira. La formaci\u00f3n es cl\u00e1sica pero el enfoque es muy nuestro. El reto era transmitir todos los colores del Clube sin recurrir al canto, en un lenguaje puramente instrumental.<\/p>\n<p><strong>-\u00bfC\u00f3mo se inscribe el tr\u00edo que compart\u00eds con Neymar Dias y S\u00e9rgio Reze en la escena musical brasile\u00f1a actual?<\/strong><br \/>-S\u00e9rgio es quiz\u00e1s el compa\u00f1ero musical m\u00e1s antiguo y constante que tengo. Son 25 a\u00f1os de grabaciones, de conciertos. Con Neymar tambi\u00e9n tengo una gran afinidad musical y en este tr\u00edo tengo la dicha de tener c\u00f3mplices perfectos, ideales para mis expediciones sonoras.<\/p>\n<p>Los dos son muy activos en una amplia variedad de proyectos y nuestro tr\u00edo ha tenido la oportunidad de actuar en muchos lugares del mundo por contar con una formaci\u00f3n tradicional pero con un sonido y una concepci\u00f3n muy poco tradicional, debido a la manera abierta en la que cada m\u00fasico ve su instrumento.<\/p>\n<p><strong>-\u00bfCon qu\u00e9 expectativas volv\u00e9s a tocar en Argentina?<\/strong><br \/>-Para m\u00ed personalmente, siempre ha sido una gran alegr\u00eda tocar en Argentina, por la pasi\u00f3n que tengo por su m\u00fasica y su cultura. Tambi\u00e9n una oportunidad de ver tantos queridos amigos y visitar Buenos Aires, una ciudad que amo. En este caso especial tambi\u00e9n ser\u00e1 el debut del tr\u00edo en el pa\u00eds y tengo muchas ganas de compartir nuestro trabajo con el p\u00fablico de Buenos Aires.<\/p>\n<p><strong>-\u00bfTen\u00e9s intenciones de relacionarte nuevamente con artistas locales para nuevos proyectos compartidos?<\/strong><br \/>-\u00a1Claro! \u00abSerpentina\u00bb es uno de mis discos favoritos y tengo sue\u00f1os de trabajar mucho m\u00e1s con estos colegas tan admirados, adem\u00e1s de mi deseo de plasmar un proyecto solo con m\u00fasicos argentinos en mi estudio Monteverdi. Adem\u00e1s, recientemente hice un hermoso proyecto con Banda A Saidera, traduciendo la magn\u00edfica obra de Astor Piazzolla a un idioma brasile\u00f1o, con mucho respeto y cuidado. Me encantar\u00eda traer este proyecto a Argentina, pero hay muchos desaf\u00edos y los tiempos no son f\u00e1ciles. <\/p>\n","protected":false},"excerpt":{"rendered":"<p>El pianista traer\u00e1 por primera vez al pa\u00eds a sus compa\u00f1eros Neymar Dias (bajo el\u00e9ctrico y ac\u00fastico y viola caipira) y S\u00e9rgio Reze (bater\u00eda), un tr\u00edo con su nombre conformado en 2019. El pianista y compositor carioca Andr\u00e9 Mehmari, quien encontr\u00f3 en el jazz la manera de hacer equilibrio entre la m\u00fasica culta y la [&hellip;]<\/p>\n","protected":false},"author":1,"featured_media":26716,"comment_status":"closed","ping_status":"closed","sticky":false,"template":"","format":"standard","meta":[],"categories":[9],"tags":[],"_links":{"self":[{"href":"http:\/\/nuevacordoba.net\/index.php\/wp-json\/wp\/v2\/posts\/26715"}],"collection":[{"href":"http:\/\/nuevacordoba.net\/index.php\/wp-json\/wp\/v2\/posts"}],"about":[{"href":"http:\/\/nuevacordoba.net\/index.php\/wp-json\/wp\/v2\/types\/post"}],"author":[{"embeddable":true,"href":"http:\/\/nuevacordoba.net\/index.php\/wp-json\/wp\/v2\/users\/1"}],"replies":[{"embeddable":true,"href":"http:\/\/nuevacordoba.net\/index.php\/wp-json\/wp\/v2\/comments?post=26715"}],"version-history":[{"count":0,"href":"http:\/\/nuevacordoba.net\/index.php\/wp-json\/wp\/v2\/posts\/26715\/revisions"}],"wp:featuredmedia":[{"embeddable":true,"href":"http:\/\/nuevacordoba.net\/index.php\/wp-json\/wp\/v2\/media\/26716"}],"wp:attachment":[{"href":"http:\/\/nuevacordoba.net\/index.php\/wp-json\/wp\/v2\/media?parent=26715"}],"wp:term":[{"taxonomy":"category","embeddable":true,"href":"http:\/\/nuevacordoba.net\/index.php\/wp-json\/wp\/v2\/categories?post=26715"},{"taxonomy":"post_tag","embeddable":true,"href":"http:\/\/nuevacordoba.net\/index.php\/wp-json\/wp\/v2\/tags?post=26715"}],"curies":[{"name":"wp","href":"https:\/\/api.w.org\/{rel}","templated":true}]}}