{"id":26717,"date":"2022-11-27T09:35:03","date_gmt":"2022-11-27T09:35:03","guid":{"rendered":"http:\/\/nuevacordoba.net\/index.php\/2022\/11\/27\/la-extrema-derecha-gobernara-israel-sin-la-paz-con-palestina-y-en-medio-de-mas-ataques\/"},"modified":"2022-11-27T09:35:03","modified_gmt":"2022-11-27T09:35:03","slug":"la-extrema-derecha-gobernara-israel-sin-la-paz-con-palestina-y-en-medio-de-mas-ataques","status":"publish","type":"post","link":"http:\/\/nuevacordoba.net\/index.php\/2022\/11\/27\/la-extrema-derecha-gobernara-israel-sin-la-paz-con-palestina-y-en-medio-de-mas-ataques\/","title":{"rendered":"La extrema derecha gobernar\u00e1 Israel sin la paz con Palestina y en medio de m\u00e1s ataques"},"content":{"rendered":"<figure class=\"mb-3\"><img loading=\"lazy\" src=\"http:\/\/nuevacordoba.net\/wp-content\/uploads\/2022\/11\/la-extrema-derecha-gobernara-israel-sin-la-paz-con-palestina-y-en-medio-de-mas-ataques.jpg\" width=\"100%\" height=\"100%\" alt=\"Jerusaln registr esta semana el primer atentado con bomba en seis aos en la recta final del ao de mayor violencia entre Israel y Palestina desde la Segunda Intifada Foto AFP\"><figcaption> Jerusal\u00e9n registr\u00f3 esta semana el primer atentado con bomba en seis a\u00f1os, en la recta final del a\u00f1o de mayor violencia entre Israel y Palestina desde la Segunda Intifada \/ Foto: AFP. <\/figcaption><\/figure>\n<p>Jerusal\u00e9n registr\u00f3 esta semana el primer atentado con bomba en seis a\u00f1os, en la recta final del a\u00f1o de mayor violencia entre Israel y Palestina desde la Segunda Intifada, seg\u00fan definieron especialistas en di\u00e1logo con T\u00e9lam, mientras el ex primer ministro Benjamin Netanyahu negocia los \u00faltimos detalles para formar gobierno con la alianza m\u00e1s de derecha desde la creaci\u00f3n del Estado jud\u00edo.<\/p>\n<p><a href=\"https:\/\/www.telam.com.ar\/notas\/202211\/611821-explosion-jerusalen-tension-israel-palestina.html\" target=\"_blank\" rel=\"noopener\">Dos explosiones mataron a una persona e hirieron a m\u00e1s de 20 el mi\u00e9rcoles<\/a>, en lo que fueron los primeros ataques con bombas contra civiles israel\u00edes despu\u00e9s de seis a\u00f1os sin atentados en Jerusal\u00e9n, la disputada ciudad en el centro del conflicto israel\u00ed-palestino.<\/p>\n<p>A la vez, se producen en medio de lo que especialistas llaman el a\u00f1o con mayor violencia de los \u00faltimos tiempos y a la espera de que Netanyahu, vencedor en las elecciones del 1 de noviembre, forme el Gobierno de Israel, y que, seg\u00fan anticipan, ser\u00e1 el m\u00e1s opuesto a descolonizar Palestina.<\/p>\n<p>Los estallidos coinciden con<strong> fuertes tensiones luego de meses de incursiones de Israel en Cisjordania<\/strong> y de ataques contra israel\u00edes que mataron a 19 personas solo entre marzo y mayo.<\/p>\n<p>Esos ataques llevaron al ej\u00e9rcito israel\u00ed a intensificar su presencia en territorio palestino -en el marco de su ocupaci\u00f3n de Cisjordania y el bloqueo de la Franja de Gaza, que ya lleva 55 a\u00f1os- por lo que las muertes palestinas superaron este a\u00f1o las 120.<\/p>\n<figure class=\"mb-3\"><img loading=\"lazy\" src=\"http:\/\/nuevacordoba.net\/wp-content\/uploads\/2022\/11\/la-extrema-derecha-gobernara-israel-sin-la-paz-con-palestina-y-en-medio-de-mas-ataques-1.jpg\" width=\"100%\" height=\"100%\" alt=\"Ataque israel a la Franja de Gaza Foto AFP\"><figcaption> Ataque israel\u00ed a la Franja de Gaza \/ Foto: AFP. <\/figcaption><\/figure>\n<p>La vocera de la organizaci\u00f3n de derechos humanos israel\u00ed B&#8217;Tselem, Dror Safotl, precis\u00f3 a T\u00e9lam que \u00abhasta el 8 de noviembre, el n\u00famero de palestinos muertos en 2022 por las fuerzas militares y policiales israel\u00edes en Cisjordania, incluido Jerusal\u00e9n Este, es de 121\u00bb, n\u00famero que coincide con el de la ONU.<\/p>\n<p>La cifra, explic\u00f3 Safotl, representa \u00abel mayor n\u00famero de v\u00edctimas desde 2006, en el que murieron 134 personas\u00bb en esos territorios (sin contar la Franja de Gaza, donde B&#8217;Tselem registr\u00f3 m\u00e1s de 400).<\/p>\n<p>Ese a\u00f1o fue el siguiente al fin de la Segunda Intifada que, sin embargo, registr\u00f3 coletazos importantes de violencia por el quiebre del cese al fuego por parte de Ham\u00e1s.<\/p>\n<blockquote class><p>\u00abEs el a\u00f1o m\u00e1s violento desde 2015 y puede llevar a una nueva Intifada. Que dos bombas explotaran en el mismo tiempo en Jerusal\u00e9n indica que hay una organizaci\u00f3n seria que planea causar desorden y oponerse a la ocupaci\u00f3n\u00bb<cite class=\"author\">Salim Brake,&nbsp;polit\u00f3logo israel\u00ed<\/cite><\/p><\/blockquote>\n<p>El polit\u00f3logo especializado en Medio Oriente, Juli\u00e1n Aguirre, tambi\u00e9n se remiti\u00f3 a la Segunda Intifada para ubicar all\u00ed el nacimiento de una generaci\u00f3n que hoy vive una \u00abdoble crisis\u00bb y que son \u00abhijos de una enorme desilusi\u00f3n\u00bb.<\/p>\n<p>\u00abHay una crisis de desesperanza respecto a llegar a una v\u00eda negociada del conflicto por el curso que han tomado estos 20 a\u00f1os; por las expectativas truncas que dej\u00f3 la Conferencia de Madrid y los Acuerdos de Oslo, y por la diseminaci\u00f3n de la violencia\u00bb, dijo a T\u00e9lam.<\/p>\n<p>Como segundo elemento, consider\u00f3 que \u00abhay una crisis de legitimidad de los canales institucionales para representar las demandas, tanto de capacidad de la Autoridad Nacional Palestina (ANP) como de la propia pol\u00edtica de Estado israel\u00ed\u00bb.<\/p>\n<p>En tanto, el polit\u00f3logo israel\u00ed Salim Brake compar\u00f3 el contexto de violencia actual con un per\u00edodo m\u00e1s reciente y advirti\u00f3 que puede ser el preludio de una nueva escalada.<\/p>\n<p>\u00abEs el a\u00f1o m\u00e1s violento desde 2015 y puede llevar a una nueva Intifada. Que dos bombas explotaran en el mismo tiempo en Jerusal\u00e9n indica que hay una organizaci\u00f3n seria que planea causar desorden y oponerse a la ocupaci\u00f3n\u00bb, dijo a T\u00e9lam.<\/p>\n<p>La Polic\u00eda israel\u00ed anticip\u00f3 su <strong>hip\u00f3tesis de que los atentados fueron cometidos por alguna organizaci\u00f3n<\/strong>, lo que supone un cambio respecto a otros ataques \u00absolitarios\u00bb recientes en la \u00abciudad santa\u00bb.<\/p>\n<h2 class>El acuerdo de coalici\u00f3n entre&nbsp;Netanyahu y&nbsp;Ben-Gvir<\/h2>\n<p>Las explosiones sucedieron cuando Netanyahu manten\u00eda conversaciones postelectorales. Su partido, el Likud, y el ultraderechista Otzma Yehudi (Poder Jud\u00edo), dirigido por el l\u00edder colono de extrema derecha Itamar Ben-Gvir firmaron el viernes un acuerdo de coalici\u00f3n para formar gobierno y que otorga a este \u00faltimo el Ministerio de Seguridad Nacional con poderes ampliados.<\/p>\n<p>Ben-Gvir -quien tiene causas penales por racismo y colg\u00f3 en su casa un retrato de un extremista israel\u00ed que mat\u00f3 a 29 palestinos en 1994- pidi\u00f3 volver a \u00ablos asesinatos selectivos\u00bb para combatir el terrorismo luego del atentado en Jerusal\u00e9n.<\/p>\n<p>Safotl dijo que \u00abno hay que normalizar el hecho de que las fuerzas racistas estar\u00e1n en posiciones clave en la mesa del gobierno israel\u00ed\u00bb, aun cuando \u00abla ocupaci\u00f3n y las violaciones a los derechos humanos existen desde mucho antes\u00bb.<\/p>\n<p>Con la coalici\u00f3n liderada por \u00abBibi\u00bb, como se lo conoce a Netanyahu, \u00abcabe esperar m\u00e1s violencia y desplazamientos y que se profundice el r\u00e9gimen de apartheid\u00bb, vaticin\u00f3 la vocera de la organizaci\u00f3n B&#8217;Tselem, que public\u00f3 los primeros videos que contradec\u00edan la versi\u00f3n del gobierno israel\u00ed del asesinato de la periodista palestino-estadounidense Shireen Abu Akleh en mayo.<\/p>\n<p>\u00abLa ocupaci\u00f3n se ha agravado tanto porque no hay un proceso de paz ni esperanza de un futuro mejor para los palestinos; porque los colonos se vuelven m\u00e1s violentos y son apoyados por el gobierno; y porque la ANP se ha debilitado y depende m\u00e1s de Israel\u00bb, estim\u00f3 Brake.<\/p>\n<blockquote class><p>\u00abLa coalici\u00f3n que se avecina es la m\u00e1s racista, derechista y odiadora de los \u00e1rabes que se ha establecido en Israel\u00bb<cite class=\"author\">Salim Brake,&nbsp;polit\u00f3logo israel\u00ed<\/cite><\/p><\/blockquote>\n<p>La normalizaci\u00f3n que han logrado los partidos de ultraderecha religiosa en la pol\u00edtica israel\u00ed traza una l\u00ednea de continuidad hist\u00f3rica con quienes reivindicaron el magnicidio del expremier Yitzhak Rabin, a quien Ben-Gvir amenaz\u00f3 p\u00fablicamente.<\/p>\n<p>\u00abQuienes le desearon la muerte pol\u00edtica y f\u00edsica a Rabin por el &#8216;crimen&#8217; de hacer la paz, que antes eran marginales, hoy son recompensados electoralmente. Responde a una inercia porque las colonias nunca dejaron de extenderse\u00bb, dijo Aguirre.<\/p>\n<p>Y agreg\u00f3 que Ben-Gvir es parte de los \u00abmovimientos que emergen de las colonias israel\u00edes\u00bb y representan \u00abuna extrema derecha que conjuga un nacionalismo chovinista muy beligerante, que hace gala de la violencia, con fundamentalismo religioso\u00bb.<\/p>\n<figure class=\"mb-3\"><img loading=\"lazy\" src=\"http:\/\/nuevacordoba.net\/wp-content\/uploads\/2022\/11\/la-extrema-derecha-gobernara-israel-sin-la-paz-con-palestina-y-en-medio-de-mas-ataques-2.jpg\" width=\"100%\" height=\"100%\" alt=\"Con la coalicin liderada por Bibi como se lo conoce a Netanyahu cabe esperar ms violencia y desplazamientos\"><figcaption> Con la coalici\u00f3n liderada por \u00abBibi\u00bb, como se lo conoce a Netanyahu, \u00abcabe esperar m\u00e1s violencia y desplazamientos\u00bb. <\/figcaption><\/figure>\n<p>Para Brake, <strong>\u00abla coalici\u00f3n que se avecina es la m\u00e1s racista, derechista y odiadora de los \u00e1rabes que se ha establecido en Israel\u00bb<\/strong>, ya que \u00abquiere &#8216;resolver&#8217; el conflicto palestino por la fuerza; afirma que no existe un pueblo palestino y que Cisjordania es parte de la tierra prometida solo para el pueblo jud\u00edo y los \u00e1rabes, incluso los que viven en Israel, deben ser enviados a Estados \u00e1rabes vecinos\u00bb.<\/p>\n<p>Las \u00faltimas elecciones, quintas desde 2019, excluyeron del Parlamento israel\u00ed (Knesset) de los partidos de centro-izquierda como Meretz y llevaron a que el Partido Laborista tenga un m\u00ednimo hist\u00f3rico de cuatro bancas.<\/p>\n<p><strong>\u00abLa oposici\u00f3n ser\u00e1 d\u00e9bil y poco coherente, as\u00ed que el gobierno podr\u00e1 actuar sin temor\u00bb<\/strong>, sintetiz\u00f3 Brake.<\/p>\n<p>En tanto, Aguirre consider\u00f3 que ese resultado \u00abdeja un sistema pol\u00edtico sin contrapesos\u00bb.<\/p>\n<blockquote class><p>Estados Unidos y Europa apoyan a Israel y solo declaran que quieren la soluci\u00f3n de dos Estados\u00bb<cite class=\"author\">Salim Brake, polit\u00f3logo israel\u00ed<\/cite><\/p><\/blockquote>\n<p>La falta de <strong>presi\u00f3n internacional <\/strong>es otro factor mencionado por los especialistas.<\/p>\n<p>\u00abIsrael pueda hacer lo que quiera sin que haya reacci\u00f3n internacional. Estados Unidos y Europa apoyan a Israel y solo declaran que quieren la soluci\u00f3n de dos Estados\u00bb, dijo Brake.<\/p>\n<p>Para Aguirre, los palestinos recibieron un \u00abgolpe moral\u00bb con el reconocimiento por parte de EEUU de toda Jerusal\u00e9n como capital de Israel y con la firma de los Acuerdos de Abraham que normaliz\u00f3 las relaciones de israel\u00edes con Bahr\u00e9in y Emiratos \u00c1rabes Unidos, y que abre paso a que otros Estados \u00e1rabes los imiten. <\/p>\n","protected":false},"excerpt":{"rendered":"<p>Jerusal\u00e9n registr\u00f3 esta semana el primer atentado con bomba en seis a\u00f1os, en la recta final del a\u00f1o de mayor violencia entre Israel y Palestina desde la Segunda Intifada \/ Foto: AFP. Jerusal\u00e9n registr\u00f3 esta semana el primer atentado con bomba en seis a\u00f1os, en la recta final del a\u00f1o de mayor violencia entre Israel [&hellip;]<\/p>\n","protected":false},"author":1,"featured_media":26718,"comment_status":"closed","ping_status":"closed","sticky":false,"template":"","format":"standard","meta":[],"categories":[13],"tags":[],"_links":{"self":[{"href":"http:\/\/nuevacordoba.net\/index.php\/wp-json\/wp\/v2\/posts\/26717"}],"collection":[{"href":"http:\/\/nuevacordoba.net\/index.php\/wp-json\/wp\/v2\/posts"}],"about":[{"href":"http:\/\/nuevacordoba.net\/index.php\/wp-json\/wp\/v2\/types\/post"}],"author":[{"embeddable":true,"href":"http:\/\/nuevacordoba.net\/index.php\/wp-json\/wp\/v2\/users\/1"}],"replies":[{"embeddable":true,"href":"http:\/\/nuevacordoba.net\/index.php\/wp-json\/wp\/v2\/comments?post=26717"}],"version-history":[{"count":0,"href":"http:\/\/nuevacordoba.net\/index.php\/wp-json\/wp\/v2\/posts\/26717\/revisions"}],"wp:featuredmedia":[{"embeddable":true,"href":"http:\/\/nuevacordoba.net\/index.php\/wp-json\/wp\/v2\/media\/26718"}],"wp:attachment":[{"href":"http:\/\/nuevacordoba.net\/index.php\/wp-json\/wp\/v2\/media?parent=26717"}],"wp:term":[{"taxonomy":"category","embeddable":true,"href":"http:\/\/nuevacordoba.net\/index.php\/wp-json\/wp\/v2\/categories?post=26717"},{"taxonomy":"post_tag","embeddable":true,"href":"http:\/\/nuevacordoba.net\/index.php\/wp-json\/wp\/v2\/tags?post=26717"}],"curies":[{"name":"wp","href":"https:\/\/api.w.org\/{rel}","templated":true}]}}