{"id":26725,"date":"2022-11-27T17:42:11","date_gmt":"2022-11-27T17:42:11","guid":{"rendered":"https:\/\/prensa.cba.gov.ar\/?p=527616"},"modified":"2022-11-27T17:42:11","modified_gmt":"2022-11-27T17:42:11","slug":"la-provincia-asiste-a-los-damnificados-por-los-incendios-en-traslasierra","status":"publish","type":"post","link":"http:\/\/nuevacordoba.net\/index.php\/2022\/11\/27\/la-provincia-asiste-a-los-damnificados-por-los-incendios-en-traslasierra\/","title":{"rendered":"La Provincia asiste a los damnificados por los incendios en Traslasierra"},"content":{"rendered":"<div><img src=\"http:\/\/nuevacordoba.net\/wp-content\/uploads\/2022\/11\/la-provincia-asiste-a-los-damnificados-por-los-incendios-en-traslasierra.jpg\" class=\"ff-og-image-inserted\"><\/div>\n<ul>\n<li><strong>La cartera agropecuaria mantuvo una reuni\u00f3n con autoridades locales, y realiza relevamiento para atender las demandas.&nbsp;<\/strong><\/li>\n<li><strong>Por su parte, el Ministerio de Desarrollo Social activ\u00f3 el Fondo Permanente para Atenci\u00f3n de Situaciones de Desastre<\/strong>.<\/li>\n<li><strong>Adem\u00e1s, el Ministerio de Gobierno destin\u00f3 ayudas econ\u00f3micas del Tesoro Provincial a los municipios de San Jer\u00f3nimo, Salsacate y Tala Ca\u00f1ada.<\/strong><\/li>\n<\/ul>\n<p>El gobierno de la provincia de C\u00f3rdoba, en su diversas \u00e1reas, asiste y acompa\u00f1a a los afectados por los incendios en Ambul, departamento San Alberto.<\/p>\n<p>El Ministerio de Agricultura y Ganader\u00eda, a trav\u00e9s del director de Agencias Zonales y Desarrollo Territorial, Germ\u00e1n Font, se reuni\u00f3 este domingo con autoridades de las Sociedades Rurales del Arco Noroeste, intendentes y presidentes comunales, legisladores y vecinos para realizar un relevamiento de la situaci\u00f3n a fin de dar respuesta a las necesidades.&nbsp;<\/p>\n<p>En ese marco, se realizar\u00e1n las acciones de remediaci\u00f3n necesarias y se evaluar\u00e1 la declaraci\u00f3n de emergencia agropecuaria por incendios.&nbsp;<\/p>\n<p>Asimismo, el jueves est\u00e1 prevista una reuni\u00f3n en Villa Cura Brochero para evaluar, junto con otras \u00e1reas del Gobierno de C\u00f3rdoba, acciones para trabajar en una agenda com\u00fan y articular las ayudas necesarias.&nbsp;<\/p>\n<p>Por otro lado, el Ministerio de Desarrollo Social est\u00e1 en permanente contacto con las autoridades de las zonas afectadas y por tal motivo se activ\u00f3 el Fondo Permanente para Atenci\u00f3n de Situaciones de Desastre. Dicho fondo prev\u00e9 subsidios destinados a la reparaci\u00f3n de da\u00f1os en bienes muebles e inmuebles ocasionados por eventos clim\u00e1ticos.<\/p>\n<p>Desde el Ministerio de Gobierno se enviaron ayudas econ\u00f3micas del Tesoro Provincial&nbsp;a los municipios de San Jer\u00f3nimo, Salsacate y Tala Ca\u00f1ada, para atender prioridades en el territorio.<\/p>\n<h3>Situaci\u00f3n de los incendios en la provincia<\/h3>\n<p>El&nbsp;secretario de Gesti\u00f3n de Riesgo Clim\u00e1tico, Cat\u00e1strofes y Protecci\u00f3n Civil provincial, Claudio Vignetta, inform\u00f3 que <em>\u00abel incendio de Las Palmas, originado en lo que es Alto del Durazno, podemos decir que est\u00e1 contenido sin focos activos y con guardias de cenizas. Jurisdicci\u00f3n de Salsacate\u00bb.<\/em><\/p>\n<p>Asimismo detall\u00f3 que <em>\u00aben el incendio de Ambul se est\u00e1 trabajando en tres cabezas de incendios que est\u00e1n al sur de la localidad, son tres focos activos donde se trabaja para contenerlos\u00bb.<\/em><\/p>\n<p>Adem\u00e1s, se\u00f1al\u00f3 que existe otro foco \u00edgneo en la zona de las sierras, al este de la localidad entre las quebradas que van hacia el paraje El Rinc\u00f3n y hacia el r\u00edo Panaholma.<\/p>\n<p><em>\u00abEstamos trabajando con personal de infante en el lugar. Con cinco aviones, tres de provincia y dos de Naci\u00f3n. Dos helic\u00f3pteros: uno de la provincia y uno de Naci\u00f3n\u00bb<\/em>, indic\u00f3 Vignetta.<\/p>\n<p>Adem\u00e1s, detall\u00f3 que se trabaja con 180 efectivos distribuidos estrat\u00e9gicamente en la zona de Ambul, Alto del Durazno y La Pampa..<\/p>\n<p>Por \u00faltimo, el funcionario inform\u00f3 que las condiciones del clima son desfavorables, por el viento norte y con la temperatura cercana a los 37 grados.<\/p>\n","protected":false},"excerpt":{"rendered":"<p>La cartera agropecuaria mantuvo una reuni\u00f3n con autoridades locales, y realiza relevamiento para atender las demandas.&nbsp; Por su parte, el Ministerio de Desarrollo Social activ\u00f3 el Fondo Permanente para Atenci\u00f3n de Situaciones de Desastre. Adem\u00e1s, el Ministerio de Gobierno destin\u00f3 ayudas econ\u00f3micas del Tesoro Provincial a los municipios de San Jer\u00f3nimo, Salsacate y Tala Ca\u00f1ada. [&hellip;]<\/p>\n","protected":false},"author":1,"featured_media":26726,"comment_status":"closed","ping_status":"closed","sticky":false,"template":"","format":"standard","meta":[],"categories":[14],"tags":[],"_links":{"self":[{"href":"http:\/\/nuevacordoba.net\/index.php\/wp-json\/wp\/v2\/posts\/26725"}],"collection":[{"href":"http:\/\/nuevacordoba.net\/index.php\/wp-json\/wp\/v2\/posts"}],"about":[{"href":"http:\/\/nuevacordoba.net\/index.php\/wp-json\/wp\/v2\/types\/post"}],"author":[{"embeddable":true,"href":"http:\/\/nuevacordoba.net\/index.php\/wp-json\/wp\/v2\/users\/1"}],"replies":[{"embeddable":true,"href":"http:\/\/nuevacordoba.net\/index.php\/wp-json\/wp\/v2\/comments?post=26725"}],"version-history":[{"count":0,"href":"http:\/\/nuevacordoba.net\/index.php\/wp-json\/wp\/v2\/posts\/26725\/revisions"}],"wp:featuredmedia":[{"embeddable":true,"href":"http:\/\/nuevacordoba.net\/index.php\/wp-json\/wp\/v2\/media\/26726"}],"wp:attachment":[{"href":"http:\/\/nuevacordoba.net\/index.php\/wp-json\/wp\/v2\/media?parent=26725"}],"wp:term":[{"taxonomy":"category","embeddable":true,"href":"http:\/\/nuevacordoba.net\/index.php\/wp-json\/wp\/v2\/categories?post=26725"},{"taxonomy":"post_tag","embeddable":true,"href":"http:\/\/nuevacordoba.net\/index.php\/wp-json\/wp\/v2\/tags?post=26725"}],"curies":[{"name":"wp","href":"https:\/\/api.w.org\/{rel}","templated":true}]}}