{"id":2675,"date":"2021-03-31T18:45:44","date_gmt":"2021-03-31T18:45:44","guid":{"rendered":"http:\/\/nuevacordoba.net\/index.php\/2021\/03\/31\/britney-spears-avergonzada-por-el-enfoque-del-documental-de-the-new-york-times\/"},"modified":"2021-03-31T18:45:44","modified_gmt":"2021-03-31T18:45:44","slug":"britney-spears-avergonzada-por-el-enfoque-del-documental-de-the-new-york-times","status":"publish","type":"post","link":"http:\/\/nuevacordoba.net\/index.php\/2021\/03\/31\/britney-spears-avergonzada-por-el-enfoque-del-documental-de-the-new-york-times\/","title":{"rendered":"Britney Spears, \u00abavergonzada\u00bb por el enfoque del documental de The New York Times"},"content":{"rendered":"<div class=\"image\" id=\"image\" readability=\"11\"> <img src=\"http:\/\/nuevacordoba.net\/wp-content\/uploads\/2021\/03\/britney-spears-avergonzada-por-el-enfoque-del-documental-de-the-new-york-times.jpg\" alt=\"&quot;No vi el documental, pero por lo que vi, me avergonz\u00f3 la luz en la que me pusieron&quot;, escribi\u00f3 la cantante.\" title=\"&quot;No vi el documental, pero por lo que vi, me avergonz\u00f3 la luz en la que me pusieron&quot;, escribi\u00f3 la cantante.\"><\/p>\n<p>\u00abNo vi el documental, pero por lo que vi, me avergonz\u00f3 la luz en la que me pusieron\u00bb, escribi\u00f3 la cantante.<\/p>\n<\/div>\n<p>&nbsp;<br \/>La cantante estadounidense <strong>Britney Spears confes\u00f3 a trav\u00e9s de una publicaci\u00f3n de Instagram sentirse \u00abavergonzada\u00bb por el enfoque del documental \u00abFraming Britney Spears\u00bb<\/strong>, producido por el diario The New York Times, el cual \u00abno pudo terminar de ver en su totalidad\u00bb.<\/p>\n<p>\u00abNo vi el documental, pero por lo que vi, me avergonz\u00f3 la luz en la que me pusieron\u00bb, escribi\u00f3 la cantante junto a un video en la que se la ve bailando.<\/p>\n<p>Estrenado el 5 de febrero pasado en la plataforma Hulu, el <strong>documental recorre su mete\u00f3rica carrera como artista con foco en el tratamiento amarillista que recibi\u00f3 de los medios <\/strong>y en la batalla que libra contra su padre por su tutela legal.<\/p>\n<p>\u00abLlor\u00e9 durante dos semanas, todav\u00eda lloro a veces -agreg\u00f3- pero hago lo que puedo para tratar de mantener la alegr\u00eda y bailar me trae alegr\u00eda\u00bb.<\/p>\n<p>El 10 de febrero pasado Spears hab\u00eda escrito en sus redes: \u00abCada persona tiene su historia y su opini\u00f3n sobre las historias de esas personas, \u00a1Todos tenemos tantas vidas diferentes, brillantes y hermosas! Recuerde, no importa lo que creamos saber sobre la vida de una persona, \u00a1no es nada comparado con la persona real que vive detr\u00e1s de la lente!\u00bb.<\/p>\n<p>Sin embargo, este martes fue la primera vez que se refiri\u00f3 al documental expl\u00edcitamente.<\/p>\n<p>Esta vez agreg\u00f3: \u00ab<strong>He estado expuesta toda mi vida actuando frente a la gente y se necesita mucha fuerza para confiar en el universo con tu vulnerabilidad p<\/strong>orque siempre he sido tan juzgada, insultada y avergonzada por los medios\u00bb.<\/p>\n","protected":false},"excerpt":{"rendered":"<p>\u00abNo vi el documental, pero por lo que vi, me avergonz\u00f3 la luz en la que me pusieron\u00bb, escribi\u00f3 la cantante. &nbsp;La cantante estadounidense Britney Spears confes\u00f3 a trav\u00e9s de una publicaci\u00f3n de Instagram sentirse \u00abavergonzada\u00bb por el enfoque del documental \u00abFraming Britney Spears\u00bb, producido por el diario The New York Times, el cual \u00abno [&hellip;]<\/p>\n","protected":false},"author":1,"featured_media":2676,"comment_status":"closed","ping_status":"closed","sticky":false,"template":"","format":"standard","meta":[],"categories":[9],"tags":[],"_links":{"self":[{"href":"http:\/\/nuevacordoba.net\/index.php\/wp-json\/wp\/v2\/posts\/2675"}],"collection":[{"href":"http:\/\/nuevacordoba.net\/index.php\/wp-json\/wp\/v2\/posts"}],"about":[{"href":"http:\/\/nuevacordoba.net\/index.php\/wp-json\/wp\/v2\/types\/post"}],"author":[{"embeddable":true,"href":"http:\/\/nuevacordoba.net\/index.php\/wp-json\/wp\/v2\/users\/1"}],"replies":[{"embeddable":true,"href":"http:\/\/nuevacordoba.net\/index.php\/wp-json\/wp\/v2\/comments?post=2675"}],"version-history":[{"count":0,"href":"http:\/\/nuevacordoba.net\/index.php\/wp-json\/wp\/v2\/posts\/2675\/revisions"}],"wp:featuredmedia":[{"embeddable":true,"href":"http:\/\/nuevacordoba.net\/index.php\/wp-json\/wp\/v2\/media\/2676"}],"wp:attachment":[{"href":"http:\/\/nuevacordoba.net\/index.php\/wp-json\/wp\/v2\/media?parent=2675"}],"wp:term":[{"taxonomy":"category","embeddable":true,"href":"http:\/\/nuevacordoba.net\/index.php\/wp-json\/wp\/v2\/categories?post=2675"},{"taxonomy":"post_tag","embeddable":true,"href":"http:\/\/nuevacordoba.net\/index.php\/wp-json\/wp\/v2\/tags?post=2675"}],"curies":[{"name":"wp","href":"https:\/\/api.w.org\/{rel}","templated":true}]}}