{"id":2679,"date":"2021-04-01T00:49:12","date_gmt":"2021-04-01T00:49:12","guid":{"rendered":"http:\/\/nuevacordoba.net\/index.php\/2021\/04\/01\/ameal-para-los-que-no-vienen-de-la-politica-como-pergolini-hay-cosas-que-resultan-intolerables\/"},"modified":"2021-04-01T00:49:12","modified_gmt":"2021-04-01T00:49:12","slug":"ameal-para-los-que-no-vienen-de-la-politica-como-pergolini-hay-cosas-que-resultan-intolerables","status":"publish","type":"post","link":"http:\/\/nuevacordoba.net\/index.php\/2021\/04\/01\/ameal-para-los-que-no-vienen-de-la-politica-como-pergolini-hay-cosas-que-resultan-intolerables\/","title":{"rendered":"Ameal: \u00abPara los que no vienen de la pol\u00edtica como Pergolini hay cosas que resultan intolerables\u00bb"},"content":{"rendered":"<div class=\"image\" id=\"image\" readability=\"9\"> <img src=\"http:\/\/nuevacordoba.net\/wp-content\/uploads\/2021\/04\/ameal-para-los-que-no-vienen-de-la-politica-como-pergolini-hay-cosas-que-resultan-intolerables.jpg\" alt=\"Respecto del canal oficial del club que manejaba Pergolini, Ameal asegur\u00f3 que &quot;seguir\u00e1 funcionando como todas las dem\u00e1s cosas\" title=\"Respecto del canal oficial del club que manejaba Pergolini, Ameal asegur\u00f3 que &quot;seguir\u00e1 funcionando como todas las dem\u00e1s cosas\"><\/p>\n<p>Respecto del canal oficial del club que manejaba Pergolini, Ameal asegur\u00f3 que \u00abseguir\u00e1 funcionando como todas las dem\u00e1s cosas<\/p>\n<\/div>\n<p>El presidente de Boca Juniors, Jorge Amor Ameal, <strong><a href=\"https:\/\/www.telam.com.ar\/notas\/202103\/549298-mario-pergolini-boca-renuncia-futbol-crisis-consejo-futbol-riquelme-bermudez-cascini.html\" target=\"_blank\" rel=\"noopener\">evalu\u00f3 la renuncia de quien fuera su compa\u00f1ero de f\u00f3rmula y hasta este mi\u00e9rcoles vicepresidente primero, Mario Pergolini<\/a><\/strong>, como una circunstancia \u00abque a los que no vienen del mundo de la pol\u00edtica les pasa, porque no toleran algunas cuestiones que los que si provienen del mismo, las toman de otra manera\u00bb.<\/p>\n<p>\u00abPergolini se fue porque no se sent\u00eda c\u00f3modo. Ac\u00e1 todos los integrantes de la comisi\u00f3n directiva valen uno. Su renuncia es indeclinable, respetamos su decisi\u00f3n, pero estuve con \u00e9l y nunca me mencion\u00f3 alg\u00fan problema. Nunca me habl\u00f3 del Consejo de F\u00fatbol ni de nada\u00bb, argument\u00f3 Ameal en di\u00e1logo con Espn tras conocerse el comunicado del club confirmando la salida de su vicepresidente primero, que hab\u00eda asumido el 20 de diciembre de 2019.<\/p>\n<p><strong>\u00abAquel que no quiere jugar en Boca no puede vestir nuestra camiseta. Por eso las decisiones que hoy toma el Consejo de F\u00fatbol tan criticado las van a agradecer en el futuro. Los jugadores que se van son por, temas econ\u00f3micos, como por ejemplo Ram\u00f3n \u00c1bila, que acept\u00f3 una oferta que le lleg\u00f3 desde Estados Unidos\u00bb<\/strong>, apunt\u00f3 acto seguido Ameal en un intento de defensa del organismo que conduce Juan Rom\u00e1n Riquelme.<\/p>\n<p>Y al respecto aclar\u00f3 que en \u00abel caso de Carlos Tevez, es dif\u00edcil pensar que se vaya a ir de Boca porque quiere mucho al club. Y cuando se le venza su contrato nos sentaremos a hablar para ver cual ser\u00e1 su decisi\u00f3n a futuro, porque le dio mucho al equipo cuando algunos dec\u00edan que era un exjugador (entre ellos el miembro del Consejo de F\u00fatbol, Jorge Berm\u00fadez)\u00bb.<\/p>\n<blockquote readability=\"6\">\n<p>\u00abEstuve con \u00e9l y nunca me mencion\u00f3 alg\u00fan problema. Nunca me habl\u00f3 del Consejo de F\u00fatbol ni de nada\u00bb<span class=\"comilla\">\u201d<\/span><\/p>\n<p><span>Ameal<\/span><\/p>\n<\/blockquote>\n<p>\u00abLo que pasa es que en Boca siempre se est\u00e1 en el centro de la escena y hay mil cosas que se dicen y no son verdad. Mario es una persona muy importante en los medios de comunicaci\u00f3n y con \u00e9l habl\u00e9 de todo en las \u00faltimas horas, pero lo que nos dijimos quedar\u00e1 entre esas cuatro paredes\u00bb, dijo en referencia a las grandes diferencias que Pergolini manten\u00eda con Riquelme por la manera de comunicar del club a trav\u00e9s de sus medios audiovisuales.<\/p>\n<p><strong>\u00abAc\u00e1 todos los dirigentes son importantes y la salida de Pergolini puede enmarcarse en el terreno de que para los que no vienen de la pol\u00edtica hay cosas intolerables que nosotros, que somos de ese ambiente, las tomamos de otra maner<\/strong>a. Seguramente Mario tenga una visi\u00f3n distinta, pero el mundo de los clubes debe comprenderse claramente y entenderse\u00bb, puntualiz\u00f3.<\/p>\n<p>Y respecto del canal oficial del club que manejaba Pergolini, asegur\u00f3 que \u00abseguir\u00e1 funcionando como todas las dem\u00e1s cosas, porque el club tiene continuidad jur\u00eddica. El canal debe ser una v\u00eda de comunicaci\u00f3n con los socios e hinchas en general. Y la cuenta de Instagram y youtube del Consejo (por,la que Pergolini sinti\u00f3 que invad\u00edan su terreno) es porque deseamos y debemos comunicar, y arrancar\u00e1 el s\u00e1bado cuando el club cumplir\u00e1 116 a\u00f1os\u00bb.<\/p>\n<p><strong>\u00abDespu\u00e9s, si Mario piensa que con eso se sinti\u00f3 invadido y mal, tendr\u00e1 que decirlo \u00e9l, lo mismo que si tiene que objetarle algo a Riquelme, que siempre est\u00e1 en el ojo de la tormenta\u00bb, apunt\u00f3.<\/strong><\/p>\n<p>\u00abLuego veremos con Roberto Dig\u00f3n, que es vicepresidente tercero, si \u00e9l va como primero o lo hace Riquelme. Pero yo insisto en que no trato de bajarle el precio a la renuncia de Pergolini, porque fue mi compa\u00f1ero de f\u00f3rmula, pero ac\u00e1 lo m\u00e1s importante es el club\u00bb, se defendi\u00f3.<\/p>\n<p><strong>Y asegur\u00f3 que tampoco \u00abhubo un contrapunto entre ellos por el tema del homenaje a Diego Maradona. Cuando ocurri\u00f3 su fallecimiento nosotros est\u00e1bamos en Brasil y yo di inmediatamente la orden de que ofrecieran la Bombonera para su despedida\u00bb.<\/strong><\/p>\n<p>\u00abEn cuanto al equipo, hay partidos que me gustan y otros que no, pero estamos muy contentos con el t\u00e9cnico Miguel Russo, porque es un capit\u00e1n de tormentas. Y cuando en junio se termine la temporada veremos que se puede reforzar, y por ejemplo si viene Edinson Cavani, ojal\u00e1 que as\u00ed sea, pero habr\u00e1 que verlo a mitad de a\u00f1o como lo de su compatriota Lucas Torreira\u00bb, alert\u00f3.<\/p>\n<p>\u00abDespu\u00e9s, no se que pasar\u00e1 entonces con Lisandro L\u00f3pez, que hoy es un integrante importante del plantel, y cuando en diciembre se venza lo de Edwin Cardona haremos un esfuerzo para que se quede\u00bb, destac\u00f3 respecto del zaguero que ya tiene ofertas de Europa.<\/p>\n<p>Finalmente se refiri\u00f3 m\u00ednimamente a lo futbol\u00edstico y record\u00f3 que contra River \u00aben la Bombonera se mereci\u00f3 ganar, pero si alguien opina lo contrario, est\u00e1 bien. Despu\u00e9s, en cuanto a la Libertadores, no la ganamos porque la pelota no entr\u00f3 y porque con Santos en la semifinal de ida en la Bombonera, lo que nos falt\u00f3 fue el apoyo de nuestra gente\u00bb, complet\u00f3. Ameal se qued\u00f3 sin compa\u00f1ero de ruta mucho antes de llegar a destino. <\/p>\n","protected":false},"excerpt":{"rendered":"<p>Respecto del canal oficial del club que manejaba Pergolini, Ameal asegur\u00f3 que \u00abseguir\u00e1 funcionando como todas las dem\u00e1s cosas El presidente de Boca Juniors, Jorge Amor Ameal, evalu\u00f3 la renuncia de quien fuera su compa\u00f1ero de f\u00f3rmula y hasta este mi\u00e9rcoles vicepresidente primero, Mario Pergolini, como una circunstancia \u00abque a los que no vienen del [&hellip;]<\/p>\n","protected":false},"author":1,"featured_media":2680,"comment_status":"closed","ping_status":"closed","sticky":false,"template":"","format":"standard","meta":[],"categories":[10],"tags":[],"_links":{"self":[{"href":"http:\/\/nuevacordoba.net\/index.php\/wp-json\/wp\/v2\/posts\/2679"}],"collection":[{"href":"http:\/\/nuevacordoba.net\/index.php\/wp-json\/wp\/v2\/posts"}],"about":[{"href":"http:\/\/nuevacordoba.net\/index.php\/wp-json\/wp\/v2\/types\/post"}],"author":[{"embeddable":true,"href":"http:\/\/nuevacordoba.net\/index.php\/wp-json\/wp\/v2\/users\/1"}],"replies":[{"embeddable":true,"href":"http:\/\/nuevacordoba.net\/index.php\/wp-json\/wp\/v2\/comments?post=2679"}],"version-history":[{"count":0,"href":"http:\/\/nuevacordoba.net\/index.php\/wp-json\/wp\/v2\/posts\/2679\/revisions"}],"wp:featuredmedia":[{"embeddable":true,"href":"http:\/\/nuevacordoba.net\/index.php\/wp-json\/wp\/v2\/media\/2680"}],"wp:attachment":[{"href":"http:\/\/nuevacordoba.net\/index.php\/wp-json\/wp\/v2\/media?parent=2679"}],"wp:term":[{"taxonomy":"category","embeddable":true,"href":"http:\/\/nuevacordoba.net\/index.php\/wp-json\/wp\/v2\/categories?post=2679"},{"taxonomy":"post_tag","embeddable":true,"href":"http:\/\/nuevacordoba.net\/index.php\/wp-json\/wp\/v2\/tags?post=2679"}],"curies":[{"name":"wp","href":"https:\/\/api.w.org\/{rel}","templated":true}]}}