{"id":26843,"date":"2022-12-01T00:12:15","date_gmt":"2022-12-01T00:12:15","guid":{"rendered":"https:\/\/www.ole.com.ar\/futbol-ascenso\/ascenso-alvarado-chelsea-primera-nacional-reducido-rodriguez-gonzalez_0_2cvp48tvAI.html"},"modified":"2022-12-01T00:12:15","modified_gmt":"2022-12-01T00:12:15","slug":"jugo-en-el-chelsea-y-es-la-nueva-cara-de-alvarado","status":"publish","type":"post","link":"http:\/\/nuevacordoba.net\/index.php\/2022\/12\/01\/jugo-en-el-chelsea-y-es-la-nueva-cara-de-alvarado\/","title":{"rendered":"Jug\u00f3 en el Chelsea y es la nueva cara de Alvarado"},"content":{"rendered":"<div><img src=\"http:\/\/nuevacordoba.net\/wp-content\/uploads\/2022\/12\/jugo-en-el-chelsea-y-es-la-nueva-cara-de-alvarado.jpg\" class=\"ff-og-image-inserted\"><\/div>\n<div readability=\"31.835820895522\">\n<p><strong>No caben dudas de que la temporada 2022 de <\/strong><a href=\"https:\/\/www.ole.com.ar\/tema\/club-alvarado.html\" title=\"Club Alvarado\" alt=\"Club Alvarado\" class=\"slug\"><strong>Alvarado <\/strong><\/a><strong>de Mar del Plata dej\u00f3 mucho que desear.<\/strong> Con un plantel muy d\u00e9bil y un juego poco vistoso, los de <a href=\"https:\/\/www.ole.com.ar\/tema\/ruben-forestello.html\" title=\"Rub\u00e9n Forestello\" alt=\"Rub\u00e9n Forestello\" class=\"slug\">Ruben Dar\u00edo Forestello<\/a> consiguieron el objetivo de mantenerse en la categor\u00eda, pero <strong>quedaron en deuda con la gente.<\/strong><\/p>\n<\/div>\n<div readability=\"40.970786516854\">\n<p><strong>Tras la salida del Yagui, C\u00e9sar Vivegani se convirti\u00f3 en la nueva cabeza de grupo de Alvarado, que comenz\u00f3 a sumar refuerzos.<\/strong> El primero, un colombiano: <strong>Joao Leandro Rodr\u00edguez Gonz\u00e1lez, de 26 a\u00f1os, registr\u00f3 pasos por numerosos equipos, entre los que se destaca la selecci\u00f3n sub 18, sub 21 y sub 23 del <\/strong><a href=\"https:\/\/www.ole.com.ar\/tema\/chelsea.html\" title=\"Chelsea\" alt=\"Chelsea\" class=\"slug\"><strong>Chelsea <\/strong><\/a><strong>de Inglaterra, el <\/strong><a href=\"https:\/\/www.ole.com.ar\/tema\/necaxa.html\" title=\"Necaxa\" alt=\"Necaxa\" class=\"slug\"><strong>Necaxa <\/strong><\/a><strong>de M\u00e9xico y el <\/strong><a href=\"https:\/\/www.ole.com.ar\/tema\/cd-tenerife.html\" title=\"CD Tenerife\" alt=\"CD Tenerife\" class=\"slug\"><strong>Tenerife <\/strong><\/a><strong>de Espa\u00f1a.<\/strong> Puede desempe\u00f1arse tanto de delantero como de extremo izquierdo.<\/p>\n<\/div>\n<div readability=\"33.364485981308\">\n<p>La segunda incorporaci\u00f3n integr\u00f3 el plantel campe\u00f3n de Primera B del <a href=\"https:\/\/www.ole.com.ar\/tema\/cadu.html\" title=\"CADU\" alt=\"CADU\" class=\"slug\">CADU<\/a>: <strong>el lateral izquierdo Luis Olivera firm\u00f3 el contrato que lo liga al Torito y se sum\u00f3 a la pretemporada que arranc\u00f3 el 21 de noviembre.<\/strong><\/p>\n<\/div>\n<div readability=\"35\">\n<p>A la espera de una mejor campa\u00f1a en el pr\u00f3ximo a\u00f1o, <strong>la dirigencia har\u00e1 el esfuerzo por seguir incorporando jugadores, con el objetivo de armar un plantel que vuelva a ser competitivo.<\/strong><\/p>\n<\/div>\n","protected":false},"excerpt":{"rendered":"<p>No caben dudas de que la temporada 2022 de Alvarado de Mar del Plata dej\u00f3 mucho que desear. Con un plantel muy d\u00e9bil y un juego poco vistoso, los de Ruben Dar\u00edo Forestello consiguieron el objetivo de mantenerse en la categor\u00eda, pero quedaron en deuda con la gente. Tras la salida del Yagui, C\u00e9sar Vivegani [&hellip;]<\/p>\n","protected":false},"author":1,"featured_media":26844,"comment_status":"closed","ping_status":"closed","sticky":false,"template":"","format":"standard","meta":[],"categories":[10],"tags":[],"_links":{"self":[{"href":"http:\/\/nuevacordoba.net\/index.php\/wp-json\/wp\/v2\/posts\/26843"}],"collection":[{"href":"http:\/\/nuevacordoba.net\/index.php\/wp-json\/wp\/v2\/posts"}],"about":[{"href":"http:\/\/nuevacordoba.net\/index.php\/wp-json\/wp\/v2\/types\/post"}],"author":[{"embeddable":true,"href":"http:\/\/nuevacordoba.net\/index.php\/wp-json\/wp\/v2\/users\/1"}],"replies":[{"embeddable":true,"href":"http:\/\/nuevacordoba.net\/index.php\/wp-json\/wp\/v2\/comments?post=26843"}],"version-history":[{"count":0,"href":"http:\/\/nuevacordoba.net\/index.php\/wp-json\/wp\/v2\/posts\/26843\/revisions"}],"wp:featuredmedia":[{"embeddable":true,"href":"http:\/\/nuevacordoba.net\/index.php\/wp-json\/wp\/v2\/media\/26844"}],"wp:attachment":[{"href":"http:\/\/nuevacordoba.net\/index.php\/wp-json\/wp\/v2\/media?parent=26843"}],"wp:term":[{"taxonomy":"category","embeddable":true,"href":"http:\/\/nuevacordoba.net\/index.php\/wp-json\/wp\/v2\/categories?post=26843"},{"taxonomy":"post_tag","embeddable":true,"href":"http:\/\/nuevacordoba.net\/index.php\/wp-json\/wp\/v2\/tags?post=26843"}],"curies":[{"name":"wp","href":"https:\/\/api.w.org\/{rel}","templated":true}]}}