{"id":26847,"date":"2022-12-01T03:56:32","date_gmt":"2022-12-01T03:56:32","guid":{"rendered":"http:\/\/nuevacordoba.net\/index.php\/2022\/12\/01\/denunciaron-que-en-iran-asesinaron-a-un-joven-que-festejo-caida-de-la-seleccion\/"},"modified":"2022-12-01T03:56:32","modified_gmt":"2022-12-01T03:56:32","slug":"denunciaron-que-en-iran-asesinaron-a-un-joven-que-festejo-caida-de-la-seleccion","status":"publish","type":"post","link":"http:\/\/nuevacordoba.net\/index.php\/2022\/12\/01\/denunciaron-que-en-iran-asesinaron-a-un-joven-que-festejo-caida-de-la-seleccion\/","title":{"rendered":"Denunciaron que en Ir\u00e1n asesinaron a un joven que festej\u00f3 ca\u00edda de la selecci\u00f3n"},"content":{"rendered":"<figure class=\"mb-3\"><img loading=\"lazy\" src=\"http:\/\/nuevacordoba.net\/wp-content\/uploads\/2022\/12\/denunciaron-que-en-iran-asesinaron-a-un-joven-que-festejo-caida-de-la-seleccion.jpg\" width=\"100%\" height=\"100%\" alt=\"El Centro para los Derechos Humanos en Irn CHRI con sede en Nueva York apunta contra las fuerzas de seguridad iranes\"><figcaption> El Centro para los Derechos Humanos en Ir\u00e1n (CHRI), con sede en Nueva York, apunta contra las fuerzas de seguridad iran\u00edes <\/figcaption><\/figure>\n<p>Un iran\u00ed que presuntamente festej\u00f3 la eliminaci\u00f3n del seleccionado nacional de f\u00fatbol a manos de Estados Unidos en la Copa del Mundo de Qatar fue asesinado a tiros por las fuerzas de seguridad, denunciaron este mi\u00e9rcoles grupos de derechos humanos.<\/p>\n<p><strong>Mehran Samak, de 27 a\u00f1os, fue baleado despu\u00e9s de tocar la bocina de su autom\u00f3vil en Bandar Anzali,<\/strong> una ciudad en la costa del mar Caspio, al noroeste de Teher\u00e1n, coincidieron Iran Human Rights (IHR), con sede en Noruega; y el Centro para los Derechos Humanos en Ir\u00e1n (CHRI).<\/p>\n<p><strong>Ir\u00e1n fue eliminado el martes por Estados Unidos del Mundial de Qatar, lo que gener\u00f3 reacciones divididas<\/strong> entre partidarios y detractores del r\u00e9gimen iran\u00ed.<\/p>\n<p><strong>Samak \u00abfue un objetivo deliberado y le dispararon a la cabeza las fuerzas de seguridad<\/strong> (&#8230;) tras la derrota de la selecci\u00f3n nacional contra Estados Unidos\u00bb, <strong>dijo Iran Human Rights (IHR).<\/strong><\/p>\n<p>El Centro para los Derechos Humanos en Ir\u00e1n (CHRI),<strong> con sede en Nueva York, tambi\u00e9n inform\u00f3 que las fuerzas de seguridad lo hab\u00edan asesinado por celebrar la derrota y public\u00f3 un video de su funeral este mi\u00e9rcoles en Teher\u00e1n<\/strong>, en el que se escuchaban gritos de \u00ab\u00a1Muerte al dictador!\u00bb.<\/p>\n<p>El volante de la selecci\u00f3n iran\u00ed Saeid Ezatolahi, que jug\u00f3 el partido contra Estados Unidos y es oriundo de la ciudad donde se produjo el asesinato, asegur\u00f3 que conoc\u00eda a Samak y public\u00f3 una foto de los dos en el mismo equipo de f\u00fatbol cuando eran adolescentes.<\/p>\n<p><strong>\u00abTras la derrota amarga de la pasada noche, la noticia de tu muerte incendi\u00f3 mi coraz\u00f3n\u00bb, afirm\u00f3 Ezatolahi<\/strong> en un mensaje en la red Instagram, en el que llam\u00f3 \u201ccompa\u00f1ero de infancia\u201d a Samak.<\/p>\n<p>\u00abLlegar\u00e1 un d\u00eda en que las m\u00e1scaras caer\u00e1n y se descubrir\u00e1 la verdad. No es lo que nuestros j\u00f3venes merecen; esto no es lo que nuestra naci\u00f3n merece\u00bb, a\u00f1adi\u00f3 el futbolista en su mensaje.<\/p>\n<p><strong>Ir\u00e1n vive semanas de protestas desencadenadas por la muerte, el 16 de septiembre, de Mahsa Amini,<\/strong> una kurda iran\u00ed detenida tres d\u00edas antes por la polic\u00eda por supuestamente violar el c\u00f3digo de vestimenta del pa\u00eds que exige el uso del velo en p\u00fablico.<\/p>\n<p>Al menos 448 personas, entre ellas 60 menores de edad, murieron a causa de la represi\u00f3n de las fuerzas de seguridad, seg\u00fan un balance del IHR. <\/p>\n","protected":false},"excerpt":{"rendered":"<p>El Centro para los Derechos Humanos en Ir\u00e1n (CHRI), con sede en Nueva York, apunta contra las fuerzas de seguridad iran\u00edes Un iran\u00ed que presuntamente festej\u00f3 la eliminaci\u00f3n del seleccionado nacional de f\u00fatbol a manos de Estados Unidos en la Copa del Mundo de Qatar fue asesinado a tiros por las fuerzas de seguridad, denunciaron [&hellip;]<\/p>\n","protected":false},"author":1,"featured_media":26848,"comment_status":"closed","ping_status":"closed","sticky":false,"template":"","format":"standard","meta":[],"categories":[13],"tags":[],"_links":{"self":[{"href":"http:\/\/nuevacordoba.net\/index.php\/wp-json\/wp\/v2\/posts\/26847"}],"collection":[{"href":"http:\/\/nuevacordoba.net\/index.php\/wp-json\/wp\/v2\/posts"}],"about":[{"href":"http:\/\/nuevacordoba.net\/index.php\/wp-json\/wp\/v2\/types\/post"}],"author":[{"embeddable":true,"href":"http:\/\/nuevacordoba.net\/index.php\/wp-json\/wp\/v2\/users\/1"}],"replies":[{"embeddable":true,"href":"http:\/\/nuevacordoba.net\/index.php\/wp-json\/wp\/v2\/comments?post=26847"}],"version-history":[{"count":0,"href":"http:\/\/nuevacordoba.net\/index.php\/wp-json\/wp\/v2\/posts\/26847\/revisions"}],"wp:featuredmedia":[{"embeddable":true,"href":"http:\/\/nuevacordoba.net\/index.php\/wp-json\/wp\/v2\/media\/26848"}],"wp:attachment":[{"href":"http:\/\/nuevacordoba.net\/index.php\/wp-json\/wp\/v2\/media?parent=26847"}],"wp:term":[{"taxonomy":"category","embeddable":true,"href":"http:\/\/nuevacordoba.net\/index.php\/wp-json\/wp\/v2\/categories?post=26847"},{"taxonomy":"post_tag","embeddable":true,"href":"http:\/\/nuevacordoba.net\/index.php\/wp-json\/wp\/v2\/tags?post=26847"}],"curies":[{"name":"wp","href":"https:\/\/api.w.org\/{rel}","templated":true}]}}