{"id":26851,"date":"2022-12-01T11:14:52","date_gmt":"2022-12-01T11:14:52","guid":{"rendered":"http:\/\/nuevacordoba.net\/index.php\/2022\/12\/01\/las-series-mas-destacadas-que-llegan-en-diciembre\/"},"modified":"2022-12-01T11:14:52","modified_gmt":"2022-12-01T11:14:52","slug":"las-series-mas-destacadas-que-llegan-en-diciembre","status":"publish","type":"post","link":"http:\/\/nuevacordoba.net\/index.php\/2022\/12\/01\/las-series-mas-destacadas-que-llegan-en-diciembre\/","title":{"rendered":"Las series m\u00e1s destacadas que llegan en diciembre"},"content":{"rendered":"<div><img src=\"http:\/\/nuevacordoba.net\/wp-content\/uploads\/2022\/12\/las-series-mas-destacadas-que-llegan-en-diciembre.jpg\" class=\"ff-og-image-inserted\"><\/div>\n<p><span class=\"badge badge-primary\">2 de diciembre<\/span><\/p>\n<h2 class>Slow Horses (Temporada 2) &#8211; Apple TV+<\/h2>\n<p>Protagonizada por el ganador del Oscar Gary Oldman y basada en las novelas de Mick Herron, la serie sobre una divisi\u00f3n de esp\u00edas del MI5 brit\u00e1nico a la que van a parar los agentes de inteligencia ca\u00eddos en desgracia, llega con una nueva temporada a la plataforma de la manzanita con el regreso del elenco tambi\u00e9n integrado por Kristin Scott Thomas, Jack Lowden, Saskia Reeves, Rosalind Eleazar y Christopher Eleazar, entre m\u00e1s.<\/p>\n<p>La nueva entrega sigue a los \u00abSlow Horses\u00bb cuando descubren que emergen secretos de la Guerra Fr\u00eda enterrados durante mucho tiempo que amenazan con traer una carnicer\u00eda a las calles de Londres.<\/p>\n<div class=\"video_repositive\"> <a class=\"video_sticky\" href=\"javascript:void();\" onclick=\"removeStuckVideo(true);\"><i class=\"far fa-window-close\"><\/i><\/a> <\/p>\n<div id=\"0rOPA8VfVn8\" class=\"video_telam\">\n<div class=\"feature_article_inner\">\n<p><h2 class=\"text-center\">Slow Horses<\/h2>\n<\/p><\/div>\n<p>VER VIDEO <i class=\"fas fa-play\"><\/i><\/p>\n<\/p><\/div><\/div>\n<p><span class=\"badge badge-primary\">4 de diciembre<\/span><\/p>\n<h2 class>Gangs of London (Temporada 2) &#8211; Lionsgate+<\/h2>\n<p>Es la nueva temporada de la premiada serie de drama criminal que sigue la historia de Londres a trav\u00e9s de las luchas de las bandas delictivas internacionales que quieren controlarla.<\/p>\n<p>Un a\u00f1o despu\u00e9s de la muerte de Sean Wallace (Joe Cole) y de los violentos ajustes de cuentas de la primera temporada, el alma y el mapa de Londres se han redise\u00f1ado. Los Wallace supervivientes est\u00e1n dispersos, los Dumanis rotos y distanciados, y Elliot (Sop\u00e9 D\u00ecr\u00eds\u00f9), el expolic\u00eda encubierto, se ve obligado a trabajar para los inversionistas, quienes para poner en orden todo nuevamente se aliaron con el bar\u00f3n de la hero\u00edna Asif Afridi para iniciar una nueva fuerza gobernante en la ciudad.<\/p>\n<div class=\"video_repositive\"> <a class=\"video_sticky\" href=\"javascript:void();\" onclick=\"removeStuckVideo(true);\"><i class=\"far fa-window-close\"><\/i><\/a> <\/p>\n<div id=\"33zzhGgwJN4\" class=\"video_telam\">\n<div class=\"feature_article_inner\">\n<p><h2 class=\"text-center\">Gangs of London<\/h2>\n<\/p><\/div>\n<p>VER VIDEO <i class=\"fas fa-play\"><\/i><\/p>\n<\/p><\/div><\/div>\n<p><span class=\"badge badge-primary\">5 de diciembre<\/span><\/p>\n<h2 class>His Dark Materials (Temporada 3) &#8211; HBO y HBO Max<\/h2>\n<p>La tercera y \u00faltima temporada de la serie de fantas\u00eda basada en los libros de Philip Pullman retoma la historia de la ni\u00f1a prometida Lyra (Dafne Keen) y el portador del cuchillo m\u00e1gico Will (Amir Wilson) en su traves\u00eda entre mundos para liberar al multiverso de la amenaza de la Autoridad, un poder totalitario teocr\u00e1tico que quiere dominar toda la vida.<\/p>\n<p>A medida que se acerca la gran guerra, los protagonistas entender\u00e1n que salvar los mundos tiene un precio terrible. Ruth Wilson, James McAvoy, Simone Kirby, Will Keen, Jade Anouka, Ruta Gedminstas, Adewale Akinnuoye-Agbaje, Jamie Ward, y Lin-Manuel Miranda como estrella invitada, completan el elenco.<\/p>\n<div class=\"video_repositive\"> <a class=\"video_sticky\" href=\"javascript:void();\" onclick=\"removeStuckVideo(true);\"><i class=\"far fa-window-close\"><\/i><\/a> <\/p>\n<div id=\"CFHQODTKPN4\" class=\"video_telam\">\n<div class=\"feature_article_inner\">\n<p><h2 class=\"text-center\">His dark materials<\/h2>\n<\/p><\/div>\n<p>VER VIDEO <i class=\"fas fa-play\"><\/i><\/p>\n<\/p><\/div><\/div>\n<p><span class=\"badge badge-primary\">11 de diciembre<\/span><\/p>\n<h2 class>Yellowstone (Temporada 5) &#8211; Paramount+<\/h2>\n<p>Llega la quinta temporada del western que sigue las haza\u00f1as de la familia Dutton, propietaria del mayor rancho ganadero de Montana, contiguo con el conocido parque nacional y que es liderado por el patriarca, John Dutton, encarnado por Kevin Costner.<\/p>\n<p>En medio de alianzas cambiantes, asesinatos sin resolver, heridas abiertas y un respeto duramente ganado, el rancho est\u00e1 en constante conflicto con aquellos con los que limita: una ciudad en expansi\u00f3n, una reserva india y crueles rivalidades comerciales.<\/p>\n<div class=\"video_repositive\"> <a class=\"video_sticky\" href=\"javascript:void();\" onclick=\"removeStuckVideo(true);\"><i class=\"far fa-window-close\"><\/i><\/a> <\/p>\n<div id=\"eL8ZXbj1Qx0\" class=\"video_telam\">\n<div class=\"feature_article_inner\">\n<p><h2 class=\"text-center\">Yellowstone<\/h2>\n<\/p><\/div>\n<p>VER VIDEO <i class=\"fas fa-play\"><\/i><\/p>\n<\/p><\/div><\/div>\n<p><span class=\"badge badge-primary\">21 de diciembre<\/span><\/p>\n<h2 class>El paciente (Estreno) &#8211; Star+<\/h2>\n<p>El reconocido Steve Carell interpreta en este thriller psicol\u00f3gico a Alan Strauss, un terapeuta que es secuestrado por Sam Fortner (Domhnall Gleeson), quien resulta ser un asesino serial en busca de ayuda para controlar sus impulsos homicidas.<\/p>\n<p>Escrita por Joel Fields y Joe Weisberg -conocido como el guionista de \u00abThe Americans\u00bb-, sus diez episodios tambi\u00e9n cuentan con la participaci\u00f3n en el elenco de Linda Emond, David Alan Grier, Laura Niemi y Andrew Leeds, entre m\u00e1s.<\/p>\n<div class=\"video_repositive\"> <a class=\"video_sticky\" href=\"javascript:void();\" onclick=\"removeStuckVideo(true);\"><i class=\"far fa-window-close\"><\/i><\/a> <\/p>\n<div id=\"96oqd3kX1Nc\" class=\"video_telam\">\n<div class=\"feature_article_inner\">\n<p><h2 class=\"text-center\">El paciente<\/h2>\n<\/p><\/div>\n<p>VER VIDEO <i class=\"fas fa-play\"><\/i><\/p>\n<\/p><\/div><\/div>\n<p><span class=\"badge badge-primary\">21 de diciembre<\/span><\/p>\n<h2 class>Emily en Par\u00eds (Temporada 3) &#8211; Netflix<\/h2>\n<p>Siguen las aventuras, los romances y los dramas en la encantadora \u00abCiudad de la Luz\u00bb para Lily Collins en el papel de esta protagonista que, un a\u00f1o despu\u00e9s de mudarse desde Chicago, se enfrenta a la dif\u00edcil decisi\u00f3n entre quedarse o regresar a su hogar, o entre el amor y el trabajo de sus sue\u00f1os.<\/p>\n<p>El multipremiado Darren Star -la mente detr\u00e1s de \u00e9xitos como \u00abSex and the City\u00bb y \u00abBeverly Hills 90210\u00bb- repite su rol como showrunner de la tira, que tambi\u00e9n tiene en su elenco a Philippine Leroy-Beaulieu, Lucas Bravo, Ashley Park y Camille Razat.<\/p>\n<div class=\"video_repositive\"> <a class=\"video_sticky\" href=\"javascript:void();\" onclick=\"removeStuckVideo(true);\"><i class=\"far fa-window-close\"><\/i><\/a> <\/p>\n<div id=\"vYaBl9E1_Q4\" class=\"video_telam\">\n<div class=\"feature_article_inner\">\n<p><h2 class=\"text-center\">Emily en Par\u00eds<\/h2>\n<\/p><\/div>\n<p>VER VIDEO <i class=\"fas fa-play\"><\/i><\/p>\n<\/p><\/div><\/div>\n<p><span class=\"badge badge-primary\">21 de diciembre<\/span><\/p>\n<h2 class>Jack Ryan (Temporada 3) &#8211; Amazon Prime Video<\/h2>\n<p>Regresa con ocho nuevos episodios de la serie de acci\u00f3n y suspenso centrada en el agente de la CIA del t\u00edtulo, protagonizada por John Krasinski e inspirada en las novelas de Tom Clancy.<\/p>\n<p>La nueva entrega presenta una vez m\u00e1s al h\u00e9roe de la historia en una carrera contra el tiempo, luego de que es implicado err\u00f3neamente en una conspiraci\u00f3n que lo convierte en un fugitivo escondido por Europa, donde deber\u00e1 evitar un conflicto global y a la vez limpiar su nombre.<\/p>\n<p><span class=\"badge badge-primary\">25 de diciembre<\/span><\/p>\n<h2 class>The Witcher: El origen de la sangre (Estreno) &#8211; Netflix<\/h2>\n<p>Esta producci\u00f3n de cuatro episodios se sit\u00faa unos 1200 a\u00f1os antes de los eventos vistos en \u00abThe Witcher\u00bb, y narra la historia de fantas\u00eda de siete personajes marginados que se unen para tomar venganza y luchar contra un poder imparable que les quit\u00f3 todo en la vida, en una misi\u00f3n que llevar\u00e1 a fusionar los universos de los monstruos, los hombres y los elfos.<\/p>\n<p>Michelle Yeoh, Sophia Brown y Laurence O&#8217;Fuarain encabezan el elenco de esta miniserie creada por Declan de Barra y Lauren Schmidt Hissrich, en base a la saga de novelas escrita por el polaco Andrzej Sapkowski.<\/p>\n<div class=\"video_repositive\"> <a class=\"video_sticky\" href=\"javascript:void();\" onclick=\"removeStuckVideo(true);\"><i class=\"far fa-window-close\"><\/i><\/a> <\/p>\n<div id=\"oFLU4KrhTv8\" class=\"video_telam\">\n<div class=\"feature_article_inner\">\n<p><h2 class=\"text-center\">The witcher<\/h2>\n<\/p><\/div>\n<p>VER VIDEO <i class=\"fas fa-play\"><\/i><\/p>\n<\/p><\/div><\/div>\n<p><span class=\"badge badge-primary\">25 de diciembre<\/span><\/p>\n<h2 class>Tulsa King (Estreno) &#8211; Paramount+<\/h2>\n<p>El mism\u00edsimo Sylvester Stallone llega una vez m\u00e1s a la pantalla chica -donde se inici\u00f3 con unos pocos papeles en los 70- en el rol de Dwight \u00abThe General\u00bb Manfredi, un capo de la mafia neoyorquina cuyo mundo se da vuelta cuando es liberado tras 25 a\u00f1os de prisi\u00f3n s\u00f3lo para ser exiliado por su jefe en la ciudad de Tulsa, Oklahoma, donde poco a poco construir\u00e1 su propio y particular grupo de \u00absoldados\u00bb para establecerse en su nuevo escenario y protegerse de su pasado.<\/p>\n<p>Andrea Savage, Max Casella, Martin Starr, Domenick Lombardozzi, Vincent Piazza y Dana Delany conformar el elenco de la tira, creada por Taylor Sheridan -nominado al Oscar por el guion de \u00abSin nada que perder\u00bb (2016)- y con el reconocido Terence Winter (\u00abBoardwalk Empire\u00bb) como showrunner.<\/p>\n<div class=\"video_repositive\"> <a class=\"video_sticky\" href=\"javascript:void();\" onclick=\"removeStuckVideo(true);\"><i class=\"far fa-window-close\"><\/i><\/a> <\/p>\n<div id=\"jMu2gASoUq8\" class=\"video_telam\">\n<div class=\"feature_article_inner\">\n<p><h2 class=\"text-center\">Tulsa King<\/h2>\n<\/p><\/div>\n<p>VER VIDEO <i class=\"fas fa-play\"><\/i><\/p>\n<\/p><\/div><\/div>\n","protected":false},"excerpt":{"rendered":"<p>2 de diciembre Slow Horses (Temporada 2) &#8211; Apple TV+ Protagonizada por el ganador del Oscar Gary Oldman y basada en las novelas de Mick Herron, la serie sobre una divisi\u00f3n de esp\u00edas del MI5 brit\u00e1nico a la que van a parar los agentes de inteligencia ca\u00eddos en desgracia, llega con una nueva temporada a [&hellip;]<\/p>\n","protected":false},"author":1,"featured_media":26852,"comment_status":"closed","ping_status":"closed","sticky":false,"template":"","format":"standard","meta":[],"categories":[9],"tags":[],"_links":{"self":[{"href":"http:\/\/nuevacordoba.net\/index.php\/wp-json\/wp\/v2\/posts\/26851"}],"collection":[{"href":"http:\/\/nuevacordoba.net\/index.php\/wp-json\/wp\/v2\/posts"}],"about":[{"href":"http:\/\/nuevacordoba.net\/index.php\/wp-json\/wp\/v2\/types\/post"}],"author":[{"embeddable":true,"href":"http:\/\/nuevacordoba.net\/index.php\/wp-json\/wp\/v2\/users\/1"}],"replies":[{"embeddable":true,"href":"http:\/\/nuevacordoba.net\/index.php\/wp-json\/wp\/v2\/comments?post=26851"}],"version-history":[{"count":0,"href":"http:\/\/nuevacordoba.net\/index.php\/wp-json\/wp\/v2\/posts\/26851\/revisions"}],"wp:featuredmedia":[{"embeddable":true,"href":"http:\/\/nuevacordoba.net\/index.php\/wp-json\/wp\/v2\/media\/26852"}],"wp:attachment":[{"href":"http:\/\/nuevacordoba.net\/index.php\/wp-json\/wp\/v2\/media?parent=26851"}],"wp:term":[{"taxonomy":"category","embeddable":true,"href":"http:\/\/nuevacordoba.net\/index.php\/wp-json\/wp\/v2\/categories?post=26851"},{"taxonomy":"post_tag","embeddable":true,"href":"http:\/\/nuevacordoba.net\/index.php\/wp-json\/wp\/v2\/tags?post=26851"}],"curies":[{"name":"wp","href":"https:\/\/api.w.org\/{rel}","templated":true}]}}