{"id":26861,"date":"2022-12-01T22:15:19","date_gmt":"2022-12-01T22:15:19","guid":{"rendered":"http:\/\/nuevacordoba.net\/index.php\/2022\/12\/01\/la-cantante-espanola-aitana-debuta-como-actriz-junto-a-su-pareja-bernardeau-en-la-ultima\/"},"modified":"2022-12-01T22:15:19","modified_gmt":"2022-12-01T22:15:19","slug":"la-cantante-espanola-aitana-debuta-como-actriz-junto-a-su-pareja-bernardeau-en-la-ultima","status":"publish","type":"post","link":"http:\/\/nuevacordoba.net\/index.php\/2022\/12\/01\/la-cantante-espanola-aitana-debuta-como-actriz-junto-a-su-pareja-bernardeau-en-la-ultima\/","title":{"rendered":"La cantante espa\u00f1ola Aitana debuta como actriz junto a su pareja Bernardeau en \u00abLa \u00daltima\u00bb"},"content":{"rendered":"<figure class=\"mb-3\"><img loading=\"lazy\" src=\"http:\/\/nuevacordoba.net\/wp-content\/uploads\/2022\/12\/la-cantante-espanola-aitana-debuta-como-actriz-junto-a-su-pareja-bernardeau-en-la-ultima.jpg\" width=\"100%\" height=\"100%\" alt=\"Serie La ltima protagonizada por AitanaOcaa y Miguel Bernardeau Foto Prensa\"><figcaption> Serie \u00abLa \u00fcltima\u00bb, protagonizada por Aitana.Oca\u00f1a y Miguel Bernardeau.\/\/ Foto Prensa <\/figcaption><\/figure>\n<p>La popular cantante y compositora Aitana Oca\u00f1a y el ascendente actor Miguel Bernardeau, pareja en la vida real, son los j\u00f3venes int\u00e9rpretes de \u00abLa \u00daltima\u00bb, serie espa\u00f1ola generada por Disney que el <strong>pr\u00f3ximo viernes tendr\u00e1 su estreno iberoamericano<\/strong> a trav\u00e9s de la plataforma Star+.<\/p>\n<p>En cinco cap\u00edtulos, \u00abLa \u00daltima\u00bb visita la historia de encuentros y desencuentros de Candela (empleada en una empresa de log\u00edstica que sue\u00f1a con ser cantante) y Diego (que aspira a ser boxeador profesional), quienes se reencuentran tras haber compartido la escuela secundaria.<\/p>\n<p>De alg\u00fan modo la ficci\u00f3n dialoga con la vida real de este v\u00ednculo amoroso sostenido desde 2020 que coloca a Aitana y a Miguel conformando una de las parejas m\u00e1s recatadas y queridas del espect\u00e1culo espa\u00f1ol de hoy.<\/p>\n<p>\u00abNuestra vida es nuestra y nunca hemos hablado sobre ella. En este camino profesional nos ha tocado interpretar realmente estos roles que no son estrictamente los de una pareja aunque terminen teniendo algo y hay una qu\u00edmica entre ambos\u00bb, apunta <strong>Aitana a T\u00e9lam durante una entrevista por Zoom desde Madrid.<\/strong><\/p>\n<p><strong>La autora y vocalista que viene de colmar dos funciones en el porte\u00f1o Teatro Gran Rex <\/strong>en sus primeros recitales argentinos, desliza que ese lazo entre ambos planos de la existencia \u00abtal vez sea algo que la gente va a ver ya que ese amor se va desarrollando a lo largo de los de los episodios y hay idas y venidas. Pero bueno, ese es el amor que tienen Candela y Diego nada que ver con nosotros, que lo nuestro es nuestro\u00bb.<\/p>\n<p>Tambi\u00e9n parado en esa delgada l\u00ednea que re\u00fane a \u00abLa \u00faltima\u00bb con los anhelos de sus protagonistas, <strong>Bernardeau<\/strong> apunta que <strong>\u00abestos dos personajes tienen formas muy diferentes entre ellas de afrontar su sue\u00f1o, de afrontar el trabajo que hay que hacer para alcanzar su sue\u00f1o\u00bb.<\/strong><\/p>\n<figure class=\"mb-3\"><img loading=\"lazy\" src=\"http:\/\/nuevacordoba.net\/wp-content\/uploads\/2022\/12\/la-cantante-espanola-aitana-debuta-como-actriz-junto-a-su-pareja-bernardeau-en-la-ultima-1.jpg\" width=\"100%\" height=\"100%\" alt=\"La propuesta saca provecho del talento musical de Aitana Foto prensa\"><figcaption> La propuesta saca provecho del talento musical de Aitana. \/\/Foto prensa <\/figcaption><\/figure>\n<p><strong>El acto<\/strong>r reconocido por sus labores en las series \u00ab<strong>Josefina\u00bb, \u00ab\u00c9lite\u00bb, y \u00abTodo lo otro\u00bb, <\/strong>consigna a esta agencia que su Diego \u00abes un chaval que no es incre\u00edblemente bueno en el boxeo, pero que tiene muchas ganas, que tiene mucha necesidad sobre todo y que es un superviviente\u00bb.<\/p>\n<p>A su lado, la int\u00e9rprete quien debuta como actriz con este rol de Candela, confiesa que \u00abme encantar\u00eda poder seguir trabajando en proyectos como actriz\u00bb.<\/p>\n<p>La artista, de 23 a\u00f1os, a\u00f1ade que \u00absi se me ofrece la oportunidad por supuesto que voy a estar encantada y feliz de actuar y para ello tambi\u00e9n voy a seguir form\u00e1ndome\u00bb.<\/p>\n<p><strong>La propuesta saca provecho del talento musical de Aitana<\/strong> no solamente para encarnar a una cantante sino como a<strong>utora de los temas que asume Candela.<\/strong><\/p>\n<div class=\"video_repositive\"> <a class=\"video_sticky\" href=\"javascript:void();\" onclick=\"removeStuckVideo(true);\"><i class=\"far fa-window-close\"><\/i><\/a> <\/p>\n<div id=\"qc8xg3VaGEU\" class=\"video_telam\" readability=\"6\">\n<div class=\"feature_article_inner\" readability=\"32\">\n<p><h2 class=\"text-center\">La serie espa\u00f1ola generada por Disney tendr\u00e1 su estreno iberoamericano.<\/h2>\n<\/p><\/div>\n<p>VER VIDEO <i class=\"fas fa-play\"><\/i><\/p>\n<\/p><\/div><\/div>\n<p>\u00abComponer desde el lugar de Candela <strong>ha sido de lo m\u00e1s inspirador <\/strong>que me ha pasado nunca. Nunca he escrito tantas canciones tan seguidas y que valgan\u00bb, confiesa Aitana, quien surgida del reality televisivo \u00abOperaci\u00f3n Triunfo\u00bb de 2017, desde entonces devino en una figura en ascenso permanente con una sucesi\u00f3n de lauros.<\/p>\n<p>E inmediatamente y al comparar el impulso que le otorg\u00f3 \u00abLa \u00daltima\u00bb en relaci\u00f3n al \u00e1lbum sucesor de \u00abSpoiler\u00bb (2019) y \u00ab11 razones\u00bb (2020), apunta que \u00abllevo dos a\u00f1os o m\u00e1s para hacer mi tercer disco y sin embargo para el disco de Candela no tard\u00e9 mucho, apenas dos semanas, no m\u00e1s\u00bb.<\/p>\n<p>\u00abEs extra\u00f1o -abunda la bella catalana- pero a partir de los guiones que nos iban pasando sent\u00eda como la necesidad de crear esa historia de Candela mediante las canciones\u00bb.<\/p>\n<p>Para completar esa panor\u00e1mica en torno a esta doble experiencia actoral y musical, redondea que \u00abfue algo muy muy bonito porque tambi\u00e9n fue para m\u00ed inspirador tanto a la hora de escribir como cuando ya estaban escritas esas canciones para desarrollar tambi\u00e9n mi personaje\u00bb.<\/p>\n<figure class=\"mb-3\"><img loading=\"lazy\" src=\"http:\/\/nuevacordoba.net\/wp-content\/uploads\/2022\/12\/la-cantante-espanola-aitana-debuta-como-actriz-junto-a-su-pareja-bernardeau-en-la-ultima-2.jpg\" width=\"100%\" height=\"100%\" alt=\"Rn la tira Diego aspira a ser boxeador profesionalFoto prensa\"><figcaption> Rn la tira, Diego aspira a ser boxeador profesional.\/\/Foto prensa <\/figcaption><\/figure>\n<p><strong>La serie en cuesti\u00f3n est\u00e1 dirigida<\/strong> por Eduard Cort\u00e9s (\u00abMerl\u00ed\u00bb, \u00abDime qui\u00e9n soy\u00bb) y Abigail Schaaff (\u00abEl Ministerio del Tiempo\u00bb, \u00abMadres\u00bb, \u00abAmor y vida\u00bb) y su tr\u00edpode creativo lo integran Ana\u00efs Schaaff (\u00abIsabel\u00bb, \u00abEl Ministerio del Tiempo\u00bb), Jordi Calaf\u00ed (\u00abMalaka\u00bb, \u00abEl Ministerio del Tiempo\u00bb) y Joaqu\u00edn Oristrell (\u00abCu\u00e9ntame c\u00f3mo pas\u00f3\u00bb, \u00abLa Tribu\u00bb, \u00abHit\u00bb).<\/p>\n<p><strong>El elenco<\/strong> de \u00abLa \u00daltima\u00bb completa su reparto con Aitor Luna, Luis Zahera (ganador del Premio Goya como Mejor Actor de Reparto por \u00abEl reino\u00bb), Jorge Motos, Sandra Cervera, el cubano Jorge Perugorr\u00eda, Jelen Garc\u00eda, \u00d3scar de la Fuente, David Castillo y Esther Ortega.<\/p>\n<p><strong>T\u00e9lam: \u00bfPuede pensarse que al contar la superaci\u00f3n personal de sus protagonistas en busca de sus sue\u00f1os \u00abLa \u00daltima\u00bb resuena de manera especial en ustedes?<\/strong><\/p>\n<p><strong>Miguel Bernardeau: <\/strong>Yo considero que son casos muy diferentes a los de nosotros. Yo empec\u00e9 haciendo series, televisi\u00f3n en Espa\u00f1a y luego pas\u00e9 a las plataformas. Y la situaci\u00f3n de Aitana con la m\u00fasica tambi\u00e9n es sumamente distinto al que vive Candela.<\/p>\n<figure class=\"mb-3\"><img loading=\"lazy\" src=\"http:\/\/nuevacordoba.net\/wp-content\/uploads\/2022\/12\/la-cantante-espanola-aitana-debuta-como-actriz-junto-a-su-pareja-bernardeau-en-la-ultima-3.jpg\" width=\"100%\" height=\"100%\" alt=\"Bernardeau reconocido por sus labores en las series Josefina lite y Todo lo otro\"><figcaption> Bernardeau reconocido por sus labores en las series \u00abJosefina\u00bb, \u00ab\u00c9lite\u00bb, y \u00abTodo lo otro\u00bb. <\/figcaption><\/figure>\n<p><strong>T: \u00bfC\u00f3mo definir\u00edas a tu personaje de Diego?<\/strong><\/p>\n<p>MB: Es un chaval que no es incre\u00edblemente bueno en el boxeo, pero que tiene muchas ganas, que tiene mucha necesidad y sobre todo es un superviviente pero no conoce los medios para llegar porque no tiene las herramientas necesarias para para contactar con alguien que le diga, \u00aboye, mira, se hace as\u00ed as\u00ed para llegar aqu\u00ed\u00bb.<\/p>\n<p><strong>T: Aitana \u00bfde qu\u00e9 manera describir\u00edas a la Candela que te toc\u00f3?<\/strong><\/p>\n<p><strong>Aitana Oca\u00f1a:<\/strong> Candela s\u00ed tiene las herramientas emocionales y es m\u00e1s inteligente y adem\u00e1s tiene m\u00e1s mundo que Diego, ha salido m\u00e1s del barrio por as\u00ed decirlo y est\u00e1 fuera de ese ciclo t\u00f3xico que es el barrio para \u00e9l. Ella tiene la capacidad y el talento para para llegar a donde quiere, pero sus circunstancias son s\u00faper diferentes a lo que venimos haciendo en la vida real. <\/p>\n","protected":false},"excerpt":{"rendered":"<p>Serie \u00abLa \u00fcltima\u00bb, protagonizada por Aitana.Oca\u00f1a y Miguel Bernardeau.\/\/ Foto Prensa La popular cantante y compositora Aitana Oca\u00f1a y el ascendente actor Miguel Bernardeau, pareja en la vida real, son los j\u00f3venes int\u00e9rpretes de \u00abLa \u00daltima\u00bb, serie espa\u00f1ola generada por Disney que el pr\u00f3ximo viernes tendr\u00e1 su estreno iberoamericano a trav\u00e9s de la plataforma Star+. [&hellip;]<\/p>\n","protected":false},"author":1,"featured_media":26862,"comment_status":"closed","ping_status":"closed","sticky":false,"template":"","format":"standard","meta":[],"categories":[9],"tags":[],"_links":{"self":[{"href":"http:\/\/nuevacordoba.net\/index.php\/wp-json\/wp\/v2\/posts\/26861"}],"collection":[{"href":"http:\/\/nuevacordoba.net\/index.php\/wp-json\/wp\/v2\/posts"}],"about":[{"href":"http:\/\/nuevacordoba.net\/index.php\/wp-json\/wp\/v2\/types\/post"}],"author":[{"embeddable":true,"href":"http:\/\/nuevacordoba.net\/index.php\/wp-json\/wp\/v2\/users\/1"}],"replies":[{"embeddable":true,"href":"http:\/\/nuevacordoba.net\/index.php\/wp-json\/wp\/v2\/comments?post=26861"}],"version-history":[{"count":0,"href":"http:\/\/nuevacordoba.net\/index.php\/wp-json\/wp\/v2\/posts\/26861\/revisions"}],"wp:featuredmedia":[{"embeddable":true,"href":"http:\/\/nuevacordoba.net\/index.php\/wp-json\/wp\/v2\/media\/26862"}],"wp:attachment":[{"href":"http:\/\/nuevacordoba.net\/index.php\/wp-json\/wp\/v2\/media?parent=26861"}],"wp:term":[{"taxonomy":"category","embeddable":true,"href":"http:\/\/nuevacordoba.net\/index.php\/wp-json\/wp\/v2\/categories?post=26861"},{"taxonomy":"post_tag","embeddable":true,"href":"http:\/\/nuevacordoba.net\/index.php\/wp-json\/wp\/v2\/tags?post=26861"}],"curies":[{"name":"wp","href":"https:\/\/api.w.org\/{rel}","templated":true}]}}