{"id":26906,"date":"2022-12-02T23:08:52","date_gmt":"2022-12-02T23:08:52","guid":{"rendered":"https:\/\/www.ole.com.ar\/futbol-ascenso\/ascenso-estudiantes-estudiantes-de-rio-cuarto-primera-nacional-reducido-marcelo-vazquez_0_IRJRF93kTc.html"},"modified":"2022-12-02T23:08:52","modified_gmt":"2022-12-02T23:08:52","slug":"estudiantes-de-rio-cuarto-no-deja-de-crecer","status":"publish","type":"post","link":"http:\/\/nuevacordoba.net\/index.php\/2022\/12\/02\/estudiantes-de-rio-cuarto-no-deja-de-crecer\/","title":{"rendered":"Estudiantes de R\u00edo Cuarto no deja de crecer"},"content":{"rendered":"<div class=\"custom-text \" readability=\"28.789940828402\">\n<p><strong>Los \u00faltimos a\u00f1os de <\/strong><a href=\"https:\/\/www.ole.com.ar\/tema\/estudiantes-rio-cuarto.html\" title=\"Estudiantes Rio Cuarto\" alt=\"Estudiantes Rio Cuarto\" class=\"slug\"><strong>Estudiantes de R\u00edo Cuarto<\/strong><\/a><strong> en el f\u00fatbol argentino han sido de puro crecimiento.<\/strong> Con su <strong>ascenso en 2016 al <\/strong><a href=\"https:\/\/www.ole.com.ar\/tema\/federal-a.html\" title=\"Federal A\" alt=\"Federal A\" class=\"slug\"><strong>Federal A<\/strong><\/a>, su <strong>salto hacia la <\/strong><a href=\"https:\/\/www.ole.com.ar\/tema\/primera-nacional.html\" title=\"Primera Nacional\" alt=\"Primera Nacional\" class=\"slug\"><strong>Primera Nacional<\/strong><\/a><strong> en 2019<\/strong> y la <strong>disputa de dos finales a principios de 2021 para llegar a <\/strong><a href=\"https:\/\/www.ole.com.ar\/tema\/primera-division.html\" title=\"Primera Divisi\u00f3n\" alt=\"Primera Divisi\u00f3n\" class=\"slug\"><strong>Primera<\/strong><\/a>(perdi\u00f3 con <a href=\"https:\/\/www.ole.com.ar\/tema\/sarmiento-de-junin.html\" title=\"Sarmiento de Jun\u00edn\" alt=\"Sarmiento de Jun\u00edn\" class=\"slug\">Sarmiento <\/a>y <a href=\"https:\/\/www.ole.com.ar\/tema\/platense.html\" title=\"Platense\" alt=\"Platense\" class=\"slug\">Platense<\/a>), el club se ha visto envuelto en un gran progreso.<\/p>\n<\/div>\n<div class=\"sc-e9a69009-0 cjEXLm\" readability=\"7\">\n<section readability=\"4\"><picture><img class=\"img\" src=\"http:\/\/nuevacordoba.net\/wp-content\/uploads\/2022\/12\/estudiantes-de-rio-cuarto-no-deja-de-crecer.jpg\" alt=\"Roberto Bochi: \u201cSon un mont\u00f3n de sensaciones, la de alivio es la que m\u00e1s se siente\u201d\" height=\"290\" width=\"290\" loading=\"lazy\"><\/picture>\n<p><span>Mir\u00e1 tambi\u00e9n<\/span><\/p>\n<hr>\n<h3>Roberto Bochi: \u201cSon un mont\u00f3n de sensaciones, la de alivio es la que m\u00e1s se siente\u201d<\/h3>\n<\/p>\n<\/section>\n<\/div>\n<div class=\"custom-text \" readability=\"40\">\n<p>Los resultados futbol\u00edsticos tambi\u00e9n han sido acompa\u00f1ados por obras de infraestructura, porque la dirigencia del Le\u00f3n anunci\u00f3, esta semana, la <strong>instalaci\u00f3n del sistema de riego autom\u00e1tico por aspersi\u00f3n en el Ciudad de R\u00edo Cuarto Antonio Candini, con el objetivo de \u201cmejorar las condiciones del c\u00e9sped para la competencia profesional\u201d, <\/strong>seg\u00fan informaron las redes sociales del conjunto de la Avenida Espa\u00f1a.<\/p>\n<\/div>\n<div class=\"sc-e9a69009-0 cjEXLm\" readability=\"6\">\n<section readability=\"2\"><picture><img class=\"img\" src=\"http:\/\/nuevacordoba.net\/wp-content\/uploads\/2022\/12\/estudiantes-de-rio-cuarto-no-deja-de-crecer-1.jpg\" alt=\"Brasil volvi\u00f3 a caer tras 17 partidos: no perd\u00eda desde la final con Argentina\" height=\"290\" width=\"290\" loading=\"lazy\"><\/picture>\n<p><span>Mir\u00e1 tambi\u00e9n<\/span><\/p>\n<hr>\n<h3>Brasil volvi\u00f3 a caer tras 17 partidos: no perd\u00eda desde la final con Argentina<\/h3>\n<\/p>\n<\/section>\n<\/div>\n<div class=\"custom-text \" readability=\"35\">\n<p>Mientras se llevan a cabo las obras, <strong>el plantel profesional sigue trabajando a las \u00f3rdenes del hist\u00f3rico entrenador Marcelo V\u00e1zquez,<\/strong> quien asegur\u00f3 su continuidad en el club por un a\u00f1o m\u00e1s.<\/p>\n<\/div>\n<div class=\"sc-e9a69009-0 cjEXLm\" readability=\"6\">\n<section readability=\"2\"><picture><img class=\"img\" src=\"http:\/\/nuevacordoba.net\/wp-content\/uploads\/2022\/12\/estudiantes-de-rio-cuarto-no-deja-de-crecer-2.jpg\" alt=\"Ferro y un refuerzo de jerarqu\u00eda para luchar el ascenso\" height=\"290\" width=\"290\" loading=\"lazy\"><\/picture>\n<p><span>Mir\u00e1 tambi\u00e9n<\/span><\/p>\n<hr>\n<h3>Ferro y un refuerzo de jerarqu\u00eda para luchar el ascenso<\/h3>\n<\/p>\n<\/section>\n<\/div>\n<p><h2><strong>Le\u00f3n \u201crenovado\u201d<\/strong><\/h2>\n<\/p>\n<div class=\"custom-text \" readability=\"41.92125984252\">\n<p>Siguen las renovaciones en el plantel Celeste que lleg\u00f3 hasta los cuartos de final del Reducido por el segundo ascenso a la Liga Profesional en este 2022. <strong>Marcos Hermann, Mat\u00edas Rosales, Gast\u00f3n Arturia, Nicol\u00e1s Talpone, Tom\u00e1s Correa Cavigliasso, Ramiro Balbuena, Luis Silba, Santiago Zurbriggen, \u00c1lvaro Pav\u00f3n, Gonzalo Maffini y <\/strong><a href=\"https:\/\/www.ole.com.ar\/tema\/fernando-belluschi.html\" title=\"Fernando Belluschi\" alt=\"Fernando Belluschi\" class=\"slug\"><strong>Fernando Belluschi <\/strong><\/a><strong>ya extendieron su v\u00ednculo.<\/strong><\/p>\n<\/div>\n<div class=\"sc-b8e659bf-0 gCuBvW\"><img alt=\"Maffini y Belluschi, los primeros en renovar (Prensa Estudiantes).\" srcset=\"http:\/\/nuevacordoba.net\/wp-content\/uploads\/2022\/12\/estudiantes-de-rio-cuarto-no-deja-de-crecer-3.jpg 1x, http:\/\/nuevacordoba.net\/wp-content\/uploads\/2022\/12\/estudiantes-de-rio-cuarto-no-deja-de-crecer-3.jpg 2x\" src=\"http:\/\/nuevacordoba.net\/wp-content\/uploads\/2022\/12\/estudiantes-de-rio-cuarto-no-deja-de-crecer-3.jpg\" width=\"720\" height=\"0\" decoding=\"async\" data-nimg=\"future\" loading=\"lazy\"><span>Maffini y Belluschi, los primeros en renovar (Prensa Estudiantes).<\/span><\/div>\n<div class=\"custom-text \" readability=\"38\">\n<p>Por otra parte, <strong>Lautaro Mur, Emanuel Cuevas, Javier Ferreira, Mart\u00edn Garc\u00eda, Maximiliano Padilla y Sasha Marcich <\/strong>no siguen en Estudiantes.<\/p>\n<\/div>\n","protected":false},"excerpt":{"rendered":"<p>Los \u00faltimos a\u00f1os de Estudiantes de R\u00edo Cuarto en el f\u00fatbol argentino han sido de puro crecimiento. Con su ascenso en 2016 al Federal A, su salto hacia la Primera Nacional en 2019 y la disputa de dos finales a principios de 2021 para llegar a Primera(perdi\u00f3 con Sarmiento y Platense), el club se ha [&hellip;]<\/p>\n","protected":false},"author":1,"featured_media":26907,"comment_status":"closed","ping_status":"closed","sticky":false,"template":"","format":"standard","meta":[],"categories":[10],"tags":[],"_links":{"self":[{"href":"http:\/\/nuevacordoba.net\/index.php\/wp-json\/wp\/v2\/posts\/26906"}],"collection":[{"href":"http:\/\/nuevacordoba.net\/index.php\/wp-json\/wp\/v2\/posts"}],"about":[{"href":"http:\/\/nuevacordoba.net\/index.php\/wp-json\/wp\/v2\/types\/post"}],"author":[{"embeddable":true,"href":"http:\/\/nuevacordoba.net\/index.php\/wp-json\/wp\/v2\/users\/1"}],"replies":[{"embeddable":true,"href":"http:\/\/nuevacordoba.net\/index.php\/wp-json\/wp\/v2\/comments?post=26906"}],"version-history":[{"count":0,"href":"http:\/\/nuevacordoba.net\/index.php\/wp-json\/wp\/v2\/posts\/26906\/revisions"}],"wp:featuredmedia":[{"embeddable":true,"href":"http:\/\/nuevacordoba.net\/index.php\/wp-json\/wp\/v2\/media\/26907"}],"wp:attachment":[{"href":"http:\/\/nuevacordoba.net\/index.php\/wp-json\/wp\/v2\/media?parent=26906"}],"wp:term":[{"taxonomy":"category","embeddable":true,"href":"http:\/\/nuevacordoba.net\/index.php\/wp-json\/wp\/v2\/categories?post=26906"},{"taxonomy":"post_tag","embeddable":true,"href":"http:\/\/nuevacordoba.net\/index.php\/wp-json\/wp\/v2\/tags?post=26906"}],"curies":[{"name":"wp","href":"https:\/\/api.w.org\/{rel}","templated":true}]}}