{"id":27377,"date":"2022-12-17T00:36:10","date_gmt":"2022-12-17T00:36:10","guid":{"rendered":"http:\/\/nuevacordoba.net\/index.php\/2022\/12\/17\/nacho-fernandez-vuelve-a-river\/"},"modified":"2022-12-17T00:36:10","modified_gmt":"2022-12-17T00:36:10","slug":"nacho-fernandez-vuelve-a-river","status":"publish","type":"post","link":"http:\/\/nuevacordoba.net\/index.php\/2022\/12\/17\/nacho-fernandez-vuelve-a-river\/","title":{"rendered":"\u00abNacho\u00bb Fern\u00e1ndez vuelve a River"},"content":{"rendered":"<figure class=\"mb-3\"><img loading=\"lazy\" src=\"http:\/\/nuevacordoba.net\/wp-content\/uploads\/2022\/12\/nacho-fernandez-vuelve-a-river.jpg\" width=\"100%\" height=\"100%\" alt=\"Nacho Fernnez Foto archivo\"><figcaption> Nacho Fern\u00e1nez. Foto: archivo. <\/figcaption><\/figure>\n<p>El volante Ignacio \u00abNacho\u00bb Fern\u00e1ndez concret\u00f3 su regreso a River Plate, luego de la reciente aprobaci\u00f3n de Atl\u00e9tico Mineiro de Brasil para cerrar la operaci\u00f3n, y s\u00f3lo resta que firme el contrato que lo vincule otra vez al club de N\u00fa\u00f1ez.<\/p>\n<p>Fern\u00e1ndez arribar\u00e1 al pa\u00eds este fin de semana, seg\u00fan averigu\u00f3 agencia T\u00e9lam, se someter\u00e1 a una revisi\u00f3n m\u00e9dica y firmar\u00e1 un contrato de tres a\u00f1os con el club, en una suma aproximada a los 3 millones de d\u00f3lares, que incluye la deuda de un mill\u00f3n por parte de la entidad brasile\u00f1a.<\/p>\n<p>El ex Gimnasia La Plata, pieza clave del equipo conducido por Marcelo Gallardo entre 2018 y 2019, se sumar\u00eda al plantel ahora comandado por Mart\u00edn Demichelis, a partir de la pr\u00f3xima semana.<\/p>\n<p>El futbolista bonaerense ya estuvo en contacto con Demichelis y tambi\u00e9n con el capit\u00e1n Enzo P\u00e9rez.<\/p>\n<p>La deuda del Mineiro, reclamada ante la FIFA, fue clave para el operativo retorno de Fern\u00e1ndez, quien ser\u00e1 padre a la brevedad y desea establecer su familia en la Argentina.<\/p>\n<p>El volante regresar\u00e1 al equipo donde se consagr\u00f3 luego de su arribo en 2017, desde Gimnasia, para mejorar las estad\u00edsticas de esos a\u00f1os en River, donde lleg\u00f3 a las dos finales de la Libertadores y fue parte de cinco eliminaciones sobre Boca.<\/p>\n<p>Fern\u00e1ndez, quien jug\u00f3 83 partidos y anot\u00f3 19 goles en el equipo de Minas Gerais, se coron\u00f3 en dos torneos estaduales, gan\u00f3 el Brasileirao y tambi\u00e9n la Copa Brasil y la Supercopa. Pero no pudo ganar la Copa Libertadores en los dos a\u00f1os que la jug\u00f3. <\/p>\n","protected":false},"excerpt":{"rendered":"<p>Nacho Fern\u00e1nez. Foto: archivo. El volante Ignacio \u00abNacho\u00bb Fern\u00e1ndez concret\u00f3 su regreso a River Plate, luego de la reciente aprobaci\u00f3n de Atl\u00e9tico Mineiro de Brasil para cerrar la operaci\u00f3n, y s\u00f3lo resta que firme el contrato que lo vincule otra vez al club de N\u00fa\u00f1ez. Fern\u00e1ndez arribar\u00e1 al pa\u00eds este fin de semana, seg\u00fan averigu\u00f3 [&hellip;]<\/p>\n","protected":false},"author":1,"featured_media":27378,"comment_status":"closed","ping_status":"closed","sticky":false,"template":"","format":"standard","meta":[],"categories":[10],"tags":[],"_links":{"self":[{"href":"http:\/\/nuevacordoba.net\/index.php\/wp-json\/wp\/v2\/posts\/27377"}],"collection":[{"href":"http:\/\/nuevacordoba.net\/index.php\/wp-json\/wp\/v2\/posts"}],"about":[{"href":"http:\/\/nuevacordoba.net\/index.php\/wp-json\/wp\/v2\/types\/post"}],"author":[{"embeddable":true,"href":"http:\/\/nuevacordoba.net\/index.php\/wp-json\/wp\/v2\/users\/1"}],"replies":[{"embeddable":true,"href":"http:\/\/nuevacordoba.net\/index.php\/wp-json\/wp\/v2\/comments?post=27377"}],"version-history":[{"count":0,"href":"http:\/\/nuevacordoba.net\/index.php\/wp-json\/wp\/v2\/posts\/27377\/revisions"}],"wp:featuredmedia":[{"embeddable":true,"href":"http:\/\/nuevacordoba.net\/index.php\/wp-json\/wp\/v2\/media\/27378"}],"wp:attachment":[{"href":"http:\/\/nuevacordoba.net\/index.php\/wp-json\/wp\/v2\/media?parent=27377"}],"wp:term":[{"taxonomy":"category","embeddable":true,"href":"http:\/\/nuevacordoba.net\/index.php\/wp-json\/wp\/v2\/categories?post=27377"},{"taxonomy":"post_tag","embeddable":true,"href":"http:\/\/nuevacordoba.net\/index.php\/wp-json\/wp\/v2\/tags?post=27377"}],"curies":[{"name":"wp","href":"https:\/\/api.w.org\/{rel}","templated":true}]}}