{"id":27395,"date":"2022-12-17T15:24:57","date_gmt":"2022-12-17T15:24:57","guid":{"rendered":"http:\/\/nuevacordoba.net\/index.php\/2022\/12\/17\/jane-fonda-revelo-que-mejora-en-su-estado-de-salud\/"},"modified":"2022-12-17T15:24:57","modified_gmt":"2022-12-17T15:24:57","slug":"jane-fonda-revelo-que-mejora-en-su-estado-de-salud","status":"publish","type":"post","link":"http:\/\/nuevacordoba.net\/index.php\/2022\/12\/17\/jane-fonda-revelo-que-mejora-en-su-estado-de-salud\/","title":{"rendered":"Jane Fonda revel\u00f3 que mejora en su estado de salud"},"content":{"rendered":"<figure class=\"mb-3\"><img loading=\"lazy\" src=\"http:\/\/nuevacordoba.net\/wp-content\/uploads\/2022\/12\/jane-fonda-revelo-que-mejora-en-su-estado-de-salud.jpg\" width=\"100%\" height=\"100%\" alt=\"Jane Fonda Foto archivo\"><figcaption> Jane Fonda. Foto: archivo. <\/figcaption><\/figure>\n<p>La actriz y activista estadounidense Jane Fonda, quien en septiembre anunci\u00f3 que estaba recibiendo quimioterapia para tratar un linfoma no hodgkiniano, revel\u00f3 en las \u00faltimas horas que su c\u00e1ncer \u00abest\u00e1 en remisi\u00f3n\u00bb.<\/p>\n<p>\u201cLa semana pasada, mi onc\u00f3logo me dijo que mi c\u00e1ncer est\u00e1 en remisi\u00f3n y que puedo suspender la quimioterapia. Me siento tan bendecida y tan afortunada\u00bb, escribi\u00f3 la ex modelo, de 84 a\u00f1os, desde su cuenta de Instagram.<\/p>\n<p>Agradecida por \u00abtodos los que oraron y enviaron buenos pensamientos\u00bb para su recuperaci\u00f3n, dijo que esas acciones \u00abjugaron un papel en las buenas noticias\u00bb.<\/p>\n<blockquote class=\"instagram-media\" data-instgrm-captioned data-instgrm-permalink=\"https:\/\/www.instagram.com\/p\/CmM43iDu22v\/?utm_source=ig_embed&amp;utm_campaign=loading\" data-instgrm-version=\"14\" readability=\"-0.23595505617978\"><\/blockquote>\n<p>No es la primera vez que la actriz dos veces ganadora del Oscar se enfrenta a un problema de salud vinculado al c\u00e1ncer.<\/p>\n<p>En m\u00e1s de una ocasi\u00f3n, coment\u00f3 a la prensa que le retiraron varios melanomas a lo largo de su vida e incluso un tumor no invasivo en una mama en 2010. <\/p>\n","protected":false},"excerpt":{"rendered":"<p>Jane Fonda. Foto: archivo. La actriz y activista estadounidense Jane Fonda, quien en septiembre anunci\u00f3 que estaba recibiendo quimioterapia para tratar un linfoma no hodgkiniano, revel\u00f3 en las \u00faltimas horas que su c\u00e1ncer \u00abest\u00e1 en remisi\u00f3n\u00bb. \u201cLa semana pasada, mi onc\u00f3logo me dijo que mi c\u00e1ncer est\u00e1 en remisi\u00f3n y que puedo suspender la quimioterapia. [&hellip;]<\/p>\n","protected":false},"author":1,"featured_media":27396,"comment_status":"closed","ping_status":"closed","sticky":false,"template":"","format":"standard","meta":[],"categories":[9],"tags":[],"_links":{"self":[{"href":"http:\/\/nuevacordoba.net\/index.php\/wp-json\/wp\/v2\/posts\/27395"}],"collection":[{"href":"http:\/\/nuevacordoba.net\/index.php\/wp-json\/wp\/v2\/posts"}],"about":[{"href":"http:\/\/nuevacordoba.net\/index.php\/wp-json\/wp\/v2\/types\/post"}],"author":[{"embeddable":true,"href":"http:\/\/nuevacordoba.net\/index.php\/wp-json\/wp\/v2\/users\/1"}],"replies":[{"embeddable":true,"href":"http:\/\/nuevacordoba.net\/index.php\/wp-json\/wp\/v2\/comments?post=27395"}],"version-history":[{"count":0,"href":"http:\/\/nuevacordoba.net\/index.php\/wp-json\/wp\/v2\/posts\/27395\/revisions"}],"wp:featuredmedia":[{"embeddable":true,"href":"http:\/\/nuevacordoba.net\/index.php\/wp-json\/wp\/v2\/media\/27396"}],"wp:attachment":[{"href":"http:\/\/nuevacordoba.net\/index.php\/wp-json\/wp\/v2\/media?parent=27395"}],"wp:term":[{"taxonomy":"category","embeddable":true,"href":"http:\/\/nuevacordoba.net\/index.php\/wp-json\/wp\/v2\/categories?post=27395"},{"taxonomy":"post_tag","embeddable":true,"href":"http:\/\/nuevacordoba.net\/index.php\/wp-json\/wp\/v2\/tags?post=27395"}],"curies":[{"name":"wp","href":"https:\/\/api.w.org\/{rel}","templated":true}]}}