{"id":27408,"date":"2022-12-17T19:25:57","date_gmt":"2022-12-17T19:25:57","guid":{"rendered":"https:\/\/www.bbc.com\/mundo\/noticias-63978403"},"modified":"2022-12-17T19:25:57","modified_gmt":"2022-12-17T19:25:57","slug":"que-fue-el-segundo-reich-el-estado-imperial-y-semidemocratico-que-anoran-algunos-grupos-ultra-en-alemania","status":"publish","type":"post","link":"http:\/\/nuevacordoba.net\/index.php\/2022\/12\/17\/que-fue-el-segundo-reich-el-estado-imperial-y-semidemocratico-que-anoran-algunos-grupos-ultra-en-alemania\/","title":{"rendered":"Qu\u00e9 fue el Segundo Reich, el Estado imperial y semidemocr\u00e1tico que a\u00f1oran algunos grupos ultra en Alemania"},"content":{"rendered":"<div dir=\"ltr\" class=\"e1j2237y6 bbc-q4ibpr ebmt73l0\">\n<div class=\"bbc-1atl7vu euvj3t14\">\n<ul role=\"list\" class=\"bbc-k0l9bd euvj3t12\">\n<li role=\"listitem\" class=\"bbc-1a3w4ok euvj3t11\">\u00c1ngel Berm\u00fadez (@angelbermudez)<\/li>\n<li role=\"listitem\" class=\"bbc-1p92jtu euvj3t10\">BBC News Mundo<\/li>\n<\/ul>\n<\/div>\n<\/div>\n<p><time datetime=\"2022-12-17\" class=\"bbc-1dafq0j e1mklfmt0\">17 diciembre 2022, 09:07 GMT<\/time><\/p>\n<div dir=\"ltr\" class=\"bbc-1ka88fa ebmt73l0\">\n<figure class=\"bbc-1qdcvv9 e1aczekt0\">\n<div dir=\"ltr\" class=\"bbc-172p16q ebmt73l0\">\n<div dir=\"ltr\" class=\"bbc-189y18v ebmt73l0\" readability=\"6.5\">\n<div data-e2e=\"image-placeholder\" class=\"bbc-997y1y eihqrxw0\" readability=\"8\"><img loading=\"lazy\" sizes=\"(min-width: 1008px) 645px, 100vw\" srcset=\"http:\/\/nuevacordoba.net\/wp-content\/uploads\/2022\/12\/que-fue-el-segundo-reich-el-estado-imperial-y-semidemocratico-que-anoran-algunos-grupos-ultra-en-alemania-7.jpg 240w, http:\/\/nuevacordoba.net\/wp-content\/uploads\/2022\/12\/que-fue-el-segundo-reich-el-estado-imperial-y-semidemocratico-que-anoran-algunos-grupos-ultra-en-alemania-8.jpg 320w, http:\/\/nuevacordoba.net\/wp-content\/uploads\/2022\/12\/que-fue-el-segundo-reich-el-estado-imperial-y-semidemocratico-que-anoran-algunos-grupos-ultra-en-alemania-9.jpg 480w, http:\/\/nuevacordoba.net\/wp-content\/uploads\/2022\/12\/que-fue-el-segundo-reich-el-estado-imperial-y-semidemocratico-que-anoran-algunos-grupos-ultra-en-alemania-10.jpg 624w, http:\/\/nuevacordoba.net\/wp-content\/uploads\/2022\/12\/que-fue-el-segundo-reich-el-estado-imperial-y-semidemocratico-que-anoran-algunos-grupos-ultra-en-alemania-11.jpg 800w\" src=\"http:\/\/nuevacordoba.net\/wp-content\/uploads\/2022\/12\/que-fue-el-segundo-reich-el-estado-imperial-y-semidemocratico-que-anoran-algunos-grupos-ultra-en-alemania.jpg\" alt=\"Otto von Bismarck\" width=\"976\" height=\"549\" class=\"e3vrtyk0 bbc-rb7xa0 e1mo64ex0\"><\/p>\n<p role=\"text\" class=\"bbc-1s1cxbv ewbcsnk0\"><span class=\"bbc-1gnhmg2 ed7bp6y0\">Fuente de la imagen, <\/span><span lang=\"en-GB\">Getty Images<\/span><\/p>\n<\/div>\n<\/div>\n<div dir=\"ltr\" class=\"bbc-3edg7g ebmt73l0\" readability=\"6.5\"><figcaption dir=\"ltr\" class=\"bbc-rhuvwm e6i104o0\" readability=\"3\"><span class=\"bbc-1gnhmg2 ed7bp6y0\">Pie de foto, <\/span><\/p>\n<p>Otto von Bismarck fue el cerebro tras la unificaci\u00f3n de Alemania y el primer canciller del Segundo Reich.<\/p>\n<\/figcaption><\/div>\n<\/div>\n<\/figure>\n<\/div>\n<div dir=\"ltr\" class=\"bbc-19j92fr ebmt73l0\" readability=\"8\">\n<p dir=\"ltr\" class=\"bbc-hhl7in e17g058b0\"><b>Se trataba de volver al pasado, de deshacer m\u00e1s de 100 a\u00f1os de historia.<\/b><\/p>\n<\/div>\n<div dir=\"ltr\" class=\"bbc-19j92fr ebmt73l0\" readability=\"11\">\n<p dir=\"ltr\" class=\"bbc-hhl7in e17g058b0\">A inicios de diciembre las portadas de medios de comunicaci\u00f3n de todo el mundo informaban de una noticia bastante inusual: las autoridades de Alemania hab\u00edan detenido a unas 25 personas sospechosas de preparar un golpe de Estado en ese pa\u00eds, con planes que inclu\u00edan la toma armada del Bundestag (Parlamento).<\/p>\n<\/div>\n<div dir=\"ltr\" class=\"bbc-19j92fr ebmt73l0\" readability=\"13\">\n<p dir=\"ltr\" class=\"bbc-hhl7in e17g058b0\">La mayor parte de los detenidos eran simpatizantes de un movimiento de ultraderecha conocido como Reichsb\u00fcrger (Ciudadanos del Reich), que no reconoce la existencia de la Rep\u00fablica Federal de Alemania y que ten\u00edan intenciones de derrocarla para instaurar en el pa\u00eds un nuevo r\u00e9gimen inspirado en el llamado Imperio alem\u00e1n o Segundo Reich, que se constituy\u00f3 en 1871 y desapareci\u00f3 en 1918, tras la derrota sufrida por ese pa\u00eds en la I Guerra Mundial.<\/p>\n<\/div>\n<div dir=\"ltr\" class=\"bbc-19j92fr ebmt73l0\" readability=\"13\">\n<p dir=\"ltr\" class=\"bbc-hhl7in e17g058b0\"><b>La existencia del Reichsb\u00fcrger era conocida desde hace a\u00f1os, pero m\u00e1s que de preocupaci\u00f3n era motivo de burlas<\/b> en el pa\u00eds, debido a que sus miembros eran considerados como chiflados por comportamientos como no querer pagar impuestos al gobierno federal, emitir documentos de identidad o carn\u00e9s de conducir propios (sin ninguna validez legal) e imprimir su propia moneda.<\/p>\n<\/div>\n<div dir=\"ltr\" class=\"bbc-19j92fr ebmt73l0\" readability=\"16\">\n<p dir=\"ltr\" class=\"bbc-hhl7in e17g058b0\">Sin embargo, la opini\u00f3n p\u00fablica se sorprendi\u00f3 al descubrir que entre sus filas no hab\u00eda solamente personas que se ubicaban en los m\u00e1rgenes de la sociedad, sino tambi\u00e9n m\u00e9dicos, cantantes de \u00f3pera, chefs, un arist\u00f3crata poco conocido, una juez que fue miembro del Bundestag y un excomandante militar que fue fundador del Mando de Fuerzas Especiales de Alemania y que estuvo al frente de batallones de tanques de infanter\u00eda de ese pa\u00eds entre 1998 y 2000.<\/p>\n<\/div>\n<div dir=\"ltr\" class=\"bbc-19j92fr ebmt73l0\" readability=\"8\">\n<p dir=\"ltr\" class=\"bbc-hhl7in e17g058b0\">Adem\u00e1s, <b>el grupo ten\u00eda almacenadas armas y explosivos.<\/b><\/p>\n<\/div>\n<div dir=\"ltr\" class=\"bbc-1ka88fa ebmt73l0\">\n<figure class=\"bbc-1qdcvv9 e1aczekt0\">\n<div dir=\"ltr\" class=\"bbc-172p16q ebmt73l0\">\n<div dir=\"ltr\" class=\"bbc-189y18v ebmt73l0\" readability=\"6.5\">\n<div data-e2e=\"image-placeholder\" class=\"bbc-997y1y eihqrxw0\" readability=\"8\"><noscript><img loading=\"lazy\" sizes=\"(min-width: 1008px) 645px, 100vw\" srcset=\"http:\/\/nuevacordoba.net\/wp-content\/uploads\/2022\/12\/que-fue-el-segundo-reich-el-estado-imperial-y-semidemocratico-que-anoran-algunos-grupos-ultra-en-alemania-12.jpg 240w, http:\/\/nuevacordoba.net\/wp-content\/uploads\/2022\/12\/que-fue-el-segundo-reich-el-estado-imperial-y-semidemocratico-que-anoran-algunos-grupos-ultra-en-alemania-13.jpg 320w, http:\/\/nuevacordoba.net\/wp-content\/uploads\/2022\/12\/que-fue-el-segundo-reich-el-estado-imperial-y-semidemocratico-que-anoran-algunos-grupos-ultra-en-alemania-14.jpg 480w, http:\/\/nuevacordoba.net\/wp-content\/uploads\/2022\/12\/que-fue-el-segundo-reich-el-estado-imperial-y-semidemocratico-que-anoran-algunos-grupos-ultra-en-alemania-15.jpg 624w, http:\/\/nuevacordoba.net\/wp-content\/uploads\/2022\/12\/que-fue-el-segundo-reich-el-estado-imperial-y-semidemocratico-que-anoran-algunos-grupos-ultra-en-alemania-16.jpg 800w\" src=\"http:\/\/nuevacordoba.net\/wp-content\/uploads\/2022\/12\/que-fue-el-segundo-reich-el-estado-imperial-y-semidemocratico-que-anoran-algunos-grupos-ultra-en-alemania-1.jpg\" alt=\"Polic\u00edas escoltan a una de las detenidas\" width=\"976\" height=\"549\" class=\"e3vrtyk0 bbc-rb7xa0 e1mo64ex0\"><\/noscript><\/p>\n<p role=\"text\" class=\"bbc-1s1cxbv ewbcsnk0\"><span class=\"bbc-1gnhmg2 ed7bp6y0\">Fuente de la imagen, <\/span><span lang=\"en-GB\">Reuters<\/span><\/p>\n<\/div>\n<\/div>\n<div dir=\"ltr\" class=\"bbc-3edg7g ebmt73l0\" readability=\"6.5\"><figcaption dir=\"ltr\" class=\"bbc-rhuvwm e6i104o0\" readability=\"3\"><span class=\"bbc-1gnhmg2 ed7bp6y0\">Pie de foto, <\/span><\/p>\n<p>Muchos de los arrestados por el plan para derrocar al gobierno federal pertenecen al movimiento Ciudadanos del Reich.<\/p>\n<\/figcaption><\/div>\n<\/div>\n<\/figure>\n<\/div>\n<div dir=\"ltr\" class=\"bbc-19j92fr ebmt73l0\" readability=\"9\">\n<p dir=\"ltr\" class=\"bbc-hhl7in e17g058b0\">Ahora, las autoridades no tienen dudas sobre la seriedad de los planes que ten\u00edan para revertir el orden constitucional.<\/p>\n<\/div>\n<div dir=\"ltr\" class=\"bbc-19j92fr ebmt73l0\" readability=\"10\">\n<p dir=\"ltr\" class=\"bbc-hhl7in e17g058b0\">Pero, \u00bfqu\u00e9 fue el Segundo Reich y por qu\u00e9 puede inspirar nostalgia en estas personas, al punto de estar dispuestos a llegar a estos extremos para reinstaurarlo?<\/p>\n<\/div>\n<p><h2 id=\"Una-naci\u00f3n-pujante-y-con-ambiciones\" tabindex=\"-1\" class=\"bbc-1f03ibc eglt09e0\">Una naci\u00f3n pujante y con ambiciones<\/h2>\n<\/p>\n<div dir=\"ltr\" class=\"bbc-19j92fr ebmt73l0\" readability=\"10\">\n<p dir=\"ltr\" class=\"bbc-hhl7in e17g058b0\">El Segundo Reich o Imperio alem\u00e1n naci\u00f3 en 1871, luego de tres breves y exitosas guerras libradas en el lapso de siete a\u00f1os contra Dinamarca, Austria y Francia.<\/p>\n<\/div>\n<div dir=\"ltr\" class=\"bbc-19j92fr ebmt73l0\" readability=\"12\">\n<p dir=\"ltr\" class=\"bbc-hhl7in e17g058b0\">Se considera que fue fruto del genio del entonces primer ministro de Prusia, Otto von Bismarck, quien lider\u00f3 al resto de estados alemanes para crear un Estado naci\u00f3n unificado, del cual se convirti\u00f3 en canciller y cuyo primer emperador fue el rey de Prusia Wilhelm I.<\/p>\n<\/div>\n<div dir=\"ltr\" class=\"e18mih2h1 bbc-9m7iam ebmt73l0\">\n<figure class=\"bbc-1qdcvv9 e1aczekt0\">\n<div dir=\"ltr\" class=\"bbc-vx18wi ebmt73l0\">\n<div dir=\"ltr\" class=\"bbc-rprdln ebmt73l0\" readability=\"6.5\">\n<div data-e2e=\"image-placeholder\" class=\"bbc-997y1y eihqrxw0\" readability=\"8\"><noscript><img loading=\"lazy\" sizes=\"(min-width: 1008px) 645px, 100vw\" srcset=\"http:\/\/nuevacordoba.net\/wp-content\/uploads\/2022\/12\/que-fue-el-segundo-reich-el-estado-imperial-y-semidemocratico-que-anoran-algunos-grupos-ultra-en-alemania-17.jpg 240w, http:\/\/nuevacordoba.net\/wp-content\/uploads\/2022\/12\/que-fue-el-segundo-reich-el-estado-imperial-y-semidemocratico-que-anoran-algunos-grupos-ultra-en-alemania-18.jpg 320w, http:\/\/nuevacordoba.net\/wp-content\/uploads\/2022\/12\/que-fue-el-segundo-reich-el-estado-imperial-y-semidemocratico-que-anoran-algunos-grupos-ultra-en-alemania-19.jpg 412w\" src=\"http:\/\/nuevacordoba.net\/wp-content\/uploads\/2022\/12\/que-fue-el-segundo-reich-el-estado-imperial-y-semidemocratico-que-anoran-algunos-grupos-ultra-en-alemania-2.jpg\" alt=\"El emperador Wilhelm I.\" width=\"412\" height=\"549\" class=\"e3vrtyk0 bbc-rb7xa0 e1mo64ex0\"><\/noscript><\/p>\n<p role=\"text\" class=\"bbc-1s1cxbv ewbcsnk0\"><span class=\"bbc-1gnhmg2 ed7bp6y0\">Fuente de la imagen, <\/span><span lang=\"en-GB\">Getty Images<\/span><\/p>\n<\/div>\n<\/div>\n<div dir=\"ltr\" class=\"bbc-3edg7g ebmt73l0\" readability=\"6\"><figcaption dir=\"ltr\" class=\"bbc-rhuvwm e6i104o0\" readability=\"2\"><span class=\"bbc-1gnhmg2 ed7bp6y0\">Pie de foto, <\/span><\/p>\n<p>Wilhelm I fue el s\u00e9ptimo rey de Prusia y primer emperador de Alemania.<\/p>\n<\/figcaption><\/div>\n<\/div>\n<\/figure>\n<\/div>\n<div dir=\"ltr\" class=\"bbc-19j92fr ebmt73l0\" readability=\"14\">\n<p dir=\"ltr\" class=\"bbc-hhl7in e17g058b0\">\u00ab39 estados alemanes se unieron por primera vez en un nuevo tipo de sistema altamente federalizado, dominado por el reino de Prusia. Era una monarqu\u00eda semiconstitucional que ten\u00eda a su cabeza al k\u00e1iser o emperador alem\u00e1n\u00bb, explica James Retallack, profesor de historia de Europa y de Alemania en la Universidad de Toronto, a BBC Mundo.<\/p>\n<\/div>\n<div dir=\"ltr\" class=\"bbc-19j92fr ebmt73l0\" readability=\"8\">\n<p dir=\"ltr\" class=\"bbc-hhl7in e17g058b0\"><b>Pol\u00edticamente era un r\u00e9gimen h\u00edbrido que combinaba elementos democr\u00e1ticos con rasgos m\u00e1s autoritarios<\/b>.<\/p>\n<\/div>\n<div dir=\"ltr\" class=\"bbc-19j92fr ebmt73l0\" readability=\"13\">\n<p dir=\"ltr\" class=\"bbc-hhl7in e17g058b0\">\u00abTenia un Reichstag (Parlamento) electo democr\u00e1ticamente, por medio del voto de los varones mayores de 25 a\u00f1os. Pero tambi\u00e9n ten\u00eda muchas caracter\u00edsticas no democr\u00e1ticas en el sentido de que el gobierno no estaba formado de acuerdo con la voluntad de la gente, sino que era designado directamente por el emperador y era m\u00e1s o menos independiente del Parlamento\u00bb, apunta Retallack.<\/p>\n<\/div>\n<div dir=\"ltr\" class=\"bbc-19j92fr ebmt73l0\" readability=\"10\">\n<p dir=\"ltr\" class=\"bbc-hhl7in e17g058b0\">En t\u00e9rminos econ\u00f3micos, aunque hubo momentos de auge y de depresi\u00f3n, <b>durante el Segundo Reich se registr\u00f3 un proceso importante de crecimiento y se formaron grandes y poderosas corporaciones<\/b>.<\/p>\n<\/div>\n<div dir=\"ltr\" class=\"bbc-19j92fr ebmt73l0\" readability=\"7\">\n<p dir=\"ltr\" class=\"bbc-hhl7in e17g058b0\">La industrializaci\u00f3n del pa\u00eds aument\u00f3 de forma acelerada.<\/p>\n<\/div>\n<div dir=\"ltr\" class=\"bbc-19j92fr ebmt73l0\" readability=\"9\">\n<p dir=\"ltr\" class=\"bbc-hhl7in e17g058b0\">Mientras en 1870 Alemania produc\u00eda la mitad del acero que se hac\u00eda en Reino Unido, para 1914 la producci\u00f3n germana duplicaba la brit\u00e1nica. <\/p>\n<\/div>\n<div class=\"bbc-sffzb7 e1hrqbfn0\">\n<div dir=\"ltr\" class=\"bbc-1ka88fa ebmt73l0\">\n<figure class=\"bbc-1qdcvv9 e1aczekt0\">\n<div dir=\"ltr\" class=\"bbc-172p16q ebmt73l0\">\n<div dir=\"ltr\" class=\"bbc-189y18v ebmt73l0\" readability=\"6.5\">\n<div data-e2e=\"image-placeholder\" class=\"bbc-997y1y eihqrxw0\" readability=\"8\"><noscript><img loading=\"lazy\" sizes=\"(min-width: 1008px) 645px, 100vw\" srcset=\"http:\/\/nuevacordoba.net\/wp-content\/uploads\/2022\/12\/que-fue-el-segundo-reich-el-estado-imperial-y-semidemocratico-que-anoran-algunos-grupos-ultra-en-alemania-20.jpg 240w, http:\/\/nuevacordoba.net\/wp-content\/uploads\/2022\/12\/que-fue-el-segundo-reich-el-estado-imperial-y-semidemocratico-que-anoran-algunos-grupos-ultra-en-alemania-21.jpg 320w, http:\/\/nuevacordoba.net\/wp-content\/uploads\/2022\/12\/que-fue-el-segundo-reich-el-estado-imperial-y-semidemocratico-que-anoran-algunos-grupos-ultra-en-alemania-22.jpg 480w, http:\/\/nuevacordoba.net\/wp-content\/uploads\/2022\/12\/que-fue-el-segundo-reich-el-estado-imperial-y-semidemocratico-que-anoran-algunos-grupos-ultra-en-alemania-23.jpg 624w, http:\/\/nuevacordoba.net\/wp-content\/uploads\/2022\/12\/que-fue-el-segundo-reich-el-estado-imperial-y-semidemocratico-que-anoran-algunos-grupos-ultra-en-alemania-24.jpg 800w\" src=\"http:\/\/nuevacordoba.net\/wp-content\/uploads\/2022\/12\/que-fue-el-segundo-reich-el-estado-imperial-y-semidemocratico-que-anoran-algunos-grupos-ultra-en-alemania-3.jpg\" alt=\"Planta metal\u00fargica en Alemania en 1910.\" width=\"976\" height=\"549\" class=\"e3vrtyk0 bbc-rb7xa0 e1mo64ex0\"><\/noscript><\/p>\n<p role=\"text\" class=\"bbc-1s1cxbv ewbcsnk0\"><span class=\"bbc-1gnhmg2 ed7bp6y0\">Fuente de la imagen, <\/span><span lang=\"en-GB\">Getty Images<\/span><\/p>\n<\/div>\n<\/div>\n<div dir=\"ltr\" class=\"bbc-3edg7g ebmt73l0\" readability=\"6\"><figcaption dir=\"ltr\" class=\"bbc-rhuvwm e6i104o0\" readability=\"2\"><span class=\"bbc-1gnhmg2 ed7bp6y0\">Pie de foto, <\/span><\/p>\n<p>Alemania increment\u00f3 su producci\u00f3n de acero de forma exponencial durante el Segundo Reich.<\/p>\n<\/figcaption><\/div>\n<\/div>\n<\/figure>\n<\/div>\n<\/div>\n<div dir=\"ltr\" class=\"bbc-19j92fr ebmt73l0\" readability=\"9\">\n<p dir=\"ltr\" class=\"bbc-hhl7in e17g058b0\">De igual modo, entre 1895 y 1907 se duplic\u00f3 el n\u00famero de trabajadores alemanes que trabajaban en la fabricaci\u00f3n de m\u00e1quinas.<\/p>\n<\/div>\n<div dir=\"ltr\" class=\"bbc-19j92fr ebmt73l0\" readability=\"10\">\n<p dir=\"ltr\" class=\"bbc-hhl7in e17g058b0\">Para 1913, 63% de las exportaciones germanas eran bienes terminados y Alemania dominaba todos los principales mercados de Europa continental, con excepci\u00f3n de Francia.<\/p>\n<\/div>\n<div dir=\"ltr\" class=\"bbc-19j92fr ebmt73l0\" readability=\"11\">\n<p dir=\"ltr\" class=\"bbc-hhl7in e17g058b0\">As\u00ed, <b>antes del estallido de la I Guerra Mundial, Alemania ya era la segunda potencia industrial del mundo, solo superada por Estados Unidos<\/b>.<\/p>\n<\/div>\n<div dir=\"ltr\" class=\"bbc-19j92fr ebmt73l0\" readability=\"11\">\n<p dir=\"ltr\" class=\"bbc-hhl7in e17g058b0\">\u00abLa econom\u00eda alemana hab\u00eda superado a la brit\u00e1nica antes de la I Guerra Mundial. Durante el Segundo Reich hubo muchos progresos econ\u00f3micos, tecnol\u00f3gicos y cient\u00edficos. Los cient\u00edficos alemanes estaban obteniendo un n\u00famero desproporcionado de premios Nobel\u00bb, se\u00f1ala Retallack.<\/p>\n<\/div>\n<div dir=\"ltr\" class=\"bbc-19j92fr ebmt73l0\" readability=\"16\">\n<p dir=\"ltr\" class=\"bbc-hhl7in e17g058b0\">Desde el punto de vista social, <b>el Segundo Reich vio surgir por iniciativa de Bismarck <\/b><b>las<\/b><b> primeras pol\u00edticas propias de un <\/b><b>E<\/b><b>stado de bienestar<\/b> con seguros contra accidentes, pagos por enfermedad y pensiones por vejez. Posteriormente, su sucesor como canciller, Leo von Caprivi, prohibi\u00f3 el trabajo en domingo, as\u00ed como el trabajo infantil.<\/p>\n<\/div>\n<div dir=\"ltr\" class=\"bbc-19j92fr ebmt73l0\" readability=\"11\">\n<p dir=\"ltr\" class=\"bbc-hhl7in e17g058b0\">Imbuido en el esp\u00edritu militarista prusiano, el Imperio alem\u00e1n se dot\u00f3 tambi\u00e9n de un poderoso ej\u00e9rcito y se embarc\u00f3 en el desarrollo de una gran Armada, con capacidad de disputarle el control de los mares al Imperio brit\u00e1nico. <\/p>\n<\/div>\n<p><h2 id=\"Las-sombras-del-Imperio\" tabindex=\"-1\" class=\"bbc-1f03ibc eglt09e0\">Las sombras del Imperio<\/h2>\n<\/p>\n<div dir=\"ltr\" class=\"bbc-19j92fr ebmt73l0\" readability=\"7\">\n<p dir=\"ltr\" class=\"bbc-hhl7in e17g058b0\">Pero estos notables avances no siempre eran impulsados por las mejores intenciones.<\/p>\n<\/div>\n<div dir=\"ltr\" class=\"bbc-19j92fr ebmt73l0\" readability=\"11\">\n<p dir=\"ltr\" class=\"bbc-hhl7in e17g058b0\">La Constituci\u00f3n hab\u00eda sido ideada con miras a convertir al canciller y al emperador en las figuras m\u00e1s poderosas y, de hecho, <b>el voto universal se estableci\u00f3 porque<\/b><b>Bismarck pensaba que la poblaci\u00f3n rural siempre favorecer\u00eda a las fuerzas conservadoras a las que pertenec\u00eda.<\/b><\/p>\n<\/div>\n<div dir=\"ltr\" class=\"bbc-19j92fr ebmt73l0\" readability=\"14\">\n<p dir=\"ltr\" class=\"bbc-hhl7in e17g058b0\">\u00abBismarck sab\u00eda que no pod\u00eda construir un nuevo Estado-naci\u00f3n sin el pueblo, por lo que de mala gana estableci\u00f3 un parlamento (el Reichstag) que ser\u00eda elegido directamente por sufragio universal masculino\u00bb, escribi\u00f3 la historiadora anglo-alemana Katja Hoyer, autora del libro <i class=\"bbc-h1y5j7 eih42320\">Blood and Iron: The Rise and Fall of the German Empire 1871-1918<\/i>, para un art\u00edculo de BBC History Extra en 2021.<\/p>\n<\/div>\n<div dir=\"ltr\" class=\"bbc-19j92fr ebmt73l0\" readability=\"15\">\n<p dir=\"ltr\" class=\"bbc-hhl7in e17g058b0\">El primer canciller de Alemania, sin embargo, no previ\u00f3 los cambios demogr\u00e1ficos que experimentar\u00eda su pa\u00eds, cuya poblaci\u00f3n -cada vez m\u00e1s urbana y asalariada- tender\u00eda a favorecer con el tiempo al Partido Socialdem\u00f3crata de Alemania (SPD, por sus siglas en alem\u00e1n) y al Partido del Centro, a los que el mandatario consideraba como \u00abenemigos del Imperio\u00bb.<\/p>\n<\/div>\n<div dir=\"ltr\" class=\"bbc-19j92fr ebmt73l0\" readability=\"8\">\n<p dir=\"ltr\" class=\"bbc-hhl7in e17g058b0\">Fue precisamente para intentar frenar a estas fuerzas de centro y de izquierda por lo que Bismarck decidi\u00f3 crear en Alemania las primeras pol\u00edticas propias de un Estado de bienestar social.<\/p>\n<\/div>\n<div dir=\"ltr\" class=\"bbc-19j92fr ebmt73l0\" readability=\"10\">\n<p dir=\"ltr\" class=\"bbc-hhl7in e17g058b0\">\u00abPor supuesto, <b>ninguno [ni Bismarck ni Caprivi<\/b><b>]<\/b><b> hizo estas pol\u00edticas debido a un reformismo benevolente<\/b>\u00ab, escribi\u00f3 Hoyer. <\/p>\n<\/div>\n<div dir=\"ltr\" class=\"bbc-19j92fr ebmt73l0\" readability=\"9\">\n<p dir=\"ltr\" class=\"bbc-hhl7in e17g058b0\">\u00abCambios s\u00edsmicos en la percepci\u00f3n de c\u00f3mo funcionaba la pol\u00edtica hab\u00edan llevado a una situaci\u00f3n en la que las \u00e9lites ya no pod\u00edan ignorar la voluntad del pueblo\u00bb, agreg\u00f3.<\/p>\n<\/div>\n<div dir=\"ltr\" class=\"bbc-1ka88fa ebmt73l0\">\n<figure class=\"bbc-1qdcvv9 e1aczekt0\">\n<div dir=\"ltr\" class=\"bbc-172p16q ebmt73l0\">\n<div dir=\"ltr\" class=\"bbc-189y18v ebmt73l0\" readability=\"6.5\">\n<div data-e2e=\"image-placeholder\" class=\"bbc-997y1y eihqrxw0\" readability=\"8\"><noscript><img loading=\"lazy\" sizes=\"(min-width: 1008px) 645px, 100vw\" srcset=\"http:\/\/nuevacordoba.net\/wp-content\/uploads\/2022\/12\/que-fue-el-segundo-reich-el-estado-imperial-y-semidemocratico-que-anoran-algunos-grupos-ultra-en-alemania-25.jpg 240w, http:\/\/nuevacordoba.net\/wp-content\/uploads\/2022\/12\/que-fue-el-segundo-reich-el-estado-imperial-y-semidemocratico-que-anoran-algunos-grupos-ultra-en-alemania-26.jpg 320w, http:\/\/nuevacordoba.net\/wp-content\/uploads\/2022\/12\/que-fue-el-segundo-reich-el-estado-imperial-y-semidemocratico-que-anoran-algunos-grupos-ultra-en-alemania-27.jpg 480w, http:\/\/nuevacordoba.net\/wp-content\/uploads\/2022\/12\/que-fue-el-segundo-reich-el-estado-imperial-y-semidemocratico-que-anoran-algunos-grupos-ultra-en-alemania-28.jpg 624w, http:\/\/nuevacordoba.net\/wp-content\/uploads\/2022\/12\/que-fue-el-segundo-reich-el-estado-imperial-y-semidemocratico-que-anoran-algunos-grupos-ultra-en-alemania-29.jpg 800w\" src=\"http:\/\/nuevacordoba.net\/wp-content\/uploads\/2022\/12\/que-fue-el-segundo-reich-el-estado-imperial-y-semidemocratico-que-anoran-algunos-grupos-ultra-en-alemania-4.jpg\" alt=\"La polic\u00eda escolta un carruaje cargado con carb\u00f3n durante una huelga de trabajadores en 1905.\" width=\"976\" height=\"549\" class=\"e3vrtyk0 bbc-rb7xa0 e1mo64ex0\"><\/noscript><\/p>\n<p role=\"text\" class=\"bbc-1s1cxbv ewbcsnk0\"><span class=\"bbc-1gnhmg2 ed7bp6y0\">Fuente de la imagen, <\/span><span lang=\"en-GB\">Getty Images<\/span><\/p>\n<\/div>\n<\/div>\n<div dir=\"ltr\" class=\"bbc-3edg7g ebmt73l0\" readability=\"6.5\"><figcaption dir=\"ltr\" class=\"bbc-rhuvwm e6i104o0\" readability=\"3\"><span class=\"bbc-1gnhmg2 ed7bp6y0\">Pie de foto, <\/span><\/p>\n<p>Las huelgas y demandas de los trabajadores durante el Segundo Reich llevaron a numerosos avances sociales en el marco de un estado semidemocr\u00e1tico y conservador.<\/p>\n<\/figcaption><\/div>\n<\/div>\n<\/figure>\n<\/div>\n<div dir=\"ltr\" class=\"bbc-19j92fr ebmt73l0\" readability=\"11\">\n<p dir=\"ltr\" class=\"bbc-hhl7in e17g058b0\">James Retallack se\u00f1ala que Bismarck hizo frente al reto pol\u00edtico de la izquierda con una pol\u00edtica de \u00abzanahoria y garrote\u00bb, en la que las pol\u00edticas de protecci\u00f3n social eran la zanahoria, mientras que las leyes antisocialistas eran el garrote.<\/p>\n<\/div>\n<div dir=\"ltr\" class=\"bbc-19j92fr ebmt73l0\" readability=\"17\">\n<p dir=\"ltr\" class=\"bbc-hhl7in e17g058b0\">\u00abDe alguna manera, el garrote era m\u00e1s pesado y m\u00e1s importante. La ley antisocialista estuvo en vigor 12 a\u00f1os (1878-1890) y sus medidas eran draconianas, llevaron al partido socialdem\u00f3crata a operar en las sombras, mientras sus l\u00edderes eran hostigados y muchas asociaciones y sindicatos fueron disueltos. Hubo publicaciones prohibidas y, en algunas localidades, era casi una ley marcial. As\u00ed, <b>la clase trabajadora y el movimiento socialdem\u00f3crata sufrieron m\u00e1s bajo la ley antisocialista de lo que ganaron con la legislaci\u00f3n de <\/b><b>E<\/b><b>stado de bienestar<\/b>\u00ab, apunta el experto.<\/p>\n<\/div>\n<div dir=\"ltr\" class=\"bbc-19j92fr ebmt73l0\" readability=\"12\">\n<p dir=\"ltr\" class=\"bbc-hhl7in e17g058b0\">En cuanto a las pol\u00edticas econ\u00f3micas, aunque llevaron a un crecimiento y a un aumento de la riqueza del pa\u00eds, estaban orientadas a favorecer los intereses de la aristocracia, de los terratenientes y de los grandes empresarios.<\/p>\n<\/div>\n<div dir=\"ltr\" class=\"bbc-19j92fr ebmt73l0\" readability=\"11\">\n<p dir=\"ltr\" class=\"bbc-hhl7in e17g058b0\">En el campo diplom\u00e1tico y militar, con la salida del poder de Bismarck -ocurrida en 1890 tras el ascenso del nuevo y ambicioso k\u00e1iser Wilhelm II-, Alemania cometi\u00f3 una serie de errores que la fueron dejando aislada en el escenario internacional.<\/p>\n<\/div>\n<div dir=\"ltr\" class=\"e18mih2h1 bbc-9m7iam ebmt73l0\">\n<figure class=\"bbc-1qdcvv9 e1aczekt0\">\n<div dir=\"ltr\" class=\"bbc-vx18wi ebmt73l0\">\n<div dir=\"ltr\" class=\"bbc-rprdln ebmt73l0\" readability=\"6.5\">\n<div data-e2e=\"image-placeholder\" class=\"bbc-997y1y eihqrxw0\" readability=\"8\"><noscript><img loading=\"lazy\" sizes=\"(min-width: 1008px) 645px, 100vw\" srcset=\"http:\/\/nuevacordoba.net\/wp-content\/uploads\/2022\/12\/que-fue-el-segundo-reich-el-estado-imperial-y-semidemocratico-que-anoran-algunos-grupos-ultra-en-alemania-30.jpg 240w, http:\/\/nuevacordoba.net\/wp-content\/uploads\/2022\/12\/que-fue-el-segundo-reich-el-estado-imperial-y-semidemocratico-que-anoran-algunos-grupos-ultra-en-alemania-31.jpg 320w, http:\/\/nuevacordoba.net\/wp-content\/uploads\/2022\/12\/que-fue-el-segundo-reich-el-estado-imperial-y-semidemocratico-que-anoran-algunos-grupos-ultra-en-alemania-32.jpg 412w\" src=\"http:\/\/nuevacordoba.net\/wp-content\/uploads\/2022\/12\/que-fue-el-segundo-reich-el-estado-imperial-y-semidemocratico-que-anoran-algunos-grupos-ultra-en-alemania-5.jpg\" alt=\"K\u00e1iser Wilhelm II.\" width=\"412\" height=\"549\" class=\"e3vrtyk0 bbc-rb7xa0 e1mo64ex0\"><\/noscript><\/p>\n<p role=\"text\" class=\"bbc-1s1cxbv ewbcsnk0\"><span class=\"bbc-1gnhmg2 ed7bp6y0\">Fuente de la imagen, <\/span><span lang=\"en-GB\">Keystone<\/span><\/p>\n<\/div>\n<\/div>\n<div dir=\"ltr\" class=\"bbc-3edg7g ebmt73l0\" readability=\"6\"><figcaption dir=\"ltr\" class=\"bbc-rhuvwm e6i104o0\" readability=\"2\"><span class=\"bbc-1gnhmg2 ed7bp6y0\">Pie de foto, <\/span><\/p>\n<p>Las pol\u00edticas del k\u00e1iser Wilhelm II terminaron aislando a Alemania.<\/p>\n<\/figcaption><\/div>\n<\/div>\n<\/figure>\n<\/div>\n<div dir=\"ltr\" class=\"bbc-19j92fr ebmt73l0\" readability=\"10\">\n<p dir=\"ltr\" class=\"bbc-hhl7in e17g058b0\">Durante su mandato, Bismarck teji\u00f3 una serie de acuerdos que buscaban mantener un equilibrio y evitar un posible acercamiento entre Francia y Rusia, cuya alianza consideraba como una amenaza.<\/p>\n<\/div>\n<div dir=\"ltr\" class=\"bbc-19j92fr ebmt73l0\" readability=\"11\">\n<p dir=\"ltr\" class=\"bbc-hhl7in e17g058b0\">Sin embargo, en las d\u00e9cadas posteriores, <b>el Segundo Reich no solamente descuid\u00f3 esos delicados equilibrios sino que se embarc\u00f3 en una serie de acciones desafiantes del status quo<\/b> -incluyendo la construcci\u00f3n de una poderosa Armada para rivalizar con Reino Unido-.<\/p>\n<\/div>\n<div dir=\"ltr\" class=\"bbc-19j92fr ebmt73l0\" readability=\"12\">\n<p dir=\"ltr\" class=\"bbc-hhl7in e17g058b0\">Con estas pol\u00edticas termin\u00f3 favoreciendo una alianza entre Rusia y Francia, al mismo tiempo que contribuy\u00f3 a que se les sumara el Imperio brit\u00e1nico, lo que dejaba a Alemania en clara desventaja, con el Imperio austro-h\u00fangaro como \u00fanico aliado de peso.<\/p>\n<\/div>\n<div dir=\"ltr\" class=\"bbc-19j92fr ebmt73l0\" readability=\"12\">\n<p dir=\"ltr\" class=\"bbc-hhl7in e17g058b0\">Adem\u00e1s, <b>los intentos de la Alemania <\/b><b>i<\/b><b>mperial de convertirse en un actor<\/b><b> global<\/b><b> le ganaron <\/b><b>el rechazo<\/b><b> del resto de potencias establecidas<\/b> que, con frecuencia, consideraban que los germanos se estaban entrometiendo en sus \u00e1reas de influencia especialmente en Asia y \u00c1frica.<\/p>\n<\/div>\n<p><h2 id=\"Nostalgia-del-Imperio\" tabindex=\"-1\" class=\"bbc-1f03ibc eglt09e0\">\u00bfNostalgia del Imperio?<\/h2>\n<\/p>\n<div dir=\"ltr\" class=\"bbc-19j92fr ebmt73l0\" readability=\"9\">\n<p dir=\"ltr\" class=\"bbc-hhl7in e17g058b0\">El Segundo Reich lleg\u00f3 a su final con la derrota alemana en la I Guerra Mundial, pero su desaparici\u00f3n no es \u00fanicamente atribuible al fracaso militar.<\/p>\n<\/div>\n<div dir=\"ltr\" class=\"bbc-19j92fr ebmt73l0\" readability=\"10\">\n<p dir=\"ltr\" class=\"bbc-hhl7in e17g058b0\">\u00ab<b>El pa\u00eds combati\u00f3 en una guerra total en la que cada elemento de la sociedad -de todas las clases- result\u00f3 afectado<\/b> de una u otra forma: bien por las muertes en el campo de batalla o por el hambre extrema\u00bb, se\u00f1ala Retallack.<\/p>\n<\/div>\n<div dir=\"ltr\" class=\"bbc-19j92fr ebmt73l0\" readability=\"14\">\n<p dir=\"ltr\" class=\"bbc-hhl7in e17g058b0\">\u00abEsto era principalmente el resultado de la derrota militar, pero tambi\u00e9n por la insatisfacci\u00f3n ante un Estado que era incapaz de alimentar a su poblaci\u00f3n o de tratarla de forma justa. Por lo que entre 1916 y 1918 se produjeron una serie de huelgas que inicialmente eran para reclamar mejores salarios y alimentos, pero que luego terminaron exigiendo un sistema de gobierno m\u00e1s democr\u00e1tico. As\u00ed, el 9 de noviembre de 1918 estall\u00f3 la revoluci\u00f3n y el k\u00e1iser Wilhelm II fue forzado a abdicar\u00bb, agrega.<\/p>\n<\/div>\n<div dir=\"ltr\" class=\"bbc-19j92fr ebmt73l0\" readability=\"8\">\n<p dir=\"ltr\" class=\"bbc-hhl7in e17g058b0\">Pero, \u00bfpor qu\u00e9 entonces hay alemanes que sienten nostalgia por el Segundo Reich?<\/p>\n<\/div>\n<div dir=\"ltr\" class=\"bbc-19j92fr ebmt73l0\" readability=\"8\">\n<p dir=\"ltr\" class=\"bbc-hhl7in e17g058b0\">Katja Hoyer considera que el principal atractivo de este per\u00edodo para quienes lo a\u00f1oran es el hecho de que se trat\u00f3 de una \u00e9poca dominada por una suerte de valores conservadores.<\/p>\n<\/div>\n<div dir=\"ltr\" class=\"bbc-19j92fr ebmt73l0\" readability=\"14\">\n<p dir=\"ltr\" class=\"bbc-hhl7in e17g058b0\">\u00ab<b>La gente mira esa \u00e9poca casi como si se tratara de los &#8216;buenos viejos tiempos&#8217;, antes de todas las cosas que salieron mal para Alemania durante el siglo XX<\/b>. Creo que para ellos, el atractivo est\u00e1 en la forma m\u00e1s tradicional de gobernar el pa\u00eds. Imaginan que si Alemania tuviera nuevamente un k\u00e1iser, regresar\u00eda a tener una suerte de valores m\u00e1s tradicionales. As\u00ed que es una forma de rechazar los valores modernos presentes en la forma como Alemania ha cambiado recientemente\u00bb, se\u00f1ala.<\/p>\n<\/div>\n<div dir=\"ltr\" class=\"bbc-19j92fr ebmt73l0\" readability=\"10\">\n<p dir=\"ltr\" class=\"bbc-hhl7in e17g058b0\">Retallack, por su parte, considera que el sentimiento de nostalgia depender\u00eda un poco de la clase social a la que pertenezcas.<\/p>\n<\/div>\n<div dir=\"ltr\" class=\"bbc-19j92fr ebmt73l0\" readability=\"11\">\n<p dir=\"ltr\" class=\"bbc-hhl7in e17g058b0\">\u00abMuchos miembros de la clase trabajadora, que constituyen el 60% o 70% de la poblaci\u00f3n, probablemente no mirar\u00edan con mucha nostalgia el per\u00edodo del Imperio alem\u00e1n\u00bb, afirma.<\/p>\n<\/div>\n<div dir=\"ltr\" class=\"bbc-19j92fr ebmt73l0\" readability=\"12\">\n<p dir=\"ltr\" class=\"bbc-hhl7in e17g058b0\">\u00abPara los miembros de la clase media y de la clase alta, hay un cierto sentimiento sobre la llamada \u00abbelle epoque\u00bb, nombre franc\u00e9s con el que a veces se hace referencia al periodo previo a 1914. Pero eso ocurre porque se mira en retrospectiva con unos lentes de color rosa\u00bb, concluye.<\/p>\n<\/div>\n<div dir=\"ltr\" class=\"bbc-1ka88fa ebmt73l0\">\n<figure class=\"bbc-1qdcvv9 e1aczekt0\">\n<div dir=\"ltr\" class=\"bbc-172p16q ebmt73l0\">\n<div dir=\"ltr\" class=\"bbc-189y18v ebmt73l0\">\n<div data-e2e=\"image-placeholder\" class=\"bbc-997y1y eihqrxw0\"><noscript><img loading=\"lazy\" sizes=\"(min-width: 1008px) 645px, 100vw\" srcset=\"http:\/\/nuevacordoba.net\/wp-content\/uploads\/2022\/12\/que-fue-el-segundo-reich-el-estado-imperial-y-semidemocratico-que-anoran-algunos-grupos-ultra-en-alemania-33.jpg 240w, http:\/\/nuevacordoba.net\/wp-content\/uploads\/2022\/12\/que-fue-el-segundo-reich-el-estado-imperial-y-semidemocratico-que-anoran-algunos-grupos-ultra-en-alemania-34.jpg 320w, http:\/\/nuevacordoba.net\/wp-content\/uploads\/2022\/12\/que-fue-el-segundo-reich-el-estado-imperial-y-semidemocratico-que-anoran-algunos-grupos-ultra-en-alemania-35.jpg 464w\" src=\"http:\/\/nuevacordoba.net\/wp-content\/uploads\/2022\/12\/que-fue-el-segundo-reich-el-estado-imperial-y-semidemocratico-que-anoran-algunos-grupos-ultra-en-alemania-6.jpg\" alt=\"L\u00ednea\" width=\"464\" height=\"2\" class=\"e3vrtyk0 bbc-rb7xa0 e1mo64ex0\"><\/noscript><\/div>\n<\/div>\n<\/div>\n<\/figure>\n<\/div>\n<div dir=\"ltr\" class=\"bbc-19j92fr ebmt73l0\" readability=\"8\">\n<p dir=\"ltr\" class=\"bbc-hhl7in e17g058b0\"><i class=\"bbc-h1y5j7 eih42320\">Ahora puedes recibir notificaciones de BBC Mundo. Descarga la nueva versi\u00f3n de nuestra app y act\u00edvalas para no perderte nuestro mejor contenido.<\/i><\/p>\n<\/div>\n","protected":false},"excerpt":{"rendered":"<p>\u00c1ngel Berm\u00fadez (@angelbermudez) BBC News Mundo 17 diciembre 2022, 09:07 GMT Fuente de la imagen, Getty Images Pie de foto, Otto von Bismarck fue el cerebro tras la unificaci\u00f3n de Alemania y el primer canciller del Segundo Reich. Se trataba de volver al pasado, de deshacer m\u00e1s de 100 a\u00f1os de historia. A inicios de [&hellip;]<\/p>\n","protected":false},"author":1,"featured_media":27409,"comment_status":"closed","ping_status":"closed","sticky":false,"template":"","format":"standard","meta":[],"categories":[13],"tags":[],"_links":{"self":[{"href":"http:\/\/nuevacordoba.net\/index.php\/wp-json\/wp\/v2\/posts\/27408"}],"collection":[{"href":"http:\/\/nuevacordoba.net\/index.php\/wp-json\/wp\/v2\/posts"}],"about":[{"href":"http:\/\/nuevacordoba.net\/index.php\/wp-json\/wp\/v2\/types\/post"}],"author":[{"embeddable":true,"href":"http:\/\/nuevacordoba.net\/index.php\/wp-json\/wp\/v2\/users\/1"}],"replies":[{"embeddable":true,"href":"http:\/\/nuevacordoba.net\/index.php\/wp-json\/wp\/v2\/comments?post=27408"}],"version-history":[{"count":0,"href":"http:\/\/nuevacordoba.net\/index.php\/wp-json\/wp\/v2\/posts\/27408\/revisions"}],"wp:featuredmedia":[{"embeddable":true,"href":"http:\/\/nuevacordoba.net\/index.php\/wp-json\/wp\/v2\/media\/27409"}],"wp:attachment":[{"href":"http:\/\/nuevacordoba.net\/index.php\/wp-json\/wp\/v2\/media?parent=27408"}],"wp:term":[{"taxonomy":"category","embeddable":true,"href":"http:\/\/nuevacordoba.net\/index.php\/wp-json\/wp\/v2\/categories?post=27408"},{"taxonomy":"post_tag","embeddable":true,"href":"http:\/\/nuevacordoba.net\/index.php\/wp-json\/wp\/v2\/tags?post=27408"}],"curies":[{"name":"wp","href":"https:\/\/api.w.org\/{rel}","templated":true}]}}