{"id":27410,"date":"2022-12-17T20:57:32","date_gmt":"2022-12-17T20:57:32","guid":{"rendered":"https:\/\/prensa.cba.gov.ar\/?p=530513"},"modified":"2022-12-17T20:57:32","modified_gmt":"2022-12-17T20:57:32","slug":"fiebre-amarilla-cuando-corresponde-aplicar-la-vacuna","status":"publish","type":"post","link":"http:\/\/nuevacordoba.net\/index.php\/2022\/12\/17\/fiebre-amarilla-cuando-corresponde-aplicar-la-vacuna\/","title":{"rendered":"Fiebre amarilla: cu\u00e1ndo corresponde aplicar la vacuna"},"content":{"rendered":"<div><img src=\"http:\/\/nuevacordoba.net\/wp-content\/uploads\/2022\/12\/fiebre-amarilla-cuando-corresponde-aplicar-la-vacuna.jpg\" class=\"ff-og-image-inserted\"><\/div>\n<ul>\n<li><strong>Se trata de una infecci\u00f3n viral que se transmite por la picadura de ciertas especies de mosquitos.<\/strong><\/li>\n<li><strong>Puede prevenirse con la vacunaci\u00f3n, indicada solo para quienes viajen a zonas de riesgo.<\/strong><\/li>\n<li><strong>Adem\u00e1s, se aconseja adoptar los cuidados habituales para dengue: evitar picaduras y la circulaci\u00f3n de mosquitos en los domicilios.<\/strong><\/li>\n<\/ul>\n<p>En la temporada de mayor actividad tur\u00edstica, el Ministerio de Salud recuerda las recomendaciones para prevenir la <strong>fiebre amarill<\/strong>a y brinda informaci\u00f3n sobre la colocaci\u00f3n de la vacuna para esta afecci\u00f3n.<\/p>\n<p>La&nbsp;fiebre amarilla (FA)&nbsp;es una infecci\u00f3n viral que se transmite por la picadura de ciertas especies de mosquitos. Los ni\u00f1os, ni\u00f1as, personas mayores y aquellas que poseen factores de riesgo tienen mayor posibilidad de presentar una enfermedad grave. No tiene tratamiento espec\u00edfico, pero puede prevenirse eficazmente con la vacunaci\u00f3n.<\/p>\n<p><strong>La&nbsp;vacuna est\u00e1 indicada solo para quienes viven o viajen a zonas de riesgo<\/strong>: el listado completo puede consultarse <a href=\"https:\/\/bancos.salud.gob.ar\/recurso\/fiebre-amarilla-paises-y-zonas-de-riesgo\">aqu\u00ed<\/a>. En Argentina, estas \u00e1reas se encuentran en las provincias de Misiones, Corrientes y Formosa, as\u00ed como en ciertos departamentos de Chaco, Salta y Jujuy.<\/p>\n<p>Como algunos pa\u00edses solicitan la presentaci\u00f3n del&nbsp;certificado internacional de vacuna de la FA&nbsp;como requisito para ingresar a su territorio, antes de viajar es necesario&nbsp;consultar el&nbsp;listado de la OMS&nbsp;o comunicarse con el&nbsp;consulado o embajada del pa\u00eds de destino.&nbsp;Los requisitos de ingreso frente a la fiebre amarilla&nbsp;tambi\u00e9n pueden averiguarse por medio de la l\u00ednea a\u00e9rea&nbsp;a trav\u00e9s de la cual se realizar\u00e1 el viaje.<\/p>\n<p>En viajeros\/as, la vacuna <strong>se recomienda a partir de los 2 a\u00f1os de edad hasta los 59 a\u00f1os <\/strong>inclusive, y debe ser aplicada al menos <strong>10 d\u00edas previos al viaje<\/strong> para que las personas se encuentren debidamente protegidas.<\/p>\n<p>Si una persona posee contraindicaci\u00f3n para vacunarse, puede tramitar el certificado de exenci\u00f3n en los mismos vacunatorios, as\u00ed como tambi\u00e9n requerir un duplicado si ha extraviado el carn\u00e9. <strong>Es importante destacar que si ya se recibi\u00f3 la vacuna alguna vez, no es necesario volver a aplic\u00e1rsela.<\/strong><\/p>\n<p>En todos los casos, se recomienda a las personas que est\u00e9n por viajar, efectuar una consulta m\u00e9dica previa<strong>, <\/strong>a los fines de evaluar la necesidad de aplicarse la vacuna e informarse sobre la posibilidad de riesgo de contraer la infecci\u00f3n.<\/p>\n<p>En Capital, la vacuna para fiebre amarilla est\u00e1 disponible en:<\/p>\n<ul>\n<li><strong>Hospital Pedi\u00e1trico: <\/strong>Se solicita turno a trav\u00e9s del0800-555-4141, opci\u00f3n 1.<\/li>\n<\/ul>\n<ul>\n<li><strong>Hospital San Roque Viejo:<\/strong>&nbsp;Se solicita turno a trav\u00e9s de CiDi. Para ello, se deber\u00e1&nbsp; ingresar al siguiente enlace <a href=\"https:\/\/turnero.cba.gov.ar\/turnos\">https:\/\/turnero.cba.gov.ar\/turnos<\/a>. All\u00ed deber\u00e1 seleccionar \u201cReservar turno on-line\u201d, luego \u201cConozco el tr\u00e1mite\u201d, escribir en el buscador \u201cFiebre amarilla\u201d y elegir \u201cViejo Hospital San Roque\u201d para ver la informaci\u00f3n de turnos disponibles.&nbsp;<\/li>\n<\/ul>\n<p>En&nbsp;el interior, es necesario acudir al vacunatorio m\u00e1s cercano a su localidad, manifestar su necesidad de recibir la vacuna contra la fiebre amarilla y coordinar con el equipo de salud local el d\u00eda, lugar y horario en que se aplicar\u00e1 dicha dosis.<\/p>\n<h3><strong>Medidas de prevenci\u00f3n<\/strong><\/h3>\n<p>Los cuidados para prevenir la fiebre amarilla son similares a las medidas indicadas para <a href=\"https:\/\/ministeriodesalud.cba.gov.ar\/recomendaciones-para-evitar-casos-de-dengue-chikungunya-y-zika\/\">dengue<\/a><strong><u>:<\/u><\/strong><strong><\/strong><\/p>\n<ul>\n<li>Usar repelentes siguiendo cuidadosamente las recomendaciones del envase.<\/li>\n<li>Utilizar ropa clara que cubra los brazos y las piernas, especialmente durante las actividades al aire libre.<\/li>\n<li>Proteger cunas y cochecitos de beb\u00e9s con tules.<\/li>\n<\/ul>\n<p><strong>Si durante el viaje o al regresar se presentan s\u00edntomas<\/strong>&nbsp;como fiebre, dolor muscular, articular, de cabeza o detr\u00e1s de los ojos, decaimiento o sarpullido,&nbsp;<strong>realizar una consulta m\u00e9dica inmediata e informar sobre los pa\u00edses o regiones visitadas.<\/strong><\/p>\n","protected":false},"excerpt":{"rendered":"<p>Se trata de una infecci\u00f3n viral que se transmite por la picadura de ciertas especies de mosquitos. Puede prevenirse con la vacunaci\u00f3n, indicada solo para quienes viajen a zonas de riesgo. Adem\u00e1s, se aconseja adoptar los cuidados habituales para dengue: evitar picaduras y la circulaci\u00f3n de mosquitos en los domicilios. En la temporada de mayor [&hellip;]<\/p>\n","protected":false},"author":1,"featured_media":27411,"comment_status":"closed","ping_status":"closed","sticky":false,"template":"","format":"standard","meta":[],"categories":[14],"tags":[],"_links":{"self":[{"href":"http:\/\/nuevacordoba.net\/index.php\/wp-json\/wp\/v2\/posts\/27410"}],"collection":[{"href":"http:\/\/nuevacordoba.net\/index.php\/wp-json\/wp\/v2\/posts"}],"about":[{"href":"http:\/\/nuevacordoba.net\/index.php\/wp-json\/wp\/v2\/types\/post"}],"author":[{"embeddable":true,"href":"http:\/\/nuevacordoba.net\/index.php\/wp-json\/wp\/v2\/users\/1"}],"replies":[{"embeddable":true,"href":"http:\/\/nuevacordoba.net\/index.php\/wp-json\/wp\/v2\/comments?post=27410"}],"version-history":[{"count":0,"href":"http:\/\/nuevacordoba.net\/index.php\/wp-json\/wp\/v2\/posts\/27410\/revisions"}],"wp:featuredmedia":[{"embeddable":true,"href":"http:\/\/nuevacordoba.net\/index.php\/wp-json\/wp\/v2\/media\/27411"}],"wp:attachment":[{"href":"http:\/\/nuevacordoba.net\/index.php\/wp-json\/wp\/v2\/media?parent=27410"}],"wp:term":[{"taxonomy":"category","embeddable":true,"href":"http:\/\/nuevacordoba.net\/index.php\/wp-json\/wp\/v2\/categories?post=27410"},{"taxonomy":"post_tag","embeddable":true,"href":"http:\/\/nuevacordoba.net\/index.php\/wp-json\/wp\/v2\/tags?post=27410"}],"curies":[{"name":"wp","href":"https:\/\/api.w.org\/{rel}","templated":true}]}}