{"id":2742,"date":"2021-04-02T04:59:02","date_gmt":"2021-04-02T04:59:02","guid":{"rendered":"http:\/\/nuevacordoba.net\/index.php\/2021\/04\/02\/el-cine-argentino-como-retina-de-malvinas\/"},"modified":"2021-04-02T04:59:02","modified_gmt":"2021-04-02T04:59:02","slug":"el-cine-argentino-como-retina-de-malvinas","status":"publish","type":"post","link":"http:\/\/nuevacordoba.net\/index.php\/2021\/04\/02\/el-cine-argentino-como-retina-de-malvinas\/","title":{"rendered":"El cine argentino como retina de Malvinas"},"content":{"rendered":"<div class=\"image\" id=\"image\" readability=\"8\"> <img src=\"http:\/\/nuevacordoba.net\/wp-content\/uploads\/2021\/04\/el-cine-argentino-como-retina-de-malvinas.jpg\" alt=\"Gast\u00f3n Pauls en &quot;Iluminados por el fuego&quot;, la pel\u00edcula m\u00e1s lograda sobre la guerra.\" title=\"Gast\u00f3n Pauls en &quot;Iluminados por el fuego&quot;, la pel\u00edcula m\u00e1s lograda sobre la guerra.\"><\/p>\n<p>Gast\u00f3n Pauls en \u00abIluminados por el fuego\u00bb, la pel\u00edcula m\u00e1s lograda sobre la guerra.<\/p>\n<\/div>\n<p>La soberan\u00eda de las Islas Malvinas es irrenunciable al igual que ese sentimiento a veces contradictorio, que incluso puede generar pol\u00e9mica. El cine lo recupera una y otra vez desde distintos \u00e1ngulos, pero m\u00e1s que nada y pasados 39 a\u00f1os de la guerra, con perspectivas que intentan <strong>no s\u00f3lo reflejar el dolor vivido por quienes fueron \u00abllevados\u00bb al combate de las narices <\/strong>-tras una excusa patri\u00f3tica impulsada por la dictadura con la complicidad de civiles- sino hacerlo tambi\u00e9n con una mirada propia, a trav\u00e9s de la cual se pueden seguir sacando conclusiones.<\/p>\n<p>El conflicto del Atl\u00e1ntico Sur de 1982&nbsp;<strong>impuls\u00f3 a muchos cineastas a materializar en sus obras qu\u00e9 fue lo que pas\u00f3 durante y despu\u00e9s de ese<\/strong>&nbsp;desparejo enfrentamiento b\u00e9lico que expuso a la muerte o la locura a miles de j\u00f3venes, hoy supervivientes que todav\u00eda no han llegado a los 60 a\u00f1os de edad.<\/p>\n<p>Esta lista se inicia con <strong>\u00abLos chicos de la guerra\u00bb (1984), dirigida por Bebe Kamin<\/strong>, cuando un todav\u00eda golpeado cine nacional se atrevi\u00f3 a marcar el punto de partida de una lista con m\u00faltiples miradas. Esa lista por ahora termina con el trabajo de edici\u00f3n <strong>\u00ab1982\u00bb, <\/strong>que compila fragmentos de las cientos de horas que Argentina Televisora Color (hoy TVP)<strong> puso en pantalla como propaganda del r\u00e9gimen militar.<\/strong> en un casi pornogr\u00e1fico discurso comunicacional patri\u00f3tico, o el documental <strong><strong>\u00abNosotras tambi\u00e9n estuvimos\u00bb<\/strong>, <\/strong>sobre el papel de las enfermeras que en Comodoro Rivadavia asist\u00edan a las v\u00edctimas directas del fuego cruzado.<\/p>\n<p><strong>\u00abLos chicos de la guerra\u00bb<\/strong><\/p>\n<p> (1984)<\/p>\n<div class=\"image\" id=\"image\" readability=\"7\"> <img src=\"http:\/\/nuevacordoba.net\/wp-content\/uploads\/2021\/04\/el-cine-argentino-como-retina-de-malvinas-1.jpg\" alt=\"&quot;Los chicos de la guerra&quot; lleg\u00f3 a los cines con los combates todav\u00eda muy frescos en la memoria.\" title=\"&quot;Los chicos de la guerra&quot; lleg\u00f3 a los cines con los combates todav\u00eda muy frescos en la memoria.\"><\/p>\n<p>\u00abLos chicos de la guerra\u00bb lleg\u00f3 a los cines con los combates todav\u00eda muy frescos en la memoria.<\/p>\n<\/div>\n<p>A dos a\u00f1os del conflicto, Bebe Kamin -recordado autor del documental \u00abAdi\u00f3s Sui Generis\u00bb-&nbsp;cont\u00f3 la historia de tres j\u00f3venes de diferentes clases sociales que son enviados a combatir en las islas. La pel\u00edcula est\u00e1 basada en el libro de entrevistas a ex combatientes escrito por Daniel Kon, con un elenco encabezado por los entonces muy j\u00f3venes Gustavo Bellati y Emilia Mazer, acompa\u00f1ados por figuras ya trascendentes como H\u00e9ctor Alterio Carlos Carella, Ulises Dumont, Marta Gonz\u00e1lez, Tina Serrano, Miguel \u00c1ngel Sol\u00e1, Julio de Grazia y Juan Carlos Baglietto.<\/p>\n<p><strong>\u00abMalvinas, historias de traiciones\u00bb<\/strong><\/p>\n<p> (1984)<\/p>\n<p>El documental fue dirigido por Jorge Denti, y as\u00ed como la pel\u00edcula de Bebe Kamin esquivaba el an\u00e1lisis pol\u00edtico y la circunstancia social en que transcurr\u00eda la guerra -a la se reintegraban sus protagonistas optando por el encuadre de lo sentimental,- aqu\u00ed esas motivaciones son centrales. Por eso el director recurri\u00f3 a entrevistas a Madres de Plaza de Mayo y a <strong>ex combatientes<\/strong>, <strong>tanto argentinos como brit\u00e1nicos,<\/strong> que danzan seg\u00fan el gui\u00f3n de Alberto Adellach e Irene Selser.<\/p>\n<p>\u00abHundan al Belgrano\u00bb<\/p>\n<p> <strong>(1996)<\/strong><\/p>\n<p>La tercera propuesta acerca de Malvinas tambi\u00e9n fue documental, en este caso de Federico Urioste, que tiene como t\u00edtulo la famosa respuesta de la primera ministra Margareth Thatcher, al ser consultada acerca de la suerte del crucero argentino con el nombre del creador de la bandera argentina. La nave finalmente fue hundida y fueron 323 los muertos. Se puede ver por YouTube.<\/p>\n<p>\u00abFuckland\u00bb<\/p>\n<p> <strong>(2000)<\/strong><\/p>\n<p> <iframe width=\"560\" height=\"315\" src=\"https:\/\/www.youtube.com\/embed\/d5b5ScVN7OQ?wmode=transparent&amp;showinfo=0&amp;autohide=1&amp;rel=0\" frameborder=\"0\" allowfullscreen>[embedded content]<\/iframe> <\/p>\n<p>Fuckland: una pel\u00edcula clandestina<\/p>\n<p>La arriesgada idea de su director, <strong>Eduardo Montes Bradley,<\/strong> fue totalmente transgresora y disparatada: con c\u00e1mara en mano, y rodando en las islas en clandestinidad, toma a un mago y comediante de Buenos Aires que ahorra dinero de sus presentaciones y viaja con un equipo oculto por una semana a Puerto Stanley (Puerto Argentino). Su finalidad es embarazar a las mujeres nativas de origen brit\u00e1nico y lograr repoblar el lugar con descendientes argentinos Se puede ver por YouTube.<\/p>\n<p><strong>\u00abIluminados por el fuego\u00bb<\/strong><\/p>\n<p> <strong>(2005)<\/strong><\/p>\n<p> <iframe width=\"560\" height=\"315\" src=\"https:\/\/www.youtube.com\/embed\/wfz4RmS3ox0?wmode=transparent&amp;showinfo=0&amp;autohide=1&amp;rel=0\" frameborder=\"0\" allowfullscreen>[embedded content]<\/iframe> <\/p>\n<p>Iluminados por el fuego<\/p>\n<p>Por primera vez el cine argentino toca el tema Malvinas a trav\u00e9s de una reconstrucci\u00f3n del frente de batalla con efectos especiales digitales. Basado en un texto autorreferencial de&nbsp;<strong>Edgardo Esteban<\/strong>,&nbsp; el director Trist\u00e1n Bauer cuenta la historia de un periodista que, luego de la guerra, recuerda qu\u00e9 fue lo que ocurri\u00f3 cuando lleg\u00f3 al campo de batalla -igual que sus compa\u00f1eros- siendo todav\u00eda casi un adolescente. El elenco est\u00e1 encabezado por <strong>Gast\u00f3n Pauls<\/strong>, en una de las mejores interpretaciones de su extensa filmograf\u00eda.<\/p>\n<p>\u00abCartas a Malvinas\u00bb<\/p>\n<p> (2009)<\/p>\n<p> <iframe width=\"560\" height=\"315\" src=\"https:\/\/www.youtube.com\/embed\/IVs7DPpV01A?wmode=transparent&amp;showinfo=0&amp;autohide=1&amp;rel=0\" frameborder=\"0\" allowfullscreen>[embedded content]<\/iframe> <\/p>\n<p>Cartas a Malvinas<\/p>\n<p>El debutante -con este filme- <strong>Rodrigo Fern\u00e1ndez Engler<\/strong>&nbsp;cuenta, seg\u00fan un gui\u00f3n propio, la historia de Tito. El personaje encarnado por <strong>V\u00edctor Laplace <\/strong>es&nbsp;un cartero jubilado que relata el valor de las cartas en una guerra, a partir de las de una patrulla de ocho soldados, que ten\u00eda como misi\u00f3n entregarlas en el mismo frente de batalla, en dos sacas repletas.<\/p>\n<p>La propuesta incluye un importante despliegue de escenas b\u00e9licas, un potente trabajo de Laplace y un gran reparto de actores jovenes.<\/p>\n<p>\u00abSoldado argentino s\u00f3lo conocido por Dios\u00bb<\/p>\n<p> (2016)<\/p>\n<p> <iframe width=\"560\" height=\"315\" src=\"https:\/\/www.youtube.com\/embed\/Cf_1ARmFomg?wmode=transparent&amp;showinfo=0&amp;autohide=1&amp;rel=0\" frameborder=\"0\" allowfullscreen>[embedded content]<\/iframe> <\/p>\n<p>Soldado argentino s\u00f3lo conocido por Dios<\/p>\n<p>Segunda propuesta de <strong>Rodrigo Fern\u00e1ndez Engler<\/strong> con eje en Malvinas, que esta vez recupera la historia de tres j\u00f3venes cordobeses de Traslasierra, de muy diferentes clases sociales. En ese sentido, el filme est\u00e1 emparentado con \u00abLos chicos de la guerra\u00bb. Se puede ver por la plataforma Cine.ar Play.<\/p>\n<p>\u00abTeatro de guerra\u00bb<\/p>\n<p> (2018)<\/p>\n<p> <iframe width=\"560\" height=\"315\" src=\"https:\/\/www.youtube.com\/embed\/Y1vQuTWRi2Y?wmode=transparent&amp;showinfo=0&amp;autohide=1&amp;rel=0\" frameborder=\"0\" allowfullscreen>[embedded content]<\/iframe> <\/p>\n<p>Teatro de guerra<\/p>\n<p><strong>Lola Arias<\/strong> rompe con los moldes convencionales del cine documental con un fuerte toque de ficci\u00f3n, al revelar las historias personales de ex soldados brit\u00e1nicos y argentinos, tres de un bando y tres del otro, cuyas vidas se vieron profundamente afectadas por la guerra. Arias -escritora, poetisa, dramaturga, actriz, performer y directora de teatro y cine, que ya hab\u00eda sorprendido con la transgresora pieza <strong>\u00abCampo minado\u00bb-<\/strong> da as\u00ed una vuelta de tuerca a la puesta con formato cinematogr\u00e1fico. Imprescindible.<\/p>\n<p>\u00abNosotras tambi\u00e9n estuvimos\u00bb<\/p>\n<p> (2020)<\/p>\n<p>El documental de <strong>Federico Strifezzo<\/strong> recupera a las enfermeras <strong>Alicia Reynoso, Stella Maris Morales y Ana Masitto<\/strong> que regresan a Comodoro Rivadavia despu\u00e9s de 37 a\u00f1os, para contar sus vivencias con muchos de aquel millar de soldados heridos en combate. Podr\u00e1 verse desde este viernes por Cine.ar Play -donde quedar\u00e1 disponible- y ma\u00f1ana a las 20 por Cine.ar TV. Tambi\u00e9n formar\u00e1 parte de la programaci\u00f3n de Encuentro, desde este jueves a las 22.<\/p>\n<p>El documental hace foco en estas tres enfermeras de un total de 14, destcando adem\u00e1s el papel relegado que la mujer ocupaba entonces en la sociedad.<\/p>\n<p>\u00ab1982\u00bb<\/p>\n<p> (2019)<\/p>\n<p> <iframe width=\"560\" height=\"315\" src=\"https:\/\/www.youtube.com\/embed\/y1ive1EVJH0?wmode=transparent&amp;showinfo=0&amp;autohide=1&amp;rel=0\" frameborder=\"0\" allowfullscreen>[embedded content]<\/iframe> <\/p>\n<p>1982<\/p>\n<p>Esp\u00edritu triunfalista, exageradamente patri\u00f3tico, desbordado por sus golpes bajos y propaganda, son los ingredientes del material registrado por Argentina Televisora Color (Canal 7, ahora TVP) durante el conflicto austral, y editado por <strong>Lucas Gallo y Gabriel Falchi. <\/strong>Con figuras emblem\u00e1ticas como Jos\u00e9 G\u00f3mez Fuentes y Silvia Fern\u00e1ndez Barrio al frente de \u00ab60 minutos\u00bb, o Pinky y Jorge Fontana como conductores de aquel bochornoso \u00ab24 horas por Malvinas\u00bb, que terminar\u00eda (se supo mucho despu\u00e9s) con la malversaci\u00f3n de los fondos recaudados.<\/p>\n<p>La visi\u00f3n de este trabajo imprescindible actualiza la mirada acerca de aquella gran verg\u00fcenza que fue la televisora oficial al convertir esa frustrada experiencia en un hecho \u00e9pico plagado de mentiras, con el \u00fanico objetivo de reivindicar a la figura principal del operativo, <strong>el dictador Leopoldo Fortunato Galtieri,<\/strong> exultante en el balc\u00f3n de la Casa Rosada, vitoreado por una multitud que desbordaba la Plaza de Mayo.<\/p>\n<p>Pero no es el \u00fanico episodio revulsivo: la telet\u00f3n emprendida por la pareja de reconocidos conductores dispuestos a recaudar donaciones como aporte a la causa b\u00e9lica, comprometi\u00f3 a muchos artistas entre ellos <strong>Mirtha Legrand, Jorge Porcel y Alberto Olmedo, Susana Rinaldi<\/strong>, o empresarios como <strong>Amalita Fortabat<\/strong>, que ofreci\u00f3 cemento para la causa.<\/p>\n<p>\u00abTras su manto de neblinas, no las hemos de olvidar. \u00a1Las Malvinas, Argentinas!\u00bb, clama el viento y ruge el mar.\u00bb, recuerda la marcha que se repite una y otra vez como fondo. Este trabajo <strong>premiado en el \u00faltimo Festival de Mar del Plata<\/strong>, se ver\u00e1 por Cine.ar Play desde este jueves.<\/p>\n<p>M\u00e1s propuestas<\/p>\n<p>En YouTube tambi\u00e9n se encuentran disponibles <strong>\u00abLocos de la bandera\u00bb<\/strong> (2004), de Julio Cardozo, y <strong>\u00abNo tan nuestras\u00bb<\/strong>, de Ramiro Longo. En Cine.ar Play tambi\u00e9n se pueden ver <strong>\u00abLa forma exacta de las Islas\u00bb<\/strong> (2014), de Daniel Casabe y Edgardo Dieleke, y el estreno de <strong>\u00abBuenas noches, Malvinas\u00bb<\/strong> (2021), de Ana Fraile y Lucas Scavino, con locuci\u00f3n de Rafael Spregelburd.<\/p>\n<p>La lista tambi\u00e9n incluye el cortometraje <strong>\u00abGuarisove. Los olvidados\u00bb<\/strong>, que forma parte de la primera entrega de <strong>\u00abHistorias Breves\u00bb<\/strong> (1995), de Bruno Stagnaro, con Diego Reinhold David Masajnik y Claudio Rissi. Con mucho humor muestra a un peque\u00f1o batall\u00f3n de soldados que fueron a la guerra inocentemente y quedan olvidados en un rinc\u00f3n de la isla sin tener noticia de la rendici\u00f3n. Est\u00e1 en la plataforma Cine.ar Play.<\/p>\n<p> <iframe width=\"560\" height=\"315\" src=\"https:\/\/www.youtube.com\/embed\/qirH0F-3iRM?wmode=transparent&amp;showinfo=0&amp;autohide=1&amp;rel=0\" frameborder=\"0\" allowfullscreen>[embedded content]<\/iframe> <\/p>\n<p>Malvinas: 30 miradas<\/p>\n<p>La lista de cortometrajes incluye los de la colecci\u00f3n <strong>\u00abMalvinas: 30 miradas\u00bb<\/strong>, respaldada por el Centro de Producci\u00f3n e Investigaci\u00f3n Audiovisual (CePIA) del Ministerio de Cultura (de la Naci\u00f3n de la administracion 2003-2015, luego cerrado), en colaboraci\u00f3n con la Universidad Nacional de Tres de Febrero (UnTreF).<\/p>\n<p>Estos trabajos, que llevan las firmas de <strong>Luc\u00eda Puenzo, Pablo Fendrik, Norman Ruiz, Adri\u00e1n Caetano, Arnaldo Andr\u00e9, David Blaustein, Fernando Spiner, Carlos Galettini, Juan Bautista Stagnaro, Luc\u00eda Cedr\u00f3n, Miguel Mato, Paula de Luque, N\u00e9stor Montalbano, Sandra Gugliotta <\/strong>y los recordados <strong>Juan Pablo Laplace y Sergio Bellotti<\/strong>, entre otros, pueden verse en la plataforma Cine.ar Play. <\/p>\n","protected":false},"excerpt":{"rendered":"<p>Gast\u00f3n Pauls en \u00abIluminados por el fuego\u00bb, la pel\u00edcula m\u00e1s lograda sobre la guerra. La soberan\u00eda de las Islas Malvinas es irrenunciable al igual que ese sentimiento a veces contradictorio, que incluso puede generar pol\u00e9mica. El cine lo recupera una y otra vez desde distintos \u00e1ngulos, pero m\u00e1s que nada y pasados 39 a\u00f1os de [&hellip;]<\/p>\n","protected":false},"author":1,"featured_media":2743,"comment_status":"closed","ping_status":"closed","sticky":false,"template":"","format":"standard","meta":[],"categories":[9],"tags":[],"_links":{"self":[{"href":"http:\/\/nuevacordoba.net\/index.php\/wp-json\/wp\/v2\/posts\/2742"}],"collection":[{"href":"http:\/\/nuevacordoba.net\/index.php\/wp-json\/wp\/v2\/posts"}],"about":[{"href":"http:\/\/nuevacordoba.net\/index.php\/wp-json\/wp\/v2\/types\/post"}],"author":[{"embeddable":true,"href":"http:\/\/nuevacordoba.net\/index.php\/wp-json\/wp\/v2\/users\/1"}],"replies":[{"embeddable":true,"href":"http:\/\/nuevacordoba.net\/index.php\/wp-json\/wp\/v2\/comments?post=2742"}],"version-history":[{"count":0,"href":"http:\/\/nuevacordoba.net\/index.php\/wp-json\/wp\/v2\/posts\/2742\/revisions"}],"wp:featuredmedia":[{"embeddable":true,"href":"http:\/\/nuevacordoba.net\/index.php\/wp-json\/wp\/v2\/media\/2743"}],"wp:attachment":[{"href":"http:\/\/nuevacordoba.net\/index.php\/wp-json\/wp\/v2\/media?parent=2742"}],"wp:term":[{"taxonomy":"category","embeddable":true,"href":"http:\/\/nuevacordoba.net\/index.php\/wp-json\/wp\/v2\/categories?post=2742"},{"taxonomy":"post_tag","embeddable":true,"href":"http:\/\/nuevacordoba.net\/index.php\/wp-json\/wp\/v2\/tags?post=2742"}],"curies":[{"name":"wp","href":"https:\/\/api.w.org\/{rel}","templated":true}]}}