{"id":2750,"date":"2021-04-02T17:53:54","date_gmt":"2021-04-02T17:53:54","guid":{"rendered":"http:\/\/nuevacordoba.net\/index.php\/2021\/04\/02\/eeuu-participara-en-la-reunion-entre-iran-y-las-potencias-occidentales-sobre-el-programa-nuclear\/"},"modified":"2021-04-02T17:53:54","modified_gmt":"2021-04-02T17:53:54","slug":"eeuu-participara-en-la-reunion-entre-iran-y-las-potencias-occidentales-sobre-el-programa-nuclear","status":"publish","type":"post","link":"http:\/\/nuevacordoba.net\/index.php\/2021\/04\/02\/eeuu-participara-en-la-reunion-entre-iran-y-las-potencias-occidentales-sobre-el-programa-nuclear\/","title":{"rendered":"EEUU participar\u00e1 en la reuni\u00f3n entre Ir\u00e1n y las potencias occidentales sobre el programa nuclear"},"content":{"rendered":"<div class=\"image\" id=\"image\" readability=\"7\"> <img src=\"http:\/\/nuevacordoba.net\/wp-content\/uploads\/2021\/04\/eeuu-participara-en-la-reunion-entre-iran-y-las-potencias-occidentales-sobre-el-programa-nuclear.jpg\" alt=\"Ir\u00e1n comenz\u00f3 a reducir de manera gradual sus compromisos del Plan de Acci\u00f3n Integral Conjunto.\" title=\"Ir\u00e1n comenz\u00f3 a reducir de manera gradual sus compromisos del Plan de Acci\u00f3n Integral Conjunto.\"><\/p>\n<p>Ir\u00e1n comenz\u00f3 a reducir de manera gradual sus compromisos del Plan de Acci\u00f3n Integral Conjunto.<\/p>\n<\/div>\n<p>Estados Unidos participar\u00e1 la pr\u00f3xima semana de la reuni\u00f3n entre Ir\u00e1n y las potencias occidentales sobre el programa nuclear de Teher\u00e1n y <strong>est\u00e1 abierto a tener un di\u00e1logo directo con las autoridades iran\u00edes<\/strong>, anunci\u00f3 el vocero de la diplomacia estadounidense, Ned Price.<\/p>\n<p>\u00abTodav\u00eda es pronto y no anticipamos un avance inmediato ya que hay discusiones complicadas por delante. Pero creemos que este es un paso saludable hacia adelante\u00bb, se\u00f1al\u00f3 Price, quien precis\u00f3 que a\u00fan no habr\u00e1 negociaciones directas entre ambos pa\u00edses, si bien dijo que Washington est\u00e1 \u00ababierto\u00bb a hacerlo.<\/p>\n<p>Estas declaraciones se dieron horas despu\u00e9s de que la diplomacia europea anunciara un <strong>nuevo encuentro el pr\u00f3ximo 6 de abril en Viena sobre el programa nuclear iran\u00ed con todas las partes que firmaron en 2015 el pacto nuclear<\/strong>, del cual Estados Unidos se retir\u00f3 durante el Gobierno de Donald Trump.<\/p>\n<blockquote readability=\"6\">\n<p>\u00abTodav\u00eda es pronto y no anticipamos un avance inmediato ya que hay discusiones complicadas por delante. Pero creemos que este es un paso saludable\u00bb<span class=\"comilla\">\u201d<\/span><\/p>\n<p><span>Ned Price<\/span><\/p>\n<\/blockquote>\n<p>En el mismo, hab\u00edan adelantado que habr\u00eda \u00abcontactos\u00bb con EEUU, seg\u00fan el comunicado divulgado tras la reuni\u00f3n virtual mantenida el jueves con los representantes de China, Francia, Reino Unido, Alemania, Rusia e Ir\u00e1n.<\/p>\n<p>Price declar\u00f3 que el principal tema de discusi\u00f3n va a ser <strong>\u00ablos pasos nucleares que Ir\u00e1n debe adoptar para volver a cumplir con los t\u00e9rminos del Plan de Acci\u00f3n Integral Conjunto (PAIC)\u00bb <\/strong>y las medidas de alivio de las sanciones que debe tomar EEUU.<\/p>\n<p>Tambi\u00e9n la oficina del jefe de la diplomacia europea, Josep Borrell, indic\u00f3 que durante el encuentro se intentar\u00e1 \u00abidentificar claramente las medidas para levantar sanciones y la aplicaci\u00f3n del acuerdo nuclear\u00bb firmado en 2015.<\/p>\n<p>En julio de ese a\u00f1o, cuando en EEUU gobernaba Barack Obama y Joe Biden era su vicepresidente, seis pa\u00edses (el denominado Grupo 5+1) e Ir\u00e1n firmaron un ansiado acuerdo que impuso una serie de limitaciones al programa nuclear iran\u00ed con el objetivo de excluir su posible dimensi\u00f3n militar, a cambio del levantamiento de las sanciones internacionales.<\/p>\n<div class=\"image\" id=\"image\" readability=\"7\"> <img src=\"http:\/\/nuevacordoba.net\/wp-content\/uploads\/2021\/04\/eeuu-participara-en-la-reunion-entre-iran-y-las-potencias-occidentales-sobre-el-programa-nuclear-1.jpg\" alt=\"El pr\u00f3ximo encuentro se concretar\u00e1 el 6 de abril.\" title=\"El pr\u00f3ximo encuentro se concretar\u00e1 el 6 de abril.\"><\/p>\n<p>El pr\u00f3ximo encuentro se concretar\u00e1 el 6 de abril.<\/p>\n<\/div>\n<p>En mayo de 2018, el entonces presidente Trump rompi\u00f3 el acuerdo y empez\u00f3 a imponer sanciones unilaterales contra Teher\u00e1n con el argumento de que ese pa\u00eds segu\u00eda desarrollando armas nucleares.<\/p>\n<p>Un a\u00f1o despu\u00e9s, Ir\u00e1n, en respuesta, comenz\u00f3 a reducir de manera gradual sus compromisos del pacto conocido como PAIC.<\/p>\n<p><strong>Borrell dijo que \u00abintensificar\u00e1 sus contactos\u00bb con todos las partes del acuerdo y con EEUU, para que se vuelva a sumar al acuerdo.<\/strong><\/p>\n<p>\u00abLa reuni\u00f3n de hoy fue positiva. Nos volveremos a reunir en Viena la pr\u00f3xima semana. Nos espera un trabajo sustancioso, de cara a una ocasi\u00f3n clave para revitalizar\u00bb el PAIC, declar\u00f3 en Twitter el vicesecretario general del Servicio Europeo de Acci\u00f3n Exterior, Enrique Mora, quien presidi\u00f3 el encuentro.<\/p>\n<p>\u00abLos participantes discutieron sobre la perspectiva de un retorno completo de EEUU al marco del PAIC y subrayaron su voluntad de abordar esta cuesti\u00f3n de forma positiva en un esfuerzo conjunto\u00bb, consign\u00f3 el comunicado, que fue recogido por la agencia de noticias AFP.<\/p>\n<div class=\"js-code\" readability=\"6.0576923076923\">\n<blockquote class=\"twitter-tweet\" readability=\"6.0576923076923\">\n<p lang=\"en\" dir=\"ltr\">Positive meeting today. We will reconvene in Vienna next week. Substantial work ahead for a key opportunity to bring <a href=\"https:\/\/twitter.com\/hashtag\/JCPOA?src=hash&amp;ref_src=twsrc%5Etfw\">#JCPOA<\/a> back to life.<br \/>JCPOA: Chair&#8217;s Statement Following the Meeting of the Joint Commission &#8211; European External Action Service <a href=\"https:\/\/t.co\/JrCYcpIRGI\">https:\/\/t.co\/JrCYcpIRGI<\/a><\/p>\n<p>\u2014 Enrique Mora (@enriquemora_) <a href=\"https:\/\/twitter.com\/enriquemora_\/status\/1377946983969734658?ref_src=twsrc%5Etfw\">April 2, 2021<\/a><\/p><\/blockquote><\/div>\n<p>\u00abLos participantes tambi\u00e9n subrayaron su compromiso en preservar el acuerdo y discutieron sobre c\u00f3mo asegurar que se vuelva a poner en marcha de forma completa y efectiva\u00bb, agrega el texto.<\/p>\n<p>Borrell coordina la tarea de la comisi\u00f3n mixta del PAIC y llev\u00f3 a cabo una intensa labor diplom\u00e1tica antes de organizar esta reuni\u00f3n. Espera poder llevar r\u00e1pidamente a todos los actores a la mesa de negociaciones.<\/p>\n<p>El presidente estadounidense, Joe Biden, afirm\u00f3 que EEUU est\u00e1 dispuesto a reincorporarse al acuerdo, con la condici\u00f3n de que, antes, Teher\u00e1n vuelva a atenerse a sus compromisos adquiridos en el marco del pacto y que empez\u00f3 a incumplir en respuesta a las sanciones ordenadas por Trump.<\/p>\n<p>Ir\u00e1n, por su parte, se declara dispuesto a respetar \u00edntegramente el acuerdo, siempre y cuando Washington levante previamente esas sanciones de forma efectiva.<\/p>\n<p><strong>La pr\u00f3xima reuni\u00f3n de la Comisi\u00f3n Conjunta se llevar\u00e1 a cabo el 6 de abril en Viena.<\/strong> <\/p>\n","protected":false},"excerpt":{"rendered":"<p>Ir\u00e1n comenz\u00f3 a reducir de manera gradual sus compromisos del Plan de Acci\u00f3n Integral Conjunto. Estados Unidos participar\u00e1 la pr\u00f3xima semana de la reuni\u00f3n entre Ir\u00e1n y las potencias occidentales sobre el programa nuclear de Teher\u00e1n y est\u00e1 abierto a tener un di\u00e1logo directo con las autoridades iran\u00edes, anunci\u00f3 el vocero de la diplomacia estadounidense, [&hellip;]<\/p>\n","protected":false},"author":1,"featured_media":2751,"comment_status":"closed","ping_status":"closed","sticky":false,"template":"","format":"standard","meta":[],"categories":[13],"tags":[],"_links":{"self":[{"href":"http:\/\/nuevacordoba.net\/index.php\/wp-json\/wp\/v2\/posts\/2750"}],"collection":[{"href":"http:\/\/nuevacordoba.net\/index.php\/wp-json\/wp\/v2\/posts"}],"about":[{"href":"http:\/\/nuevacordoba.net\/index.php\/wp-json\/wp\/v2\/types\/post"}],"author":[{"embeddable":true,"href":"http:\/\/nuevacordoba.net\/index.php\/wp-json\/wp\/v2\/users\/1"}],"replies":[{"embeddable":true,"href":"http:\/\/nuevacordoba.net\/index.php\/wp-json\/wp\/v2\/comments?post=2750"}],"version-history":[{"count":0,"href":"http:\/\/nuevacordoba.net\/index.php\/wp-json\/wp\/v2\/posts\/2750\/revisions"}],"wp:featuredmedia":[{"embeddable":true,"href":"http:\/\/nuevacordoba.net\/index.php\/wp-json\/wp\/v2\/media\/2751"}],"wp:attachment":[{"href":"http:\/\/nuevacordoba.net\/index.php\/wp-json\/wp\/v2\/media?parent=2750"}],"wp:term":[{"taxonomy":"category","embeddable":true,"href":"http:\/\/nuevacordoba.net\/index.php\/wp-json\/wp\/v2\/categories?post=2750"},{"taxonomy":"post_tag","embeddable":true,"href":"http:\/\/nuevacordoba.net\/index.php\/wp-json\/wp\/v2\/tags?post=2750"}],"curies":[{"name":"wp","href":"https:\/\/api.w.org\/{rel}","templated":true}]}}