{"id":2756,"date":"2021-04-02T03:02:00","date_gmt":"2021-04-02T03:02:00","guid":{"rendered":"https:\/\/puntoapunto.com.ar\/?p=275166"},"modified":"2021-04-02T03:02:00","modified_gmt":"2021-04-02T03:02:00","slug":"con-inversiones-millonarias-laca-afirma-que-confia-en-los-productores-mas-que-en-los-gobiernos","status":"publish","type":"post","link":"http:\/\/nuevacordoba.net\/index.php\/2021\/04\/02\/con-inversiones-millonarias-laca-afirma-que-confia-en-los-productores-mas-que-en-los-gobiernos\/","title":{"rendered":"Con inversiones millonarias, Laca afirma que conf\u00eda \u201cen los productores m\u00e1s que en los gobiernos\u201d"},"content":{"rendered":"<p><!-- image --><\/p>\n<div class=\"td-post-featured-image\"><a href=\"https:\/\/s3.us-west-2.amazonaws.com\/puntoapunto.com.ar\/wp-content\/uploads\/2021\/03\/25104608\/Hector-Laca-4.jpg\" data-caption><img loading=\"lazy\" width=\"696\" height=\"463\" class=\"entry-thumb td-modal-image\" src=\"http:\/\/nuevacordoba.net\/wp-content\/uploads\/2021\/04\/con-inversiones-millonarias-laca-afirma-que-confia-en-los-productores-mas-que-en-los-gobiernos.jpg\" srcset=\"http:\/\/nuevacordoba.net\/wp-content\/uploads\/2021\/04\/con-inversiones-millonarias-laca-afirma-que-confia-en-los-productores-mas-que-en-los-gobiernos.jpg 696w, http:\/\/nuevacordoba.net\/wp-content\/uploads\/2021\/04\/con-inversiones-millonarias-laca-afirma-que-confia-en-los-productores-mas-que-en-los-gobiernos-3.jpg 300w, http:\/\/nuevacordoba.net\/wp-content\/uploads\/2021\/04\/con-inversiones-millonarias-laca-afirma-que-confia-en-los-productores-mas-que-en-los-gobiernos-4.jpg 1024w, http:\/\/nuevacordoba.net\/wp-content\/uploads\/2021\/04\/con-inversiones-millonarias-laca-afirma-que-confia-en-los-productores-mas-que-en-los-gobiernos-5.jpg 768w, http:\/\/nuevacordoba.net\/wp-content\/uploads\/2021\/04\/con-inversiones-millonarias-laca-afirma-que-confia-en-los-productores-mas-que-en-los-gobiernos-6.jpg 1536w, http:\/\/nuevacordoba.net\/wp-content\/uploads\/2021\/04\/con-inversiones-millonarias-laca-afirma-que-confia-en-los-productores-mas-que-en-los-gobiernos-7.jpg 2048w, http:\/\/nuevacordoba.net\/wp-content\/uploads\/2021\/04\/con-inversiones-millonarias-laca-afirma-que-confia-en-los-productores-mas-que-en-los-gobiernos-8.jpg 150w, http:\/\/nuevacordoba.net\/wp-content\/uploads\/2021\/04\/con-inversiones-millonarias-laca-afirma-que-confia-en-los-productores-mas-que-en-los-gobiernos-9.jpg 1068w, http:\/\/nuevacordoba.net\/wp-content\/uploads\/2021\/04\/con-inversiones-millonarias-laca-afirma-que-confia-en-los-productores-mas-que-en-los-gobiernos-10.jpg 632w\" sizes=\"(max-width: 696px) 100vw, 696px\" alt title=\"Hector Laca 4\"><\/a><\/div>\n<p> <!-- content --><\/p>\n<div class=\"td-a-rec td-a-rec-id-content_top tdi_66_c68 td_block_template_10\">\n<div class=\"g g-34\">\n<div class=\"g-single a-299\"><a class=\"gofollow\" data-track=\"Mjk5LDM0LDEsNjA=\" href=\"http:\/\/www.grupocanter.com.ar\/landing\/blanqueo\/pap\/?utm_source=Punto%20a%20Punto&amp;utm_medium=Banners&amp;utm_campaign=Blanqueo&amp;utm_term=950x187\"><img src=\"http:\/\/nuevacordoba.net\/wp-content\/uploads\/2021\/04\/con-inversiones-millonarias-laca-afirma-que-confia-en-los-productores-mas-que-en-los-gobiernos.gif\"><\/a><\/div>\n<\/div>\n<\/div>\n<p>Invierte entre <strong>US$ 2 millones y US$ 3 millones<\/strong> por a\u00f1o y confirma que eso no cambiar\u00e1. \u201cNo voy a dejar de hacerlo porque conf\u00edo en los productores m\u00e1s que en los gobiernos\u201d, dispara H\u00e9ctor Laca, titular de <strong>Facyt<\/strong>, la empresa de agroinsumos con sede en Laguna Larga y que no detiene su expansi\u00f3n. Aunque ya cuenta con un portfolio de 84 productos y prepara nuevos desembolsos, la charla se centra en el clima de negocios, en lo que dej\u00f3 la pandemia y en lo que vendr\u00e1 desde lo pol\u00edtico.<\/p>\n<p>\u201cNo veo un futuro con la gente que est\u00e1 hoy en el gobierno. Hay empresarios con 60 a\u00f1os en el mercado que se fundieron y es como que no pas\u00f3 nada: el gobierno est\u00e1 encaprichado con estas cuestiones, lejos de esta realidad que nos toca vivir\u201d, dice Laca.<\/p>\n<h5><strong>-\u00bfEsperaba algo diferente del gobierno Nacional?<\/strong><\/h5>\n<p>-Ni en sue\u00f1os. Esto es lo que son. S\u00ed me llam\u00f3 la atenci\u00f3n (Sergio) Massa, que quer\u00eda ser Presidente y al final quem\u00f3 las naves. Pero eso de \u201cvamos a volver mejores\u201d nunca me lo cre\u00ed. A Cristina no la va a cambiar el Presidente, no hay chances, porque ella cre\u00f3 el espacio y es la que lo maneja. Se nota, se percibe eso y no es bueno.<\/p>\n<h5><strong>-Tambi\u00e9n es cierto que el gobierno de Macri cometi\u00f3 muchos errores \u00bfcoincide?<\/strong><\/h5>\n<p>-S\u00ed. Me pidieron que invirtiera y me dejaron solo. En aquel momento (antes de las elecciones), tom\u00e9 un caf\u00e9 con (H\u00e9ctor) Baldassi y (Mario) Negri y les dije: si no van juntos, pierden. Me dijeron lo mismo: \u2018con Ram\u00f3n (Mestre) no se puede\u2026\u2019 y as\u00ed les fue. M\u00e1s all\u00e1 de eso, a <a href=\"https:\/\/puntoapunto.com.ar\/wp-admin\/post.php?post=275057&amp;action=edit\">Macri<\/a> le falt\u00f3 coraje, entiendo que es dif\u00edcil pero no marc\u00f3 territorio.<\/p>\n<h5><strong>-\u00bfQu\u00e9 es lo que m\u00e1s le critica a Macri y su gobierno?<\/strong><\/h5>\n<p>-Fueron muy t\u00e9cnicos y fr\u00edos, poco pol\u00edticos, aunque despu\u00e9s recuperaron algo de terreno. Pero tambi\u00e9n tengo que decir que el peronismo tiene una capacidad de hacer ciertas cosas que la gente las banca m\u00e1s. Todas las burradas que est\u00e1n haciendo ahora desde el gobierno nacional, a Macri no se las hubieran tolerado. No tengo dudas.<\/p>\n<h4><strong>Siguen las inversiones<\/strong><\/h4>\n<p>No es la primera vez que Laca hace referencia a que <strong>\u201ctiene la obligaci\u00f3n<\/strong>\u201d de seguir invirtiendo. Ya lo dijo en otras entrevistas con este medio. <strong>\u201cNunca invierto menos de US$ 2 millones y el que viene voy a invertir US$ 5 millones. Los planes siguen, est\u00e9 el gobierno que est\u00e9: ac\u00e1, lo m\u00e1s importante es que llueva\u201d,<\/strong> resalta el empresario.<\/p>\n<p>En ese sentido, pone de relieve que la expansi\u00f3n de <a href=\"http:\/\/facyt.com\/\"><strong>Facyt<\/strong> <\/a>estar\u00e1 centrada en dos frentes: en la segunda marca que acaba de lanzar (Bagual) y en la apertura de Centros de Log\u00edstica y Distribuci\u00f3n en diferentes puntos del pa\u00eds con una inversi\u00f3n promedio de $ 40 millones cada una. El primer desembolso lo concret\u00f3 en Viale, Entre R\u00edos, provincia de la que es oriundo Laca. La intenci\u00f3n del empresario es avanzar con estas aperturas. \u201cNo se trata de franquicias: queremos sumar presencia en diferentes puntos del pa\u00eds y mucho m\u00e1s ahora que hemos lanzado nuevos productos\u201d, se\u00f1ala el empresario.<\/p>\n<p>Los planes no terminan ah\u00ed. Para el 2022, cuando la empresa cumpla 25 a\u00f1os en el mercado, Laca avanzar\u00e1 con un ambicioso proyecto que viene amasando desde hace un tiempo: levantar una f\u00e1brica que estar\u00e1 basada en nanotecnolog\u00eda y micro encapsulado a partir de un acuerdo que <strong>Facyt<\/strong> firm\u00f3 con el Ceprocor. \u201cSer\u00e1 una inversi\u00f3n de <strong>US$ 10 millones<\/strong> para los pr\u00f3ximos tres a\u00f1os\u201d, destaca Laca.<\/p>\n<p><a href=\"https:\/\/s3.us-west-2.amazonaws.com\/puntoapunto.com.ar\/wp-content\/uploads\/2021\/03\/25102630\/PaP1162_Pa%E2%95%A0ugina_08-scaled.jpg\" target=\"_blank\" rel=\"noopener\"><img loading=\"lazy\" class=\"alignnone wp-image-263999 size-medium\" src=\"http:\/\/nuevacordoba.net\/wp-content\/uploads\/2021\/04\/con-inversiones-millonarias-laca-afirma-que-confia-en-los-productores-mas-que-en-los-gobiernos-1.jpg\" alt width=\"300\" height=\"64\" srcset=\"http:\/\/nuevacordoba.net\/wp-content\/uploads\/2021\/04\/con-inversiones-millonarias-laca-afirma-que-confia-en-los-productores-mas-que-en-los-gobiernos-1.jpg 300w, http:\/\/nuevacordoba.net\/wp-content\/uploads\/2021\/04\/con-inversiones-millonarias-laca-afirma-que-confia-en-los-productores-mas-que-en-los-gobiernos-11.jpg 732w\" sizes=\"(max-width: 300px) 100vw, 300px\"><\/a><\/p>\n<p><a href=\"https:\/\/s3.us-west-2.amazonaws.com\/puntoapunto.com.ar\/wp-content\/uploads\/2021\/03\/25102708\/PaP1162_Pa%E2%95%A0ugina_09-scaled.jpg\" target=\"_blank\" rel=\"noopener\"><img loading=\"lazy\" class=\"alignnone wp-image-263957 size-medium\" src=\"http:\/\/nuevacordoba.net\/wp-content\/uploads\/2021\/04\/con-inversiones-millonarias-laca-afirma-que-confia-en-los-productores-mas-que-en-los-gobiernos-2.jpg\" alt width=\"300\" height=\"71\" srcset=\"http:\/\/nuevacordoba.net\/wp-content\/uploads\/2021\/04\/con-inversiones-millonarias-laca-afirma-que-confia-en-los-productores-mas-que-en-los-gobiernos-2.jpg 300w, http:\/\/nuevacordoba.net\/wp-content\/uploads\/2021\/04\/con-inversiones-millonarias-laca-afirma-que-confia-en-los-productores-mas-que-en-los-gobiernos-12.jpg 768w, http:\/\/nuevacordoba.net\/wp-content\/uploads\/2021\/04\/con-inversiones-millonarias-laca-afirma-que-confia-en-los-productores-mas-que-en-los-gobiernos-13.jpg 1012w\" sizes=\"(max-width: 300px) 100vw, 300px\"><\/a><\/p>\n<p>No tags for this post. <!-- A generated by theme --> <!-- end A --> <\/p>\n","protected":false},"excerpt":{"rendered":"<p>Invierte entre US$ 2 millones y US$ 3 millones por a\u00f1o y confirma que eso no cambiar\u00e1. \u201cNo voy a dejar de hacerlo porque conf\u00edo en los productores m\u00e1s que en los gobiernos\u201d, dispara H\u00e9ctor Laca, titular de Facyt, la empresa de agroinsumos con sede en Laguna Larga y que no detiene su expansi\u00f3n. Aunque [&hellip;]<\/p>\n","protected":false},"author":1,"featured_media":2757,"comment_status":"open","ping_status":"closed","sticky":false,"template":"","format":"standard","meta":[],"categories":[14],"tags":[],"_links":{"self":[{"href":"http:\/\/nuevacordoba.net\/index.php\/wp-json\/wp\/v2\/posts\/2756"}],"collection":[{"href":"http:\/\/nuevacordoba.net\/index.php\/wp-json\/wp\/v2\/posts"}],"about":[{"href":"http:\/\/nuevacordoba.net\/index.php\/wp-json\/wp\/v2\/types\/post"}],"author":[{"embeddable":true,"href":"http:\/\/nuevacordoba.net\/index.php\/wp-json\/wp\/v2\/users\/1"}],"replies":[{"embeddable":true,"href":"http:\/\/nuevacordoba.net\/index.php\/wp-json\/wp\/v2\/comments?post=2756"}],"version-history":[{"count":0,"href":"http:\/\/nuevacordoba.net\/index.php\/wp-json\/wp\/v2\/posts\/2756\/revisions"}],"wp:featuredmedia":[{"embeddable":true,"href":"http:\/\/nuevacordoba.net\/index.php\/wp-json\/wp\/v2\/media\/2757"}],"wp:attachment":[{"href":"http:\/\/nuevacordoba.net\/index.php\/wp-json\/wp\/v2\/media?parent=2756"}],"wp:term":[{"taxonomy":"category","embeddable":true,"href":"http:\/\/nuevacordoba.net\/index.php\/wp-json\/wp\/v2\/categories?post=2756"},{"taxonomy":"post_tag","embeddable":true,"href":"http:\/\/nuevacordoba.net\/index.php\/wp-json\/wp\/v2\/tags?post=2756"}],"curies":[{"name":"wp","href":"https:\/\/api.w.org\/{rel}","templated":true}]}}