{"id":27708,"date":"2022-12-26T19:31:44","date_gmt":"2022-12-26T19:31:44","guid":{"rendered":"https:\/\/www.cordoba.gob.ar\/?p=37741"},"modified":"2022-12-26T19:31:44","modified_gmt":"2022-12-26T19:31:44","slug":"volve-a-la-escuela-mas-de-400-ninos-y-jovenes-participaron-del-programa-de-reinsercion-durante-el-2022","status":"publish","type":"post","link":"http:\/\/nuevacordoba.net\/index.php\/2022\/12\/26\/volve-a-la-escuela-mas-de-400-ninos-y-jovenes-participaron-del-programa-de-reinsercion-durante-el-2022\/","title":{"rendered":"Volv\u00e9 a la escuela: M\u00e1s de 400 ni\u00f1os y j\u00f3venes participaron del programa de reinserci\u00f3n durante el 2022"},"content":{"rendered":"<div><img src=\"http:\/\/nuevacordoba.net\/wp-content\/uploads\/2022\/12\/volve-a-la-escuela-mas-de-400-ninos-y-jovenes-participaron-del-programa-de-reinsercion-durante-el-2022.jpg\" class=\"ff-og-image-inserted\"><\/div>\n<ul>\n<li><strong>La propuesta busca acompa\u00f1ar a los estudiantes en su cursado de escolaridad obligatoria, as\u00ed como tambi\u00e9n promover la reinserci\u00f3n y continuidad de su trayectoria escolar.<\/strong><\/li>\n<li><strong>Adem\u00e1s fomenta la participaci\u00f3n en actividades extracurriculares que ampl\u00edan y enriquecen sus aprendizajes y experiencias.<\/strong><\/li>\n<\/ul>\n<hr>\n<p><span>M\u00e1s de 400 ni\u00f1os y j\u00f3venes participaron durante el corriente a\u00f1o de las actividades del programa Volv\u00e9 a la Escuela, una propuesta que se desarroll\u00f3 en los cinco Parques Educativos y en los tres Centros Integradores Comunitarios de la ciudad.<\/span><\/p>\n<p><span>La iniciativa lleg\u00f3 a 31 instituciones educativas entre jardines y escuelas primarias municipales y colegios de nivel secundario de la ciudad, con el objetivo de fortalecer los conocimientos en matem\u00e1tica, lengua y cultura digital. El caso del municipio de C\u00f3rdoba es una experiencia distinta y \u00fanica en el pa\u00eds, por ponerse en acci\u00f3n en instituciones estatales socioeducativas y sociocomunitarias, fuera del espacio estrictamente escolar, con una vinculaci\u00f3n territorial focalizada.<\/span><\/p>\n<p><span>Este programa se llev\u00f3 adelante desde la Direcci\u00f3n de Parques Educativos de la Secretar\u00eda de Educaci\u00f3n y de la Direcci\u00f3n de Gesti\u00f3n Comunitaria y Microplanificaci\u00f3n de la Secretar\u00eda de Pol\u00edticas Sociales, Inclusi\u00f3n y Convivencia, en donde a lo largo del a\u00f1o, los estudiantes de los diferentes niveles participaron de actividades con acompa\u00f1amiento pedag\u00f3gico: apoyo escolar, talleres audiovisuales y de m\u00fasica, paseos socioeducativos (a Plaza Cielo Tierra, Cineclub Municipal, Centros Verdes, Centro de Transferencia de Residuos, entre otros), visitas a medios comunitarios de la ciudad, espacios de debate sobre ambiente y participaci\u00f3n, desaf\u00edos en la Tecnoteca CREA, bicicleteadas y una jornada de cierre en el Parque Educativo Noroeste con la participaci\u00f3n de todos los equipos del programa.<\/span><\/p>\n<p><span>Adem\u00e1s, en los \u00faltimos meses de la propuesta se sumaron estudiantes de la carrera de Cine y Televisi\u00f3n de la Facultad de Artes de la Universidad Nacional de C\u00f3rdoba, para trabajar en el desarrollo de propuestas de educaci\u00f3n con medios audiovisuales, en el marco de sus pr\u00e1cticas de formaci\u00f3n profesional.<\/span><\/p>\n<p><span>Horacio Ferreyra, secretario de Educaci\u00f3n, expres\u00f3: <\/span><i><span>\u201cNos parece muy conveniente que este programa se haya podido adecuar a las necesidades de nuestro territorio y a las potencialidades que ofrece el sistema municipal. Partiendo de su fundamento base, que consiste en revincular y acompa\u00f1ar a estudiantes que han interrumpido sus trayectorias y enfatizando los programas priorizados de oralidad, lectura y escritura\/matem\u00e1tica\/cultura digital,, nos hemos desafiado para ir m\u00e1s all\u00e1, y hemos promovido aprendizajes variados con propuestas innovadoras que atraviesan diversos campos\u201d.<\/span><\/i><\/p>\n<p><span>La directora de Parques Educativos, Eugenia Rotondi, mencion\u00f3 que \u201c<\/span><i><span>el programa nos permiti\u00f3 llegar a ni\u00f1os y j\u00f3venes desde una propuesta que aport\u00f3 a sus experiencias y trayectorias escolares otras formas de aprender y expresar lo que son y sienten\u201d. <\/span><\/i><span>Adem\u00e1s agreg\u00f3<\/span><i><span> \u201cestamos muy orgullosas del trabajo que realizaron los equipos en cada Parque Educativo y CIC, porque pusieron todo su compromiso y creatividad para llevar adelante una tarea tan importante\u201d.<\/span><\/i><\/p>\n","protected":false},"excerpt":{"rendered":"<p>La propuesta busca acompa\u00f1ar a los estudiantes en su cursado de escolaridad obligatoria, as\u00ed como tambi\u00e9n promover la reinserci\u00f3n y continuidad de su trayectoria escolar. Adem\u00e1s fomenta la participaci\u00f3n en actividades extracurriculares que ampl\u00edan y enriquecen sus aprendizajes y experiencias. M\u00e1s de 400 ni\u00f1os y j\u00f3venes participaron durante el corriente a\u00f1o de las actividades del [&hellip;]<\/p>\n","protected":false},"author":1,"featured_media":27709,"comment_status":"closed","ping_status":"closed","sticky":false,"template":"","format":"standard","meta":[],"categories":[14],"tags":[],"_links":{"self":[{"href":"http:\/\/nuevacordoba.net\/index.php\/wp-json\/wp\/v2\/posts\/27708"}],"collection":[{"href":"http:\/\/nuevacordoba.net\/index.php\/wp-json\/wp\/v2\/posts"}],"about":[{"href":"http:\/\/nuevacordoba.net\/index.php\/wp-json\/wp\/v2\/types\/post"}],"author":[{"embeddable":true,"href":"http:\/\/nuevacordoba.net\/index.php\/wp-json\/wp\/v2\/users\/1"}],"replies":[{"embeddable":true,"href":"http:\/\/nuevacordoba.net\/index.php\/wp-json\/wp\/v2\/comments?post=27708"}],"version-history":[{"count":0,"href":"http:\/\/nuevacordoba.net\/index.php\/wp-json\/wp\/v2\/posts\/27708\/revisions"}],"wp:featuredmedia":[{"embeddable":true,"href":"http:\/\/nuevacordoba.net\/index.php\/wp-json\/wp\/v2\/media\/27709"}],"wp:attachment":[{"href":"http:\/\/nuevacordoba.net\/index.php\/wp-json\/wp\/v2\/media?parent=27708"}],"wp:term":[{"taxonomy":"category","embeddable":true,"href":"http:\/\/nuevacordoba.net\/index.php\/wp-json\/wp\/v2\/categories?post=27708"},{"taxonomy":"post_tag","embeddable":true,"href":"http:\/\/nuevacordoba.net\/index.php\/wp-json\/wp\/v2\/tags?post=27708"}],"curies":[{"name":"wp","href":"https:\/\/api.w.org\/{rel}","templated":true}]}}