{"id":27712,"date":"2022-12-26T21:09:24","date_gmt":"2022-12-26T21:09:24","guid":{"rendered":"https:\/\/prensa.cba.gov.ar\/?p=531441"},"modified":"2022-12-26T21:09:24","modified_gmt":"2022-12-26T21:09:24","slug":"villa-maria-schiaretti-inaugurara-una-nueva-escuela-proa","status":"publish","type":"post","link":"http:\/\/nuevacordoba.net\/index.php\/2022\/12\/26\/villa-maria-schiaretti-inaugurara-una-nueva-escuela-proa\/","title":{"rendered":"Villa Mar\u00eda: Schiaretti inaugurar\u00e1 una nueva escuela ProA"},"content":{"rendered":"<div><img src=\"http:\/\/nuevacordoba.net\/wp-content\/uploads\/2022\/12\/villa-maria-schiaretti-inaugurara-una-nueva-escuela-proa.jpg\" class=\"ff-og-image-inserted\"><\/div>\n<ul>\n<li><strong>El flamante edificio est\u00e1 ubicado en el predio de la Universidad Nacional de Villa Mar\u00eda.<\/strong><\/li>\n<li><strong>La inversi\u00f3n ascendi\u00f3 a $417.187.981 pesos.<\/strong><\/li>\n<li><strong>Esta habilitaci\u00f3n se lleva adelante en el marco del programa \u00ab100 Nuevas Escuelas\u00bb.<\/strong><\/li>\n<\/ul>\n<p>El gobernador Juan Schiaretti inaugurar\u00e1 este martes a las 10hs, el nuevo edificio de la escuela ProA, en el predio de la Universidad Nacional de Villa Mar\u00eda, en la ciudad hom\u00f3nima del departamento General San Mart\u00edn. Esta habilitaci\u00f3n se lleva adelante en el marco del programa \u00ab100 Nuevas Escuelas\u00bb.<\/p>\n<p>Con capacidad para 180 alumnos y alumnas<strong>, <\/strong>la edificaci\u00f3n tiene una superficie cubierta de 1.798 metros cuadrados distribuidos en cuatro aulas y tres talleres: inform\u00e1tica, info-arte y ciencias; un laboratorio y un invernadero.<\/p>\n<p>La inversi\u00f3n total de la Provincia ascendi\u00f3 a $417.187.981 pesos, entre obra civil y equipamiento.<\/p>\n","protected":false},"excerpt":{"rendered":"<p>El flamante edificio est\u00e1 ubicado en el predio de la Universidad Nacional de Villa Mar\u00eda. La inversi\u00f3n ascendi\u00f3 a $417.187.981 pesos. Esta habilitaci\u00f3n se lleva adelante en el marco del programa \u00ab100 Nuevas Escuelas\u00bb. El gobernador Juan Schiaretti inaugurar\u00e1 este martes a las 10hs, el nuevo edificio de la escuela ProA, en el predio de [&hellip;]<\/p>\n","protected":false},"author":1,"featured_media":27713,"comment_status":"closed","ping_status":"closed","sticky":false,"template":"","format":"standard","meta":[],"categories":[14],"tags":[],"_links":{"self":[{"href":"http:\/\/nuevacordoba.net\/index.php\/wp-json\/wp\/v2\/posts\/27712"}],"collection":[{"href":"http:\/\/nuevacordoba.net\/index.php\/wp-json\/wp\/v2\/posts"}],"about":[{"href":"http:\/\/nuevacordoba.net\/index.php\/wp-json\/wp\/v2\/types\/post"}],"author":[{"embeddable":true,"href":"http:\/\/nuevacordoba.net\/index.php\/wp-json\/wp\/v2\/users\/1"}],"replies":[{"embeddable":true,"href":"http:\/\/nuevacordoba.net\/index.php\/wp-json\/wp\/v2\/comments?post=27712"}],"version-history":[{"count":0,"href":"http:\/\/nuevacordoba.net\/index.php\/wp-json\/wp\/v2\/posts\/27712\/revisions"}],"wp:featuredmedia":[{"embeddable":true,"href":"http:\/\/nuevacordoba.net\/index.php\/wp-json\/wp\/v2\/media\/27713"}],"wp:attachment":[{"href":"http:\/\/nuevacordoba.net\/index.php\/wp-json\/wp\/v2\/media?parent=27712"}],"wp:term":[{"taxonomy":"category","embeddable":true,"href":"http:\/\/nuevacordoba.net\/index.php\/wp-json\/wp\/v2\/categories?post=27712"},{"taxonomy":"post_tag","embeddable":true,"href":"http:\/\/nuevacordoba.net\/index.php\/wp-json\/wp\/v2\/tags?post=27712"}],"curies":[{"name":"wp","href":"https:\/\/api.w.org\/{rel}","templated":true}]}}