{"id":27714,"date":"2022-12-27T01:45:05","date_gmt":"2022-12-27T01:45:05","guid":{"rendered":"http:\/\/nuevacordoba.net\/index.php\/2022\/12\/27\/messi-fue-declarado-ciudadano-ilustre-de-funes-gracias-por-el-carino-de-siempre\/"},"modified":"2022-12-27T01:45:05","modified_gmt":"2022-12-27T01:45:05","slug":"messi-fue-declarado-ciudadano-ilustre-de-funes-gracias-por-el-carino-de-siempre","status":"publish","type":"post","link":"http:\/\/nuevacordoba.net\/index.php\/2022\/12\/27\/messi-fue-declarado-ciudadano-ilustre-de-funes-gracias-por-el-carino-de-siempre\/","title":{"rendered":"Messi fue declarado ciudadano ilustre de Funes: \u00abGracias por el cari\u00f1o de siempre\u00bb"},"content":{"rendered":"<figure class=\"mb-3\"><img loading=\"lazy\" src=\"http:\/\/nuevacordoba.net\/wp-content\/uploads\/2022\/12\/messi-fue-declarado-ciudadano-ilustre-de-funes-gracias-por-el-carino-de-siempre.jpg\" width=\"100%\" height=\"100%\" alt=\"Foto Twitter SantacroceRoly\"><figcaption> Foto: @Twitter SantacroceRoly <\/figcaption><\/figure>\n<p>Lionel Messi, capit\u00e1n y figura m\u00e1xima del seleccionado argentino campe\u00f3n del mundo, fue declarado este lunes ciudadano ilustre de Funes, en Santa Fe, y agradeci\u00f3 \u00abel cari\u00f1o de siempre\u00bb de la gente, en sus \u00faltimos d\u00edas en el pa\u00eds antes de reincorporarse al Par\u00eds Saint Germain de Francia.<\/p>\n<p>\u00abLe mando un saludo a la gente de Funes, a Rosario en general, agradecido por el cari\u00f1o de siempre, m\u00e1s en esta \u00e9poca, desde que llegu\u00e9 del Mundial\u00bb, puntualiz\u00f3 Messi desde su domicilio de Funes, en un video difundido por el Gobierno de la ciudad santafesina.<\/p>\n<p>\u00abLes pido perd\u00f3n porque es dif\u00edcil atender a todos. Estamos pocos d\u00edas, en familia y con amigos, y es complicado, pero agradecerles por el cari\u00f1o. Que terminen bien el a\u00f1o y todo lo mejor para el a\u00f1o que viene\u00bb, cerr\u00f3 el crack rosarino en compa\u00f1\u00eda del intendente de Funes, Roly Santacroce.<\/p>\n<blockquote class=\"twitter-tweet\" readability=\"11.375\">\n<p lang=\"es\" dir=\"ltr\">Lionel Messi es ciudadano ilustre de la ciudad de Funes\ud83c\udde6\ud83c\uddf7<\/p>\n<p>Eligi\u00f3 Argentina para jugar y eligi\u00f3 Funes para vivir. <\/p>\n<p>Hoy nosotros le hacemos este humilde reconocimiento a una de las personas que hizo felices a todos los argentinos. <\/p>\n<p>GRACIAS, GRACIAS POR TANTO. <a href=\"https:\/\/t.co\/c6ZEE8E0qh\">pic.twitter.com\/c6ZEE8E0qh<\/a><\/p>\n<p>\u2014 Roly Santacroce (@SantacroceRoly) <a href=\"https:\/\/twitter.com\/SantacroceRoly\/status\/1607451241101266949?ref_src=twsrc%5Etfw\">December 26, 2022<\/a><\/p><\/blockquote>\n<p>\u00abEligi\u00f3 Argentina para jugar y eligi\u00f3 Funes para vivir. Nos hizo muy felices a todos los argentinos. Gracias por tanto\u00bb, public\u00f3 Santacroce en su cuenta de Instagram.<\/p>\n","protected":false},"excerpt":{"rendered":"<p>Foto: @Twitter SantacroceRoly Lionel Messi, capit\u00e1n y figura m\u00e1xima del seleccionado argentino campe\u00f3n del mundo, fue declarado este lunes ciudadano ilustre de Funes, en Santa Fe, y agradeci\u00f3 \u00abel cari\u00f1o de siempre\u00bb de la gente, en sus \u00faltimos d\u00edas en el pa\u00eds antes de reincorporarse al Par\u00eds Saint Germain de Francia. \u00abLe mando un saludo [&hellip;]<\/p>\n","protected":false},"author":1,"featured_media":27715,"comment_status":"closed","ping_status":"closed","sticky":false,"template":"","format":"standard","meta":[],"categories":[10],"tags":[],"_links":{"self":[{"href":"http:\/\/nuevacordoba.net\/index.php\/wp-json\/wp\/v2\/posts\/27714"}],"collection":[{"href":"http:\/\/nuevacordoba.net\/index.php\/wp-json\/wp\/v2\/posts"}],"about":[{"href":"http:\/\/nuevacordoba.net\/index.php\/wp-json\/wp\/v2\/types\/post"}],"author":[{"embeddable":true,"href":"http:\/\/nuevacordoba.net\/index.php\/wp-json\/wp\/v2\/users\/1"}],"replies":[{"embeddable":true,"href":"http:\/\/nuevacordoba.net\/index.php\/wp-json\/wp\/v2\/comments?post=27714"}],"version-history":[{"count":0,"href":"http:\/\/nuevacordoba.net\/index.php\/wp-json\/wp\/v2\/posts\/27714\/revisions"}],"wp:featuredmedia":[{"embeddable":true,"href":"http:\/\/nuevacordoba.net\/index.php\/wp-json\/wp\/v2\/media\/27715"}],"wp:attachment":[{"href":"http:\/\/nuevacordoba.net\/index.php\/wp-json\/wp\/v2\/media?parent=27714"}],"wp:term":[{"taxonomy":"category","embeddable":true,"href":"http:\/\/nuevacordoba.net\/index.php\/wp-json\/wp\/v2\/categories?post=27714"},{"taxonomy":"post_tag","embeddable":true,"href":"http:\/\/nuevacordoba.net\/index.php\/wp-json\/wp\/v2\/tags?post=27714"}],"curies":[{"name":"wp","href":"https:\/\/api.w.org\/{rel}","templated":true}]}}