{"id":27716,"date":"2022-12-27T01:45:10","date_gmt":"2022-12-27T01:45:10","guid":{"rendered":"http:\/\/nuevacordoba.net\/index.php\/2022\/12\/27\/tapia-en-san-juan-no-tengo-dudas-de-que-scaloni-va-a-seguir-como-dt-de-la-seleccion\/"},"modified":"2022-12-27T01:45:10","modified_gmt":"2022-12-27T01:45:10","slug":"tapia-en-san-juan-no-tengo-dudas-de-que-scaloni-va-a-seguir-como-dt-de-la-seleccion","status":"publish","type":"post","link":"http:\/\/nuevacordoba.net\/index.php\/2022\/12\/27\/tapia-en-san-juan-no-tengo-dudas-de-que-scaloni-va-a-seguir-como-dt-de-la-seleccion\/","title":{"rendered":"Tapia en San Juan: \u00abNo tengo dudas de que Scaloni va a seguir como DT de la Selecci\u00f3n\u00bb"},"content":{"rendered":"<div class=\"video_repositive\"> <a class=\"video_sticky\" href=\"javascript:void();\" onclick=\"removeStuckVideo(true);\"><i class=\"far fa-window-close\"><\/i><\/a> <\/p>\n<div id=\"kGHattBnVQo\" class=\"video_telam\" readability=\"6\">\n<div class=\"feature_article_inner\" readability=\"32\">\n<p><h2 class=\"text-center\">Tapia sobre la continuidad de Scaloni. <\/h2>\n<\/p><\/div>\n<p>VER VIDEO <i class=\"fas fa-play\"><\/i><\/p>\n<\/p><\/div><\/div>\n<p>El presidente de la Asociaci\u00f3n del Futbol Argentino (AFA), Claudio \u00abChiqui\u00bb Tapia, se\u00f1al\u00f3 este lunes que Lionel Scaloni \u00abseguir\u00e1 siendo el director t\u00e9cnico de la selecci\u00f3n\u00bb, <strong>elogi\u00f3 el liderazgo de Lionel Messi<\/strong> \u00abque hizo posible el triunfo\u00bb y dej\u00f3 en manos \u00abde los dirigentes del f\u00fatbol\u00bb la decisi\u00f3n sobre si continuar\u00e1 como presidente de la AFA.<\/p>\n<p>Lo dijo en una conferencia de prensa ofrecida en la Casa de Gobierno de San Juan, <strong>junto al gobernador Sergio U\u00f1ac<\/strong>, quien lo declar\u00f3 ciudadano ilustre de la provincia, luego de visitar el santuario de la Difunta Correa en cumplimiento de una promesa que le hizo a \u00abDeolinda\u00bb, de quien es muy devoto.<\/p>\n<p>Tapia indic\u00f3 que ganar la Copa del Mundo \u00abfue <strong>cumplir un sue\u00f1o como el que todos tenemos alguna vez <\/strong>y que, con mucho esmero y lucha, lo divisamos en el horizonte y trabajamos hasta que pudimos cumplir el objetivo\u00bb.<\/p>\n<blockquote class=\"twitter-tweet\" readability=\"8.1971153846154\">\n<p lang=\"es\" dir=\"ltr\">La fidelidad, el amor y la lealtad se demuestran con acciones y no con palabras.<\/p>\n<p>Ac\u00e1 estamos, una vez m\u00e1s!<\/p>\n<p>Vamos <a href=\"https:\/\/twitter.com\/Argentina?ref_src=twsrc%5Etfw\">@Argentina<\/a> \ud83c\udde6\ud83c\uddf7 <a href=\"https:\/\/t.co\/HaYIZGlLXu\">pic.twitter.com\/HaYIZGlLXu<\/a><\/p>\n<p>\u2014 Chiqui Tapia (@tapiachiqui) <a href=\"https:\/\/twitter.com\/tapiachiqui\/status\/1607502217740783616?ref_src=twsrc%5Etfw\">December 26, 2022<\/a><\/p><\/blockquote>\n<p>Por otro lado, <strong>no descart\u00f3 hacer un partido en Bangladesh,<\/strong> aunque dijo que \u00abcuando el t\u00e9cnico (Scaloni) vuelva al pa\u00eds hablaremos de los amistosos\u00bb y que le gustar\u00eda que la selecci\u00f3n juegue en San Juan, \u00abporque queremos que estos chicos (jugadores) tengan el recibimiento que se merecen y que sea en el interior\u00bb.<\/p>\n<p>Asimismo, coment\u00f3 que el t\u00edtulo mundial, \u00abfue uno de esos sue\u00f1os\u00bb, pero que \u00abel primero de los mas grades, fue asumir cono presidente de la AFA el 29 de marzo del 2012, que fue muy dif\u00edcil, porque ven\u00edamos de una AFA complicada, la AFA del 38 a 38, con elecciones suspendidas por la justicia, una Comisi\u00f3n Normalizadora que se adue\u00f1\u00f3 del futbol y nos cre\u00f3 grandes males\u2026\u00bb<\/p>\n<figure class=\"mb-3\"><img loading=\"lazy\" src=\"http:\/\/nuevacordoba.net\/wp-content\/uploads\/2022\/12\/tapia-en-san-juan-no-tengo-dudas-de-que-scaloni-va-a-seguir-como-dt-de-la-seleccion.jpg\" width=\"100%\" height=\"100%\" alt=\"El gobernador Uac y el presidente de la AFA\"><figcaption> El gobernador U\u00f1ac y el presidente de la AFA. <\/figcaption><\/figure>\n<p><strong>\u00abNos propusimos recuperar la casa del futbol, recuperar la credibilidad y hacer mejoras<\/strong>, porque los clubes no cobraban, les daban cheques a 120 d\u00edas, la gesti\u00f3n que hab\u00eda desfinanciaba a las instituciones y cuando asumimos hab\u00eda 2 selecciones y hoy tenemos 16, entre femenino, playa, juvenil, y grandes proyectos en desarrollo, que permiten que Argentina vuelva a ser lo que fue\u00bb, apunt\u00f3 Tapia<\/p>\n<blockquote class=\"instagram-media\" data-instgrm-captioned data-instgrm-permalink=\"https:\/\/www.instagram.com\/p\/CmouiUauLaK\/?utm_source=ig_embed&amp;utm_campaign=loading\" data-instgrm-version=\"14\" readability=\"-0.22105263157895\"><\/blockquote>\n<p>Con tono emocionado record\u00f3 que<strong> \u00aba veces uno toma decisiones que a los dem\u00e1s no les gustan, como fue ponerlo al gringo (Lionel Scaloni) <\/strong>al frente del equipo t\u00e9cnico de la selecci\u00f3n el 99 por ciento no estaban de acuerdo, pero no se animaban a decir nada y pensaban que estaba loco\u00bb.<\/p>\n<p>\u00abSin embargo &#8211; agreg\u00f3- el tiempo demostr\u00f3 que no est\u00e1bamos equivocados y que en un 1 a\u00f1o y 8 meses lograron tres t\u00edtulos important\u00edsimos, lo que demuestra que todos juntos podemos hacer las cosas mejor\u00bb.<\/p>\n<p>Sobre por qu\u00e9 eligi\u00f3 a Scaloni como t\u00e9cnico, Tapia dijo que \u00absiempre de lo malo se aprende algo bueno\u00bb, que pudo \u00abver como trabajaba el gringo cuando era parte del equipo de Sampaoli\u00bb y que cuando renuncia el anterior t\u00e9cnico, le ped\u00ed que dirigiera unos partidos que ten\u00edamos comprometidos y fui convenci\u00e9ndome de que pod\u00eda hacerlo\u00bb.<\/p>\n<p>Destac\u00f3 de Scaloni que \u00abpoco a poco, con las fechas FIFA y los amistosos, fue concibiendo un verdadero recambio generacional en la selecci\u00f3n, y form\u00f3 un cuerpo t\u00e9cnico capaz, con jugadores con sentido de pertenencia como Placente, Mascherano, Samuel, Tocalli, Menoti Romeo, Aimar, con representaciones muy fuertes\u00bb y que gracias a eso, <strong>\u00abhoy tenemos un proyecto de selecci\u00f3n para 8 o 10 a\u00f1os\u00bb.<\/strong><\/p>\n<div class=\"jumbotron pt-4 mt-3\" readability=\"25\">\n<h3 class=\"module-title\">Scaloni dej\u00f3 el pa\u00eds envuelto por el cari\u00f1o de los hinchas<\/h3>\n<p>El entrenador campe\u00f3n del Mundo se tom\u00f3 esta tarde un vuelo a Madrid luego de haber pasado la Navidad en familia en su Pujato natal.&nbsp;Scaloni recibi\u00f3 el cari\u00f1o de los hinchas que le cantaron el tradicional \u00abDale campe\u00f3n\u00bb y con una sonrisa acept\u00f3 los pedidos de fotos.<\/p>\n<p>Uno de los fan\u00e1ticos que exhibi\u00f3 con orgullo su \u00abselfie\u00bb con el director t\u00e9cnico de la \u00abAlbiceleste\u00bb fue el piloto Juan Manuel \u00abPato\u00bb Silva, quien viajaba hacia Arabia Saudita para participar del Dakar.<\/p>\n<p>Scaloni dej\u00f3 el pa\u00eds en medio de los rumores sobre la postergaci\u00f3n de la firma del contrato de renovaci\u00f3n con la Asociaci\u00f3n del F\u00fatbol Argentino (AFA) luego de la conquista en Qatar 2022.&nbsp;Ambas partes tienen acordada de palabra la continuidad hasta despu\u00e9s del Mundial de 2026 pero la firma todav\u00eda no se concret\u00f3.<\/p>\n<p>Los otros campeones del Mundo que se fueron hoy de la Argentina fueron los defensores Nahuel Molina y Nicol\u00e1s Otamendi.&nbsp;El cordob\u00e9s se reintegrar\u00e1 a las pr\u00e1cticas de Atl\u00e9tico de Madrid, mientras que el experimentado defensor podr\u00eda estar en el partido que jugar\u00e1 el pr\u00f3ximo viernes Benfica por la liga de Portugal.<\/p>\n<\/p><\/div>\n<p>Por su parte, record\u00f3 que \u00abcon M\u00e9xico, de 11 titulares, 7 u 8 debutaban en un mundial y fue la \u00fanica selecci\u00f3n donde jugaron todos los jugadores de campo, excepto los arqueros suplentes\u00bb y que \u00abno jugamos dos partidos seguidos con la misma alineaci\u00f3n y salimos campeones del mundo\u00bb, lo que \u00abquiere decir que el cuerpo t\u00e9cnico que tenemos es el mejor del mundo, porque lo ha demostrado\u00bb.<\/p>\n<p>En cuanto a su contrato,<strong> Tapia dijo que \u00abScaloni y yo somos hombres de palabra<\/strong>, Ya lo hablamos y nos dimos el si de palabra y cuando venga de viaje, vamos a terminarlo, por lo que no tengo dudas que va a seguir siendo el DT de la selecci\u00f3n\u00bb.<\/p>\n<p>Ante una pregunta, el titular de la AFA dijo que \u00abdesde que llegamos a Qatar, sab\u00edamos que ser\u00edamos los campeones del mundo\u00bb y relat\u00f3 que \u00abnunca le llamamos a la chartera, que era Aerol\u00edneas Argentinas, que preparara un avi\u00f3n para volvernos, porque sab\u00edamos que jugar\u00edamos los siete partidos\u00bb.<\/p>\n<p>En cuanto a Lionel Messi, Tapia dijo que \u00abnosotros tenemos el mejor, destratado, maltratado, y cost\u00e1ndole much\u00edsimo, lucho cono nadie para obtener el t\u00edtulo que le debemos a nuestro capit\u00e1n\u00bb.<\/p>\n<p><strong>\u00abLos argentinos tenemos eso de no reconocer cuanto hacen los dem\u00e1s por nosotros<\/strong> &#8211; dijo- y gran parte de este logro deportivo se lo debemos Messi porque logr\u00f3 aunar un plantel junto al cuerpo t\u00e9cnico con respeto, trabajo, un plan familiar y de amigos que obtuvo sus resultados\u00bb.<\/p>\n<figure class=\"mb-3\"><img loading=\"lazy\" src=\"http:\/\/nuevacordoba.net\/wp-content\/uploads\/2022\/12\/tapia-en-san-juan-no-tengo-dudas-de-que-scaloni-va-a-seguir-como-dt-de-la-seleccion-1.jpg\" width=\"100%\" height=\"100%\" alt=\"Scaloni viaj hacia Espaa ya que tiene su residencia en Mallorca\"><figcaption> Scaloni viaj\u00f3 hacia Espa\u00f1a ya que tiene su residencia en Mallorca. <\/figcaption><\/figure>\n<p><strong>\u00abEn el Mundial, el equipo que quer\u00edamos ver apareci\u00f3 contra M\u00e9xico<\/strong>, cuando apareci\u00f3 l\u00edder Messi con un gol de su estilo y todo volvi\u00f3 a funcionar como quer\u00edamos y no paramos mas hasta el final\u00bb, prosigui\u00f3.<\/p>\n<p>Finalmente, Tapia record\u00f3 que \u00abaqu\u00ed como en todas parres, hay muchas c\u00e1balas y la m\u00eda es pedirle a la Difunta Correa que nos ayude y la verdad es que siempre estuvo ayud\u00e1ndolos en estos a\u00f1os\u00bb.<\/p>\n<p>Por eso, manifest\u00f3 que \u00ab<strong>vengo a cumplir la promesa que le hice de traer la copa si la gan\u00e1bamos\u00bb,<\/strong> tras lo cual el presidente de la AFA comparti\u00f3 una celebraci\u00f3n popular en el Parque de Mayo de la ciudad, con la presentaci\u00f3n de varios n\u00fameros art\u00edsticos. <\/p>\n","protected":false},"excerpt":{"rendered":"<p>Tapia sobre la continuidad de Scaloni. VER VIDEO El presidente de la Asociaci\u00f3n del Futbol Argentino (AFA), Claudio \u00abChiqui\u00bb Tapia, se\u00f1al\u00f3 este lunes que Lionel Scaloni \u00abseguir\u00e1 siendo el director t\u00e9cnico de la selecci\u00f3n\u00bb, elogi\u00f3 el liderazgo de Lionel Messi \u00abque hizo posible el triunfo\u00bb y dej\u00f3 en manos \u00abde los dirigentes del f\u00fatbol\u00bb la [&hellip;]<\/p>\n","protected":false},"author":1,"featured_media":27717,"comment_status":"closed","ping_status":"closed","sticky":false,"template":"","format":"standard","meta":[],"categories":[10],"tags":[],"_links":{"self":[{"href":"http:\/\/nuevacordoba.net\/index.php\/wp-json\/wp\/v2\/posts\/27716"}],"collection":[{"href":"http:\/\/nuevacordoba.net\/index.php\/wp-json\/wp\/v2\/posts"}],"about":[{"href":"http:\/\/nuevacordoba.net\/index.php\/wp-json\/wp\/v2\/types\/post"}],"author":[{"embeddable":true,"href":"http:\/\/nuevacordoba.net\/index.php\/wp-json\/wp\/v2\/users\/1"}],"replies":[{"embeddable":true,"href":"http:\/\/nuevacordoba.net\/index.php\/wp-json\/wp\/v2\/comments?post=27716"}],"version-history":[{"count":0,"href":"http:\/\/nuevacordoba.net\/index.php\/wp-json\/wp\/v2\/posts\/27716\/revisions"}],"wp:featuredmedia":[{"embeddable":true,"href":"http:\/\/nuevacordoba.net\/index.php\/wp-json\/wp\/v2\/media\/27717"}],"wp:attachment":[{"href":"http:\/\/nuevacordoba.net\/index.php\/wp-json\/wp\/v2\/media?parent=27716"}],"wp:term":[{"taxonomy":"category","embeddable":true,"href":"http:\/\/nuevacordoba.net\/index.php\/wp-json\/wp\/v2\/categories?post=27716"},{"taxonomy":"post_tag","embeddable":true,"href":"http:\/\/nuevacordoba.net\/index.php\/wp-json\/wp\/v2\/tags?post=27716"}],"curies":[{"name":"wp","href":"https:\/\/api.w.org\/{rel}","templated":true}]}}