{"id":27726,"date":"2022-12-26T15:02:49","date_gmt":"2022-12-26T15:02:49","guid":{"rendered":"http:\/\/cordobanewsnet.wordpress.com\/?p=7527"},"modified":"2022-12-26T15:02:49","modified_gmt":"2022-12-26T15:02:49","slug":"neonatal-brenda-aguero-apunto-contra-un-companero-y-se-declaro-inocente","status":"publish","type":"post","link":"http:\/\/nuevacordoba.net\/index.php\/2022\/12\/26\/neonatal-brenda-aguero-apunto-contra-un-companero-y-se-declaro-inocente\/","title":{"rendered":"Neonatal: Brenda Aguero apunt\u00f3 contra un compa\u00f1ero y se declar\u00f3 inocente"},"content":{"rendered":"<p>La enfermera&nbsp;<strong>Brenda Ag\u00fcero<\/strong>&nbsp;es la \u00fanica detenida por la<strong>&nbsp;muerte de beb\u00e9s en el Hospital Materno Neonatal<\/strong>. Est\u00e1 imputada por<strong>&nbsp;homicidio calificado por procedimiento insidioso<\/strong>&nbsp;contra cinco beb\u00e9s que murieron a las horas de nacer y por<strong>&nbsp;homicidio calificado en grado de tentativa&nbsp;<\/strong>por ocho que sobrevivieron a los pinchazos investigados.&nbsp;<\/p>\n<p>Hace<strong>&nbsp;cuatro meses<\/strong>&nbsp;que est\u00e1 tras las rejas en la&nbsp;<strong>c\u00e1rcel de Bouwer&nbsp;<\/strong>y por primera vez rompi\u00f3 el silencio. En di\u00e1logo con&nbsp;<em>Cadena3<\/em>, la joven de 27 a\u00f1os se deslig\u00f3 de toda responsabilidad, insisti\u00f3 en que est\u00e1 detenida injustamente, apunt\u00f3 contra un enfermero y admiti\u00f3 que las muertes fueron intencionales.<\/p>\n<p>Ag\u00fcero dijo que no era la \u00fanica trabajadora que estuvo en los meses en que fallecieron los beb\u00e9s y sostuvo que el&nbsp;<strong>fiscal Ra\u00fal Garz\u00f3n \u201cest\u00e1 empecinado con ella\u201d<\/strong>.&nbsp;<\/p>\n<p><strong>\u201cMe tiene detenida injustamente. Cuando me lee las pruebas no tiene ninguna en contra m\u00edo. Lo \u00fanico que tiene es que estuve en el hospital\u201d<\/strong>, reproch\u00f3 la enfermera que durante tres meses estuvo aislada en una sala de enfermer\u00eda del penal y actualmente se encuentra en un pabell\u00f3n com\u00fan con el resto de la poblaci\u00f3n carcelaria.<\/p>\n<figure class=\"wp-block-image\"><img src=\"http:\/\/nuevacordoba.net\/wp-content\/uploads\/2022\/12\/neonatal-brenda-aguero-apunto-contra-un-companero-y-se-declaro-inocente.jpg\" alt=\"brenda aguero\"><\/figure>\n<p>La \u00fanica detenida por la muerte de beb\u00e9s, registradas entre los meses de marzo y junio,&nbsp;<strong>apunt\u00f3 contra un compa\u00f1ero que, seg\u00fan manifest\u00f3 en la entrevista, \u201ccoincide en todos los partos\u201d<\/strong>. \u201cMi compa\u00f1ero que estaba en todos los partos,&nbsp;<strong>cuando declar\u00f3 dijo que \u00e9l s\u00ed conoc\u00eda el potasio<\/strong>&nbsp;y que se aplica a los beb\u00e9s en casos de urgencia y no lo deber\u00eda saber\u201d, revel\u00f3.<\/p>\n<p>Adem\u00e1s, dijo que su colega&nbsp;<strong>manifest\u00f3 saber d\u00f3nde estaba el potasio<\/strong>, en este caso \u00aben neonatolog\u00eda\u00bb, que lo \u201caplicaban enfermeras y que hab\u00eda una sola ampolla\u201d.&nbsp;<strong>\u201cSab\u00eda todo este chico\u201d<\/strong>, se\u00f1al\u00f3. Tambi\u00e9n aclar\u00f3 que \u201cno hay forma\u201d de confundir la Vitamina K con potasio.<\/p>\n<p>Ante la consulta si fue intencional, fue tajante:&nbsp;<strong>\u201cNo quedan dudas que fue intencional\u201d<\/strong>. En ese sentido, relat\u00f3: \u201cHay autopsias que dicen que dieron potasio elevado. Cuando me leen los hechos, en algunas autopsias de los beb\u00e9s no especifica que sea potasio. Lo \u00fanico que dice es que se pudo haber administrado potasio u otra sustancia\u201d.<\/p>\n<p>Respecto al rol de la<strong>&nbsp;exdirectora Liliana As\u00eds<\/strong>, Brenda Ag\u00fcero dijo: \u201cCuando se lo mencion\u00f3 a la directora no hizo nada. Yo cuando empezaron a pasar cosas raras le avis\u00e9 a la delegada Mart\u00ednez\u201d.<\/p>\n<p>La detenida tambi\u00e9n se defendi\u00f3 de las acusaciones por las<strong>&nbsp;b\u00fasquedas en Google<\/strong>, donde habr\u00eda consultado c\u00f3mo dosificar potasio e insulina antes de las muertes de beb\u00e9s. Respecto de esto, remarc\u00f3 que \u201cson archivos que le pas\u00f3 la supervisora\u201d del sanatorio en el que trabajaba y aclar\u00f3 que \u201cson libros de estudio que le pas\u00f3 por WhatsApp<\/p>\n<div class=\"wordads-ad-wrapper\">\n<div class=\"wordads-ad\">\n<p>Anuncio publicitario<\/p>\n<p><span onclick=\"javascript:__tcfapi( 'showUi' );\">Ajustes de privacidad<\/span><\/p>\n<\/p><\/div><\/div>\n<div id=\"jp-post-flair\" class=\"sharedaddy sd-like-enabled sd-sharing-enabled\">\n<div class=\"sharedaddy sd-sharing-enabled\">\n<div class=\"robots-nocontent sd-block sd-social sd-social-icon-text sd-sharing\">\n<h3 class=\"sd-title\">Share this:<\/h3>\n<\/div>\n<\/div>\n<div class=\"sharedaddy sd-block sd-like jetpack-likes-widget-wrapper jetpack-likes-widget-unloaded\" id=\"like-post-wrapper-143108178-7527-63aa73b4199dd\" data-src=\"\/\/widgets.wp.com\/likes\/index.html?ver=20220105#blog_id=143108178&amp;post_id=7527&amp;origin=cordobanewsnet.wordpress.com&amp;obj_id=143108178-7527-63aa73b4199dd\" data-name=\"like-post-frame-143108178-7527-63aa73b4199dd\" data-title=\"Me gusta o Compartir\">\n<h3 class=\"sd-title\">Me gusta esto:<\/h3>\n<p><span class=\"button\"><span>Me gusta<\/span><\/span> <span class=\"loading\">Cargando&#8230;<\/span><\/p>\n<p><span class=\"sd-text-color\"><\/span><\/div>\n<p><h3 class=\"jp-relatedposts-headline\"><em>Relacionado<\/em><\/h3>\n<\/p>\n<\/div>\n","protected":false},"excerpt":{"rendered":"<p>La enfermera&nbsp;Brenda Ag\u00fcero&nbsp;es la \u00fanica detenida por la&nbsp;muerte de beb\u00e9s en el Hospital Materno Neonatal. Est\u00e1 imputada por&nbsp;homicidio calificado por procedimiento insidioso&nbsp;contra cinco beb\u00e9s que murieron a las horas de nacer y por&nbsp;homicidio calificado en grado de tentativa&nbsp;por ocho que sobrevivieron a los pinchazos investigados.&nbsp; Hace&nbsp;cuatro meses&nbsp;que est\u00e1 tras las rejas en la&nbsp;c\u00e1rcel de Bouwer&nbsp;y [&hellip;]<\/p>\n","protected":false},"author":1,"featured_media":27727,"comment_status":"closed","ping_status":"closed","sticky":false,"template":"","format":"standard","meta":[],"categories":[14],"tags":[],"_links":{"self":[{"href":"http:\/\/nuevacordoba.net\/index.php\/wp-json\/wp\/v2\/posts\/27726"}],"collection":[{"href":"http:\/\/nuevacordoba.net\/index.php\/wp-json\/wp\/v2\/posts"}],"about":[{"href":"http:\/\/nuevacordoba.net\/index.php\/wp-json\/wp\/v2\/types\/post"}],"author":[{"embeddable":true,"href":"http:\/\/nuevacordoba.net\/index.php\/wp-json\/wp\/v2\/users\/1"}],"replies":[{"embeddable":true,"href":"http:\/\/nuevacordoba.net\/index.php\/wp-json\/wp\/v2\/comments?post=27726"}],"version-history":[{"count":0,"href":"http:\/\/nuevacordoba.net\/index.php\/wp-json\/wp\/v2\/posts\/27726\/revisions"}],"wp:featuredmedia":[{"embeddable":true,"href":"http:\/\/nuevacordoba.net\/index.php\/wp-json\/wp\/v2\/media\/27727"}],"wp:attachment":[{"href":"http:\/\/nuevacordoba.net\/index.php\/wp-json\/wp\/v2\/media?parent=27726"}],"wp:term":[{"taxonomy":"category","embeddable":true,"href":"http:\/\/nuevacordoba.net\/index.php\/wp-json\/wp\/v2\/categories?post=27726"},{"taxonomy":"post_tag","embeddable":true,"href":"http:\/\/nuevacordoba.net\/index.php\/wp-json\/wp\/v2\/tags?post=27726"}],"curies":[{"name":"wp","href":"https:\/\/api.w.org\/{rel}","templated":true}]}}