{"id":2789,"date":"2021-04-02T03:01:54","date_gmt":"2021-04-02T03:01:54","guid":{"rendered":"https:\/\/puntoapunto.com.ar\/?p=275539"},"modified":"2021-04-02T03:01:54","modified_gmt":"2021-04-02T03:01:54","slug":"el-41-de-los-cordobeses-cayeron-en-la-pobreza-a-fines-del-2020","status":"publish","type":"post","link":"http:\/\/nuevacordoba.net\/index.php\/2021\/04\/02\/el-41-de-los-cordobeses-cayeron-en-la-pobreza-a-fines-del-2020\/","title":{"rendered":"El 41% de los cordobeses cayeron en la pobreza a fines del 2020"},"content":{"rendered":"<p><!-- image --><\/p>\n<div class=\"td-post-featured-image\"><a href=\"http:\/\/nuevacordoba.net\/wp-content\/uploads\/2021\/04\/el-41-de-los-cordobeses-cayeron-en-la-pobreza-a-fines-del-2020-4.jpg\" data-caption><img loading=\"lazy\" width=\"696\" height=\"393\" class=\"entry-thumb td-modal-image\" src=\"http:\/\/nuevacordoba.net\/wp-content\/uploads\/2021\/04\/el-41-de-los-cordobeses-cayeron-en-la-pobreza-a-fines-del-2020.jpg\" srcset=\"http:\/\/nuevacordoba.net\/wp-content\/uploads\/2021\/04\/el-41-de-los-cordobeses-cayeron-en-la-pobreza-a-fines-del-2020.jpg 696w, http:\/\/nuevacordoba.net\/wp-content\/uploads\/2021\/04\/el-41-de-los-cordobeses-cayeron-en-la-pobreza-a-fines-del-2020-1.jpg 300w, http:\/\/nuevacordoba.net\/wp-content\/uploads\/2021\/04\/el-41-de-los-cordobeses-cayeron-en-la-pobreza-a-fines-del-2020-2.jpg 768w, http:\/\/nuevacordoba.net\/wp-content\/uploads\/2021\/04\/el-41-de-los-cordobeses-cayeron-en-la-pobreza-a-fines-del-2020-3.jpg 744w, http:\/\/nuevacordoba.net\/wp-content\/uploads\/2021\/04\/el-41-de-los-cordobeses-cayeron-en-la-pobreza-a-fines-del-2020-4.jpg 930w\" sizes=\"(max-width: 696px) 100vw, 696px\" alt title=\"POBREZA\"><\/a><\/div>\n<p> <!-- content --><\/p>\n<div class=\"td-a-rec td-a-rec-id-content_top tdi_66_688 td_block_template_10\">\n<div class=\"g g-34\">\n<div class=\"g-single a-299\"><a class=\"gofollow\" data-track=\"Mjk5LDM0LDEsNjA=\" href=\"http:\/\/www.grupocanter.com.ar\/landing\/blanqueo\/pap\/?utm_source=Punto%20a%20Punto&amp;utm_medium=Banners&amp;utm_campaign=Blanqueo&amp;utm_term=950x187\"><img src=\"http:\/\/nuevacordoba.net\/wp-content\/uploads\/2021\/04\/el-41-de-los-cordobeses-cayeron-en-la-pobreza-a-fines-del-2020.gif\"><\/a><\/div>\n<\/div>\n<\/div>\n<p>La&nbsp;<strong>Direcci\u00f3n General de Estad\u00edstica y Censos<\/strong>, perteneciente al&nbsp;<strong>Ministerio de Coordinaci\u00f3n<\/strong>, present\u00f3 este mi\u00e9rcoles los resultados del operativo&nbsp;<strong>\u201cMonitoreo de Condiciones de Vida \u2013 MCV\u201d&nbsp;<\/strong>correspondiente al segundo semestre del 2020.<\/p>\n<p>Los resultados dan cuenta de que los planes no monetarios relevados&nbsp;<strong>en la encuesta lograron sacar de la condici\u00f3n de indigencia a 38.000 personas y de la pobreza a 30.000 personas.<\/strong><\/p>\n<p>Asimismo,&nbsp;se observ\u00f3 que <strong>el 89% de las personas en condici\u00f3n de indigencia y el 85% de las personas en situaci\u00f3n de pobreza<\/strong> residen en hogares beneficiarios de al menos uno de los planes no monetarios relevados.<\/p>\n<p>Considerando los ingresos monetarios,&nbsp;<strong>el porcentaje de personas en condici\u00f3n de pobreza se ubic\u00f3 en 41,6%<\/strong>&nbsp;<strong>(693.000)<\/strong>, significando<strong>&nbsp;un aumento de 3,6 puntos porcentuales respecto al segundo semestre del a\u00f1o 2019&nbsp;<\/strong>y una ca\u00edda de 0,9 pp. sobre el primer semestre del a\u00f1o 2020.&nbsp;<strong>Al incorporar el impacto de los planes no monetarios, la cifra desciende a 39,8%&nbsp;(663.000 personas)<\/strong>.<\/p>\n<p><strong>Con respecto a la poblaci\u00f3n en condici\u00f3n de indigencia, se ubic\u00f3 en 7,0% (116.000 personas)<\/strong>, dando cuenta de un crecimiento de 0,4 pp. respecto al segundo semestre del 2019 y una ca\u00edda de 1,3 pp. respecto al primer semestre del a\u00f1o 2020.&nbsp;<strong>Al considerar el impacto de los planes no monetarios, la cifra disminuye 2,3%, ubic\u00e1ndose en el 4,7% (78.000 personas).<\/strong><\/p>\n<h5><strong>A nivel nacional<\/strong><\/h5>\n<p>De acuerdo a los resultados de la Encuesta Permanente de Hogares elaborada por Indec,<strong> la pobreza ascendi\u00f3 al 42% en el pa\u00eds y afecta a casi 19 millones de personas<\/strong> en todo el territorio. La cifra se increment\u00f3 en 6,5% <strong>a comparaci\u00f3n del segundo semestre de 2019<\/strong>.<\/p>\n<p>La poblaci\u00f3n m\u00e1s afectada son los<strong>&nbsp;ni\u00f1os de entre 0 y 14 a\u00f1os&nbsp;<\/strong>en donde este \u00edndice alcanza el 57,7%. Adem\u00e1s, la&nbsp;<strong>indigencia<\/strong>,&nbsp;es decir la poblaci\u00f3n que no pudo cubrir la canasta alimentaria,&nbsp;<strong>se mantuvo en el 10,5%<\/strong>,&nbsp;frente al 8 por ciento del mismo per\u00edodo del a\u00f1o previo.<\/p>\n<p>No tags for this post. <!-- A generated by theme --> <!-- end A --> <\/p>\n","protected":false},"excerpt":{"rendered":"<p>La&nbsp;Direcci\u00f3n General de Estad\u00edstica y Censos, perteneciente al&nbsp;Ministerio de Coordinaci\u00f3n, present\u00f3 este mi\u00e9rcoles los resultados del operativo&nbsp;\u201cMonitoreo de Condiciones de Vida \u2013 MCV\u201d&nbsp;correspondiente al segundo semestre del 2020. Los resultados dan cuenta de que los planes no monetarios relevados&nbsp;en la encuesta lograron sacar de la condici\u00f3n de indigencia a 38.000 personas y de la pobreza [&hellip;]<\/p>\n","protected":false},"author":1,"featured_media":2790,"comment_status":"open","ping_status":"closed","sticky":false,"template":"","format":"standard","meta":[],"categories":[14],"tags":[],"_links":{"self":[{"href":"http:\/\/nuevacordoba.net\/index.php\/wp-json\/wp\/v2\/posts\/2789"}],"collection":[{"href":"http:\/\/nuevacordoba.net\/index.php\/wp-json\/wp\/v2\/posts"}],"about":[{"href":"http:\/\/nuevacordoba.net\/index.php\/wp-json\/wp\/v2\/types\/post"}],"author":[{"embeddable":true,"href":"http:\/\/nuevacordoba.net\/index.php\/wp-json\/wp\/v2\/users\/1"}],"replies":[{"embeddable":true,"href":"http:\/\/nuevacordoba.net\/index.php\/wp-json\/wp\/v2\/comments?post=2789"}],"version-history":[{"count":0,"href":"http:\/\/nuevacordoba.net\/index.php\/wp-json\/wp\/v2\/posts\/2789\/revisions"}],"wp:featuredmedia":[{"embeddable":true,"href":"http:\/\/nuevacordoba.net\/index.php\/wp-json\/wp\/v2\/media\/2790"}],"wp:attachment":[{"href":"http:\/\/nuevacordoba.net\/index.php\/wp-json\/wp\/v2\/media?parent=2789"}],"wp:term":[{"taxonomy":"category","embeddable":true,"href":"http:\/\/nuevacordoba.net\/index.php\/wp-json\/wp\/v2\/categories?post=2789"},{"taxonomy":"post_tag","embeddable":true,"href":"http:\/\/nuevacordoba.net\/index.php\/wp-json\/wp\/v2\/tags?post=2789"}],"curies":[{"name":"wp","href":"https:\/\/api.w.org\/{rel}","templated":true}]}}