{"id":2791,"date":"2021-04-03T18:22:34","date_gmt":"2021-04-03T18:22:34","guid":{"rendered":"http:\/\/nuevacordoba.net\/index.php\/2021\/04\/03\/la-tv-publica-emite-juntas-el-concierto-de-teresa-parodi-y-ana-prada-en-tecnopolis\/"},"modified":"2021-04-03T18:22:34","modified_gmt":"2021-04-03T18:22:34","slug":"la-tv-publica-emite-juntas-el-concierto-de-teresa-parodi-y-ana-prada-en-tecnopolis","status":"publish","type":"post","link":"http:\/\/nuevacordoba.net\/index.php\/2021\/04\/03\/la-tv-publica-emite-juntas-el-concierto-de-teresa-parodi-y-ana-prada-en-tecnopolis\/","title":{"rendered":"La TV P\u00fablica emite \u00abJuntas\u00bb, el concierto de Teresa Parodi y Ana Prada en Tecn\u00f3polis"},"content":{"rendered":"<div class=\"image\" id=\"image\" readability=\"7\"> <img src=\"http:\/\/nuevacordoba.net\/wp-content\/uploads\/2021\/04\/la-tv-publica-emite-juntas-el-concierto-de-teresa-parodi-y-ana-prada-en-tecnopolis.jpg\" alt=\"El concierto &quot;Juntas&quot; ser\u00e1 emitido este domingo a las 22.30 por la TV P\u00fablica\" title=\"El concierto &quot;Juntas&quot; ser\u00e1 emitido este domingo a las 22.30 por la TV P\u00fablica\"><\/p>\n<p>El concierto \u00abJuntas\u00bb ser\u00e1 emitido este domingo a las 22.30 por la TV P\u00fablica<\/p>\n<\/div>\n<p>El concierto \u00abJuntas\u00bb que las cantautoras Teresa Parodi y Ana Prada brindaron el pasado 7 de marzo en Tecn\u00f3polis, en la jornada \u00abNosotras Movemos El Mundo\u00bb y en v\u00edsperas del D\u00eda Internacional de la Mujer Trabajadora, ser\u00e1 emitido ma\u00f1ana a las 22.30 por la TV P\u00fablica en el marco del Ciclo Festival Pa\u00eds.<\/p>\n<p>Se trata del show que realizaron la artista argentina y su colega uruguaya para finalizar la semana de actividades organizadas por los ministerios de Cultura y de las Mujeres, G\u00e9neros y Diversidad, que incluyeron talleres, muestras, proyecciones, encuentros y charlas vinculadas a la tem\u00e1tica feminista.<\/p>\n<p>En el concierto, Parodi y Prada interpretaron a d\u00fao canciones de sus repertorios, como \u00abLa otra orilla\u00bb, \u00abPara encontrarme con vos\u00bb, \u00abLa Florentina\u00bb, \u00abLa Celedonia Batista\u00bb, \u00abMuscag\u00fca\u00bb, \u00abChamarrita Cantora\u00bb y \u00abEsa musiquita\u00bb.<\/p>\n<p>Adem\u00e1s, estuvieron acompa\u00f1adas por el bajista Camilo Parodi, Pedro Rossi y Juan Manuel Colombo en guitarras, Facundo Guevara en percusi\u00f3n y contaron con el multiinstrumentista Manuel Sija como invitado.<\/p>\n<div class=\"image\" id=\"image\"> <img src=\"http:\/\/nuevacordoba.net\/wp-content\/uploads\/2021\/04\/la-tv-publica-emite-juntas-el-concierto-de-teresa-parodi-y-ana-prada-en-tecnopolis-1.jpg\" alt title><\/div>\n","protected":false},"excerpt":{"rendered":"<p>El concierto \u00abJuntas\u00bb ser\u00e1 emitido este domingo a las 22.30 por la TV P\u00fablica El concierto \u00abJuntas\u00bb que las cantautoras Teresa Parodi y Ana Prada brindaron el pasado 7 de marzo en Tecn\u00f3polis, en la jornada \u00abNosotras Movemos El Mundo\u00bb y en v\u00edsperas del D\u00eda Internacional de la Mujer Trabajadora, ser\u00e1 emitido ma\u00f1ana a las [&hellip;]<\/p>\n","protected":false},"author":1,"featured_media":2792,"comment_status":"closed","ping_status":"closed","sticky":false,"template":"","format":"standard","meta":[],"categories":[9],"tags":[],"_links":{"self":[{"href":"http:\/\/nuevacordoba.net\/index.php\/wp-json\/wp\/v2\/posts\/2791"}],"collection":[{"href":"http:\/\/nuevacordoba.net\/index.php\/wp-json\/wp\/v2\/posts"}],"about":[{"href":"http:\/\/nuevacordoba.net\/index.php\/wp-json\/wp\/v2\/types\/post"}],"author":[{"embeddable":true,"href":"http:\/\/nuevacordoba.net\/index.php\/wp-json\/wp\/v2\/users\/1"}],"replies":[{"embeddable":true,"href":"http:\/\/nuevacordoba.net\/index.php\/wp-json\/wp\/v2\/comments?post=2791"}],"version-history":[{"count":0,"href":"http:\/\/nuevacordoba.net\/index.php\/wp-json\/wp\/v2\/posts\/2791\/revisions"}],"wp:featuredmedia":[{"embeddable":true,"href":"http:\/\/nuevacordoba.net\/index.php\/wp-json\/wp\/v2\/media\/2792"}],"wp:attachment":[{"href":"http:\/\/nuevacordoba.net\/index.php\/wp-json\/wp\/v2\/media?parent=2791"}],"wp:term":[{"taxonomy":"category","embeddable":true,"href":"http:\/\/nuevacordoba.net\/index.php\/wp-json\/wp\/v2\/categories?post=2791"},{"taxonomy":"post_tag","embeddable":true,"href":"http:\/\/nuevacordoba.net\/index.php\/wp-json\/wp\/v2\/tags?post=2791"}],"curies":[{"name":"wp","href":"https:\/\/api.w.org\/{rel}","templated":true}]}}