{"id":27915,"date":"2023-01-02T02:25:36","date_gmt":"2023-01-02T02:25:36","guid":{"rendered":"http:\/\/nuevacordoba.net\/index.php\/2023\/01\/02\/di-maria-y-paredes-ya-viajaron-a-italia-y-messi-volaria-el-martes-a-paris\/"},"modified":"2023-01-02T02:25:36","modified_gmt":"2023-01-02T02:25:36","slug":"di-maria-y-paredes-ya-viajaron-a-italia-y-messi-volaria-el-martes-a-paris","status":"publish","type":"post","link":"http:\/\/nuevacordoba.net\/index.php\/2023\/01\/02\/di-maria-y-paredes-ya-viajaron-a-italia-y-messi-volaria-el-martes-a-paris\/","title":{"rendered":"Di Mar\u00eda y Paredes ya viajaron a Italia y Messi volar\u00eda el martes a Par\u00eds"},"content":{"rendered":"<figure class=\"mb-3\"><img loading=\"lazy\" src=\"http:\/\/nuevacordoba.net\/wp-content\/uploads\/2023\/01\/di-maria-y-paredes-ya-viajaron-a-italia-y-messi-volaria-el-martes-a-paris.jpg\" width=\"100%\" height=\"100%\" alt=\"El fin de ao en los Di Mara en Rosario jorgelinacardoso\"><figcaption> El fin de a\u00f1o en los Di Mar\u00eda en Rosario. (@jorgelinacardoso) <\/figcaption><\/figure>\n<p>Leandro Paredes y Angel Di Mar\u00eda, campeones del mundo con el seleccionado argentino en Qatar 2022, terminaron sus respectivos per\u00edodos de licencia y viajaron este domingo a la tarde con rumbo a Italia para integrarse pr\u00f3ximamente a la Juventus<\/p>\n<p>Luego de pasar las Fiestas de fin de A\u00f1o con sus familias, los dos jugadores se dirigieron a la terminal rosarina de Fisherton, desde donde abordaron un avi\u00f3n privado para regresar al continente europeo.<\/p>\n<p>Los dos futbolistas se unir\u00e1n \u2013en principio- el martes a las pr\u00e1cticas de la entidad de Tur\u00edn, bajo la conducci\u00f3n del DT Massimiliano Allegri.<\/p>\n<p>Ni el centrocampista Paredes ni el extremo Di Mar\u00eda estar\u00edan afectados a la n\u00f3mina de la \u2018Juve\u2019 que tendr\u00e1 disponible para el choque con Cremonese, pautado para este mi\u00e9rcoles, por la 16ta. fecha de la Serie A.&nbsp;En cambio, los dos argentinos s\u00ed se alistar\u00edan en el compromiso del s\u00e1bado ante Udinese, por la 17ma. jornada.<\/p>\n<p>Por su parte, el regreso de capit\u00e1n Lionel Messi ser\u00eda este martes 3, para volver a las canchas el d\u00eda 11, ante Angers, por la Lgiue 1.<\/p>\n<blockquote class=\"instagram-media\" data-instgrm-captioned data-instgrm-permalink=\"https:\/\/www.instagram.com\/p\/Cm0hCfFsLY-\/?utm_source=ig_embed&amp;utm_campaign=loading\" data-instgrm-version=\"14\" readability=\"-0.19811320754717\"><\/blockquote>\n","protected":false},"excerpt":{"rendered":"<p>El fin de a\u00f1o en los Di Mar\u00eda en Rosario. (@jorgelinacardoso) Leandro Paredes y Angel Di Mar\u00eda, campeones del mundo con el seleccionado argentino en Qatar 2022, terminaron sus respectivos per\u00edodos de licencia y viajaron este domingo a la tarde con rumbo a Italia para integrarse pr\u00f3ximamente a la Juventus Luego de pasar las Fiestas [&hellip;]<\/p>\n","protected":false},"author":1,"featured_media":27916,"comment_status":"closed","ping_status":"closed","sticky":false,"template":"","format":"standard","meta":[],"categories":[10],"tags":[],"_links":{"self":[{"href":"http:\/\/nuevacordoba.net\/index.php\/wp-json\/wp\/v2\/posts\/27915"}],"collection":[{"href":"http:\/\/nuevacordoba.net\/index.php\/wp-json\/wp\/v2\/posts"}],"about":[{"href":"http:\/\/nuevacordoba.net\/index.php\/wp-json\/wp\/v2\/types\/post"}],"author":[{"embeddable":true,"href":"http:\/\/nuevacordoba.net\/index.php\/wp-json\/wp\/v2\/users\/1"}],"replies":[{"embeddable":true,"href":"http:\/\/nuevacordoba.net\/index.php\/wp-json\/wp\/v2\/comments?post=27915"}],"version-history":[{"count":0,"href":"http:\/\/nuevacordoba.net\/index.php\/wp-json\/wp\/v2\/posts\/27915\/revisions"}],"wp:featuredmedia":[{"embeddable":true,"href":"http:\/\/nuevacordoba.net\/index.php\/wp-json\/wp\/v2\/media\/27916"}],"wp:attachment":[{"href":"http:\/\/nuevacordoba.net\/index.php\/wp-json\/wp\/v2\/media?parent=27915"}],"wp:term":[{"taxonomy":"category","embeddable":true,"href":"http:\/\/nuevacordoba.net\/index.php\/wp-json\/wp\/v2\/categories?post=27915"},{"taxonomy":"post_tag","embeddable":true,"href":"http:\/\/nuevacordoba.net\/index.php\/wp-json\/wp\/v2\/tags?post=27915"}],"curies":[{"name":"wp","href":"https:\/\/api.w.org\/{rel}","templated":true}]}}