{"id":2793,"date":"2021-04-03T18:22:47","date_gmt":"2021-04-03T18:22:47","guid":{"rendered":"http:\/\/nuevacordoba.net\/index.php\/2021\/04\/03\/el-mundo-atraviesa-distintas-olas-de-un-coronavirus-que-no-dan-tregua\/"},"modified":"2021-04-03T18:22:47","modified_gmt":"2021-04-03T18:22:47","slug":"el-mundo-atraviesa-distintas-olas-de-un-coronavirus-que-no-dan-tregua","status":"publish","type":"post","link":"http:\/\/nuevacordoba.net\/index.php\/2021\/04\/03\/el-mundo-atraviesa-distintas-olas-de-un-coronavirus-que-no-dan-tregua\/","title":{"rendered":"El mundo atraviesa distintas olas de un coronavirus que no dan tregua"},"content":{"rendered":"<div class=\"image\" id=\"image\" readability=\"8\"> <img src=\"http:\/\/nuevacordoba.net\/wp-content\/uploads\/2021\/04\/el-mundo-atraviesa-distintas-olas-de-un-coronavirus-que-no-dan-tregua.jpg\" alt=\"Francia anunci\u00f3 la extensi\u00f3n por cuatro semanas de las medidas de confinamiento y cierre de las escuelas. (Foto AFP)\" title=\"Francia anunci\u00f3 la extensi\u00f3n por cuatro semanas de las medidas de confinamiento y cierre de las escuelas. (Foto AFP)\"><\/p>\n<p>Francia anunci\u00f3 la extensi\u00f3n por cuatro semanas de las medidas de confinamiento y cierre de las escuelas. (Foto AFP)<\/p>\n<\/div>\n<p>Mientras Am\u00e9rica Latina entra en la fase m\u00e1s cr\u00edtica de la segunda ola de la pandemia de coronavirus, en Europa ya se habla de una tercera, Estados Unidos se prepara para un cuarto pico de contagios y, en Asia, sorprende el contraste entre pa\u00edses que sufren una cuarta ola y otros que empiezan a volver a la normalidad como China.<\/p>\n<p>Lejos de atenuarse la propagaci\u00f3n del coronavirus y la de sus nuevas variantes con la puesta en marcha de los distintos planes de vacunaci\u00f3n a lo largo y ancho del planeta, <strong>la tendencia alcista de contagios se agudiza y hoy son m\u00e1s de 130 millones las personas que contrajeron la enfermedad.<\/strong><\/p>\n<p><strong>Desde que se conoci\u00f3 el primer caso en diciembre de 2019, cuando China alert\u00f3 sobre la situaci\u00f3n, la pandemia de la Covid-19 se cobr\u00f3 la vida de m\u00e1s de 2,8 millones de personas.<\/strong><\/p>\n<p>Hoy, el gigante asi\u00e1tico no registra casi casos de transmisi\u00f3n local en su parte continental y es uno de los pa\u00edses que m\u00e1s cerca <strong>se encuentra de recuperar su vieja rutina.<\/strong><\/p>\n<p>Su capital, Beijing, comenz\u00f3 a mediados de marzo a relajar las restricciones impuestas para contener el coronavirus y adem\u00e1s de eliminar los testeos a viajeros provenientes de \u00e1reas nacionales de bajo riesgo y reanudar los medios de transporte entre la capital y otras ciudades, implement\u00f3 un pasaporte para vuelos internacionales.<\/p>\n<p>Si bien tambi\u00e9n elimin\u00f3 los controles de temperatura, \u00e9l Gobierno chino decidi\u00f3 mantener la ocupaci\u00f3n m\u00e1xima al 75% de la capacidad total de distintos espacios bajo techo y al aire libre, donde se realizan actividades culturales y de entretenimiento.<\/p>\n<p>En cambio, <strong>Pakist\u00e1n y Filipinas<\/strong> se vieron obligados a imponer bloqueos y restricciones para contener la nueva ola de la pandemia que avanza sin cesar y que en la capital filipina, Manila, amenaza con colapsar el sistema hospitalario, por lo que 24 millones de habitantes fueron confinados.<\/p>\n<div class=\"image\" id=\"image\" readability=\"9\"> <img src=\"http:\/\/nuevacordoba.net\/wp-content\/uploads\/2021\/04\/el-mundo-atraviesa-distintas-olas-de-un-coronavirus-que-no-dan-tregua-1.jpg\" alt=\"India registr\u00f3 cerca de 90.000 casos de coronavirus en un d\u00eda, la cifra m\u00e1s alta desde septiembre. (Foto AFP)\" title=\"India registr\u00f3 cerca de 90.000 casos de coronavirus en un d\u00eda, la cifra m\u00e1s alta desde septiembre. (Foto AFP)\"><\/p>\n<p>India registr\u00f3 cerca de 90.000 casos de coronavirus en un d\u00eda, la cifra m\u00e1s alta desde septiembre. (Foto AFP)<\/p>\n<\/div>\n<p>En medio de un importante repunte de los contagios durante las \u00faltimas semanas, <strong>India <\/strong>report\u00f3 casos diarios cercanos a los 90.000, cifras que se asemejan a las de septiembre pasado y que podr\u00edan conducir a nuevas medidas.<br \/>Por ese mismo camino se perfila el panorama del continente europeo, donde, en l\u00edneas generales, se atraviesan curvas de contagios alarmantes en medio de una tercera ola de la pandemia de la Covid-19 y algunos pa\u00edses intentaron volver a implementar restricciones.<\/p>\n<p>Tal es el caso de<strong> Italia<\/strong>, con m\u00e1s de la mitad de las 20 regiones del pa\u00eds en zona de m\u00e1ximo riesgo epidemiol\u00f3gico, que se encamin\u00f3 a un cierre total de los desplazamientos internos no justificados del s\u00e1bado al lunes, con el fin de restringir los viajes durante Semana Santa.<\/p>\n<p>Transitando su peor momento desde el inicio de la pandemia, <strong>Francia,<\/strong> anunci\u00f3 el mi\u00e9rcoles \u00faltimo la extensi\u00f3n por cuatro semanas de las medidas de confinamiento y cierre de las escuelas.<\/p>\n<p>A cuatro meses de iniciada la campa\u00f1a de vacunaci\u00f3n masiva y pese al esfuerzo del Gobierno que a mediados de marzo endureci\u00f3 las medidas de seguridad en las zonas m\u00e1s afectadas del pa\u00eds, de febrero a esta parte los contagios de la Covid-19 se duplicaron.<\/p>\n<p>Su vecina<strong> Espa\u00f1a,<\/strong> que tambi\u00e9n se enfrenta a cifras altas de contagios, ya aplic\u00f3 el uso del barbijo obligatorio en todo momento en el espacio p\u00fablico.<\/p>\n<p>En un estadio m\u00e1s relajado y con m\u00e1s de la mitad de la poblaci\u00f3n con anticuerpos, el Reino Unido dio un paso m\u00e1s en el desconfinamiento y desde el martes pasado se habilitaron las instalaciones deportivas al aire libre, las reuniones y celebraciones de fiestas de casamiento.<\/p>\n<div class=\"image\" id=\"image\" readability=\"9\"> <img src=\"http:\/\/nuevacordoba.net\/wp-content\/uploads\/2021\/04\/el-mundo-atraviesa-distintas-olas-de-un-coronavirus-que-no-dan-tregua-2.jpg\" alt=\"Italia, con m\u00e1s de la mitad de las 20 regiones del pa\u00eds en zona de m\u00e1ximo riesgo epidemiol\u00f3gico. (Foto AFP)\" title=\"Italia, con m\u00e1s de la mitad de las 20 regiones del pa\u00eds en zona de m\u00e1ximo riesgo epidemiol\u00f3gico. (Foto AFP)\"><\/p>\n<p>Italia, con m\u00e1s de la mitad de las 20 regiones del pa\u00eds en zona de m\u00e1ximo riesgo epidemiol\u00f3gico. (Foto AFP)<\/p>\n<\/div>\n<div class=\"title-big clearfix\"><span>Am\u00e9rica Latina<\/span><\/div>\n<p>La regi\u00f3n de Am\u00e9rica Latina, por su parte, vive uno de los tiempos m\u00e1s oscuros de la pandemia con el colapso sanitario en <strong>Brasil<\/strong> ante las nuevas variantes, m\u00e1s contagiosas.<\/p>\n<p>Mientras el presidente brasile\u00f1o, <strong>Jair Bolsonaro,<\/strong> pide a los gobernadores eliminar las cuarentenas, las estad\u00edsticas arrojaron que marzo fue el peor mes desde que comenz\u00f3 la pandemia, con m\u00e1s de 60.000 fallecimientos, lo que elev\u00f3 el total a 321.515 decesos, marca en la que solo es superado por EEUU.<\/p>\n<p>Adem\u00e1s, <strong>por lo menos 899 beb\u00e9s de hasta un a\u00f1o fallecieron en Brasil v\u00edctimas de Covid-19 durante 2020<\/strong>, inform\u00f3 la ONG Vital Strategies.<\/p>\n<p>Los estragos causados por la mutaci\u00f3n brasile\u00f1a se extendieron por <strong>Paraguay<\/strong>, que terminar\u00e1 su cuarentena estricta ma\u00f1ana; <strong>Uruguay<\/strong>, donde el Gobierno adopt\u00f3 medidas como los cierres de free shop en la frontera con Brasil y de los centros termales en el litoral; y Per\u00fa, donde se extendi\u00f3 el estado de emergencia durante todo abril y se recomend\u00f3 el uso doble del barbijo.<\/p>\n<p>En la misma l\u00ednea, con 16 de los 19 millones de habitantes confinados, <strong>Chile <\/strong>vive su segunda ola de contagios, m\u00e1s fuerte que la primera en mayo y junio de 2020, reportando m\u00e1s de 8.000 enfermos diarios en los \u00faltimos dos d\u00edas, lo que mantiene saturada en un 95% la red hospitalaria.<\/p>\n<p><strong>En Bolivia<\/strong>, que atraves\u00f3 la segunda ola a principios de a\u00f1o, la situaci\u00f3n epidemiol\u00f3gica se manten\u00eda relativamente estable.<\/p>\n<p>No obstante, ante la gravedad de la situaci\u00f3n en la regi\u00f3n, opt\u00f3 por modificar su plan de vacunaci\u00f3n y acelerar la inmunizaci\u00f3n en los municipios fronterizos con el gigante sudamericano.<\/p>\n<div class=\"title-big clearfix\"><span>Am\u00e9rica del Norte<\/span><\/div>\n<p>No ajeno a la situaci\u00f3n del continente, <strong>M\u00e9xico <\/strong>super\u00f3 la barrera de los 200.000 fallecidos pese a completar nueve semanas con cifras a la baja, una tendencia que, sin embargo, no disipa el temor a una nueva ola de contagios.<\/p>\n<p>Tampoco se queda atr\u00e1s <strong>EEUU<\/strong>, el pa\u00eds m\u00e1s afectado a nivel mundial, donde avanza la aceleraci\u00f3n del ritmo de vacunaci\u00f3n contra el coronavirus, pero tambi\u00e9n lo hace la propagaci\u00f3n de los casos.<\/p>\n<p>M\u00e1s de 100 millones de estadounidenses ya recibieron al menos una dosis de los f\u00e1rmacos anticovid, pero en el \u00faltimo recuento realizado por la Universidad estadounidense Johns Hopkins se contabilizaron 69.822 nuevos infectados, lo que eleva el balance general a m\u00e1s de 30,61 millones de contagiados. <\/p>\n","protected":false},"excerpt":{"rendered":"<p>Francia anunci\u00f3 la extensi\u00f3n por cuatro semanas de las medidas de confinamiento y cierre de las escuelas. (Foto AFP) Mientras Am\u00e9rica Latina entra en la fase m\u00e1s cr\u00edtica de la segunda ola de la pandemia de coronavirus, en Europa ya se habla de una tercera, Estados Unidos se prepara para un cuarto pico de contagios [&hellip;]<\/p>\n","protected":false},"author":1,"featured_media":2794,"comment_status":"closed","ping_status":"closed","sticky":false,"template":"","format":"standard","meta":[],"categories":[13],"tags":[],"_links":{"self":[{"href":"http:\/\/nuevacordoba.net\/index.php\/wp-json\/wp\/v2\/posts\/2793"}],"collection":[{"href":"http:\/\/nuevacordoba.net\/index.php\/wp-json\/wp\/v2\/posts"}],"about":[{"href":"http:\/\/nuevacordoba.net\/index.php\/wp-json\/wp\/v2\/types\/post"}],"author":[{"embeddable":true,"href":"http:\/\/nuevacordoba.net\/index.php\/wp-json\/wp\/v2\/users\/1"}],"replies":[{"embeddable":true,"href":"http:\/\/nuevacordoba.net\/index.php\/wp-json\/wp\/v2\/comments?post=2793"}],"version-history":[{"count":0,"href":"http:\/\/nuevacordoba.net\/index.php\/wp-json\/wp\/v2\/posts\/2793\/revisions"}],"wp:featuredmedia":[{"embeddable":true,"href":"http:\/\/nuevacordoba.net\/index.php\/wp-json\/wp\/v2\/media\/2794"}],"wp:attachment":[{"href":"http:\/\/nuevacordoba.net\/index.php\/wp-json\/wp\/v2\/media?parent=2793"}],"wp:term":[{"taxonomy":"category","embeddable":true,"href":"http:\/\/nuevacordoba.net\/index.php\/wp-json\/wp\/v2\/categories?post=2793"},{"taxonomy":"post_tag","embeddable":true,"href":"http:\/\/nuevacordoba.net\/index.php\/wp-json\/wp\/v2\/tags?post=2793"}],"curies":[{"name":"wp","href":"https:\/\/api.w.org\/{rel}","templated":true}]}}