{"id":28222,"date":"2023-01-11T03:15:51","date_gmt":"2023-01-11T03:15:51","guid":{"rendered":"http:\/\/nuevacordoba.net\/index.php\/2023\/01\/11\/shakira-se-sube-a-las-bzrp-music-session-su-primera-colaboracion-con-bizarrap\/"},"modified":"2023-01-11T03:15:51","modified_gmt":"2023-01-11T03:15:51","slug":"shakira-se-sube-a-las-bzrp-music-session-su-primera-colaboracion-con-bizarrap","status":"publish","type":"post","link":"http:\/\/nuevacordoba.net\/index.php\/2023\/01\/11\/shakira-se-sube-a-las-bzrp-music-session-su-primera-colaboracion-con-bizarrap\/","title":{"rendered":"Shakira se sube a las \u00abBZRP Music Session\u00bb su primera colaboraci\u00f3n con Bizarrap"},"content":{"rendered":"<figure class=\"mb-3\"><img loading=\"lazy\" src=\"http:\/\/nuevacordoba.net\/wp-content\/uploads\/2023\/01\/shakira-se-sube-a-las-bzrp-music-session-su-primera-colaboracion-con-bizarrap.jpg\" width=\"100%\" height=\"100%\" alt=\"Bizarrap y Shakira este martes en Twitter Foto Twitter bizarrap\"><figcaption> Bizarrap y Shakira este martes en Twitter (Foto: Twitter @bizarrap). <\/figcaption><\/figure>\n<p>El productor argentino <strong>Bizarrap<\/strong> y la artista colombiana <strong>Shakira<\/strong> sorprendieron este martes en las redes sociales al anunciar una colaboraci\u00f3n que se estrenar\u00e1 este mi\u00e9rcoles en las plataformas digitales.<\/p>\n<p>En simult\u00e1neo desde sus cuentas de Instagram, los artistas subieron esta tarde una foto juntos con el cl\u00e1sico empapelado que adorna el estudio del argentino y un breve texto que confirmaba la llegada de la <strong>\u00abBzrp. Music Session #53\u00bb<\/strong> junto a emojis con banderas de Argentina y Colombia.<\/p>\n<p>Como una estrategia promocional para encender los rumores, ayer sobrevolaron avionetas por la ciudad balnearia de Mar del Plata con pancartas que dec\u00edan <strong>\u00abuna loba como yo, no esta pa&#8217; tipos como t\u00fa\u00bb<\/strong> junto a la fecha 11 de enero de 2023, seg\u00fan algunas fotos viralizadas en internet.<\/p>\n<blockquote class=\"twitter-tweet\" readability=\"3\">\n<p lang=\"cs\" dir=\"ltr\">MI\u00c9RCOLES <a href=\"https:\/\/twitter.com\/shakira?ref_src=twsrc%5Etfw\">@shakira<\/a> || BZRP Music Session #53<br \/>\ud83c\udde6\ud83c\uddf7\ud83c\udde8\ud83c\uddf4 <a href=\"https:\/\/t.co\/ccANoQu9ro\">pic.twitter.com\/ccANoQu9ro<\/a><\/p>\n<p>\u2014 bzrp (@bizarrap) <a href=\"https:\/\/twitter.com\/bizarrap\/status\/1612904134453108736?ref_src=twsrc%5Etfw\">January 10, 2023<\/a><\/p><\/blockquote>\n<p> <br open><strong><a href=\"https:\/\/www.telam.com.ar\/notas\/202211\/612644-bizarrap-artista-argentino-mas-escuchado-spotify.html\" target=\"_blank\" rel=\"noopener\">El productor musical cerr\u00f3 el a\u00f1o pasado como el argentino m\u00e1s escuchado del mundo<\/a>, <\/strong>seg\u00fan datos oficiales de Spotify, la plataforma de m\u00fasica con m\u00e1s de 456 millones de usuarios en todo el mundo.<\/p>\n<p>En la Argentina, Spotify revel\u00f3 que el g\u00e9nero urbano se consolid\u00f3 entre las preferencias de los oyentes a nivel mundial, con su \u00abSession #52\u00bb junto al espa\u00f1ol <strong>Quevedo<\/strong> consolidada como una de las que acumul\u00f3 m\u00e1s reproducciones.<\/p>\n<p>En tanto, la compositora y cantante <strong>Shakira lanzar\u00e1 este a\u00f1o su duod\u00e9cimo \u00e1lbum de estudio \u00abMonoton\u00eda\u00bb<\/strong>, que ya tuvo dos anticipos (\u00abTe felicito\u00bb y el que da t\u00edtulo al disco que la re\u00fane con el puertorrique\u00f1o Ozuna y se conoci\u00f3 el 19 de octubre pasado). <\/p>\n","protected":false},"excerpt":{"rendered":"<p>Bizarrap y Shakira este martes en Twitter (Foto: Twitter @bizarrap). El productor argentino Bizarrap y la artista colombiana Shakira sorprendieron este martes en las redes sociales al anunciar una colaboraci\u00f3n que se estrenar\u00e1 este mi\u00e9rcoles en las plataformas digitales. En simult\u00e1neo desde sus cuentas de Instagram, los artistas subieron esta tarde una foto juntos con [&hellip;]<\/p>\n","protected":false},"author":1,"featured_media":28223,"comment_status":"closed","ping_status":"closed","sticky":false,"template":"","format":"standard","meta":[],"categories":[9],"tags":[],"_links":{"self":[{"href":"http:\/\/nuevacordoba.net\/index.php\/wp-json\/wp\/v2\/posts\/28222"}],"collection":[{"href":"http:\/\/nuevacordoba.net\/index.php\/wp-json\/wp\/v2\/posts"}],"about":[{"href":"http:\/\/nuevacordoba.net\/index.php\/wp-json\/wp\/v2\/types\/post"}],"author":[{"embeddable":true,"href":"http:\/\/nuevacordoba.net\/index.php\/wp-json\/wp\/v2\/users\/1"}],"replies":[{"embeddable":true,"href":"http:\/\/nuevacordoba.net\/index.php\/wp-json\/wp\/v2\/comments?post=28222"}],"version-history":[{"count":0,"href":"http:\/\/nuevacordoba.net\/index.php\/wp-json\/wp\/v2\/posts\/28222\/revisions"}],"wp:featuredmedia":[{"embeddable":true,"href":"http:\/\/nuevacordoba.net\/index.php\/wp-json\/wp\/v2\/media\/28223"}],"wp:attachment":[{"href":"http:\/\/nuevacordoba.net\/index.php\/wp-json\/wp\/v2\/media?parent=28222"}],"wp:term":[{"taxonomy":"category","embeddable":true,"href":"http:\/\/nuevacordoba.net\/index.php\/wp-json\/wp\/v2\/categories?post=28222"},{"taxonomy":"post_tag","embeddable":true,"href":"http:\/\/nuevacordoba.net\/index.php\/wp-json\/wp\/v2\/tags?post=28222"}],"curies":[{"name":"wp","href":"https:\/\/api.w.org\/{rel}","templated":true}]}}