{"id":28323,"date":"2023-01-14T03:35:35","date_gmt":"2023-01-14T03:35:35","guid":{"rendered":"http:\/\/nuevacordoba.net\/index.php\/2023\/01\/14\/la-fifa-juega-al-misterio-estudia-sancionar-a-la-argentina-pero-no-explica-los-motivos\/"},"modified":"2023-01-14T03:35:35","modified_gmt":"2023-01-14T03:35:35","slug":"la-fifa-juega-al-misterio-estudia-sancionar-a-la-argentina-pero-no-explica-los-motivos","status":"publish","type":"post","link":"http:\/\/nuevacordoba.net\/index.php\/2023\/01\/14\/la-fifa-juega-al-misterio-estudia-sancionar-a-la-argentina-pero-no-explica-los-motivos\/","title":{"rendered":"La FIFA juega al misterio: estudia sancionar a la Argentina, pero no explica los motivos"},"content":{"rendered":"<figure class=\"mb-3\"><img loading=\"lazy\" src=\"http:\/\/nuevacordoba.net\/wp-content\/uploads\/2023\/01\/la-fifa-juega-al-misterio-estudia-sancionar-a-la-argentina-pero-no-explica-los-motivos.jpg\" width=\"100%\" height=\"100%\" alt=\"Foto Fernando Gens\"><figcaption> Foto: Fernando Gens. <\/figcaption><\/figure>\n<p>La Federaci\u00f3n Internacional de F\u00fatbol (FIFA) abri\u00f3 este viernes un expediente disciplinario contra la Asociaci\u00f3n del F\u00fatbol Argentino (AFA) debido a <strong>supuestas incorrecciones en la final del Mundial<\/strong> ganada por equipo dirigido por Lionel Scaloni ante Francia en la tanda de penales el pasado 18 de diciembre en Doha.<\/p>\n<p>\u00abLa Comisi\u00f3n Disciplinaria de la FIFA ha iniciado un procedimiento contra la Asociaci\u00f3n del F\u00fatbol Argentino debido al posible incumplimiento de los art\u00edculos 11 (Conducta ofensiva y violaciones de los principios del juego limpio) y 12 (Conducta incorrecta de los jugadores y los oficiales) del C\u00f3digo Disciplinario de la FIFA\u00bb, explic\u00f3 la FIFA en su p\u00e1gina web, inform\u00f3 la agencia de noticias francesa AFP.<\/p>\n<p>Tambi\u00e9n mencion\u00f3 el art\u00edculo 44 del Reglamento de la Copa Mundial de la FIFA Catar 2022 y el Reglamento de Marketing y Medios de Comunicaci\u00f3n de la Copa Mundial de la FIFA Catar 2022 durante la final de la Copa Mundial de la FIFA que enfrent\u00f3 a Argentina y Francia.<\/p>\n<p><strong>El texto no precisa las actitudes concretas que motivaron la apertura del expediente<\/strong>. La Federaci\u00f3n Francesa de F\u00fatbol (FFF) se quej\u00f3 luego de la final por el trato a su equipo y, espec\u00edficamente, <strong>al goleador Kylian Mbapp\u00e9<\/strong>.<\/p>\n<figure class=\"mb-3\"><img loading=\"lazy\" src=\"http:\/\/nuevacordoba.net\/wp-content\/uploads\/2023\/01\/la-fifa-juega-al-misterio-estudia-sancionar-a-la-argentina-pero-no-explica-los-motivos-1.jpg\" width=\"100%\" height=\"100%\" alt=\"Foto Maximiliano Luna\"><figcaption> Foto: Maximiliano Luna. <\/figcaption><\/figure>\n<p>La FIFA tambi\u00e9n anunci\u00f3 la apertura de un expediente disciplinario contra la Federaci\u00f3n Croata por \u00abpotenciales violaciones de los art\u00edculos 13 (discriminaci\u00f3n) y 16 (orden y seguridad en los partidos) del C\u00f3digo Disciplinario de la FIFA\u00bb, durante el partido por el tercer puesto del Mundial, ganado por 2-1 a Marruecos.<\/p>\n<p>El comunicado de la FIFA tampoco detalla las actitudes concretas que cuestiona.<\/p>\n<p>Durante las celebraciones de la selecci\u00f3n croata se difundieron v\u00eddeos en las redes sociales en los que jugadores de ese equipo entonaron c\u00e1nticos nacionalistas con connotaciones fascistas.<\/p>\n<p>Uno de los jugadores presentes en el v\u00eddeo, el defensa Dejan Lovren, nuevo jugador de Olympique Lyon, se defendi\u00f3 de las acusaciones recientemente en declaraciones a la AFP, puntualizando que se trataba de \u00abuna canci\u00f3n patri\u00f3tica\u00bb que simplemente habla de \u00abamar al pa\u00eds\u00bb.<\/p>\n","protected":false},"excerpt":{"rendered":"<p>Foto: Fernando Gens. La Federaci\u00f3n Internacional de F\u00fatbol (FIFA) abri\u00f3 este viernes un expediente disciplinario contra la Asociaci\u00f3n del F\u00fatbol Argentino (AFA) debido a supuestas incorrecciones en la final del Mundial ganada por equipo dirigido por Lionel Scaloni ante Francia en la tanda de penales el pasado 18 de diciembre en Doha. \u00abLa Comisi\u00f3n Disciplinaria [&hellip;]<\/p>\n","protected":false},"author":1,"featured_media":28324,"comment_status":"closed","ping_status":"closed","sticky":false,"template":"","format":"standard","meta":[],"categories":[10],"tags":[],"_links":{"self":[{"href":"http:\/\/nuevacordoba.net\/index.php\/wp-json\/wp\/v2\/posts\/28323"}],"collection":[{"href":"http:\/\/nuevacordoba.net\/index.php\/wp-json\/wp\/v2\/posts"}],"about":[{"href":"http:\/\/nuevacordoba.net\/index.php\/wp-json\/wp\/v2\/types\/post"}],"author":[{"embeddable":true,"href":"http:\/\/nuevacordoba.net\/index.php\/wp-json\/wp\/v2\/users\/1"}],"replies":[{"embeddable":true,"href":"http:\/\/nuevacordoba.net\/index.php\/wp-json\/wp\/v2\/comments?post=28323"}],"version-history":[{"count":0,"href":"http:\/\/nuevacordoba.net\/index.php\/wp-json\/wp\/v2\/posts\/28323\/revisions"}],"wp:featuredmedia":[{"embeddable":true,"href":"http:\/\/nuevacordoba.net\/index.php\/wp-json\/wp\/v2\/media\/28324"}],"wp:attachment":[{"href":"http:\/\/nuevacordoba.net\/index.php\/wp-json\/wp\/v2\/media?parent=28323"}],"wp:term":[{"taxonomy":"category","embeddable":true,"href":"http:\/\/nuevacordoba.net\/index.php\/wp-json\/wp\/v2\/categories?post=28323"},{"taxonomy":"post_tag","embeddable":true,"href":"http:\/\/nuevacordoba.net\/index.php\/wp-json\/wp\/v2\/tags?post=28323"}],"curies":[{"name":"wp","href":"https:\/\/api.w.org\/{rel}","templated":true}]}}