{"id":28348,"date":"2023-01-15T03:45:32","date_gmt":"2023-01-15T03:45:32","guid":{"rendered":"http:\/\/nuevacordoba.net\/index.php\/2023\/01\/15\/racing-se-refuerza-con-la-uruguaya-sindy-ramirez\/"},"modified":"2023-01-15T03:45:32","modified_gmt":"2023-01-15T03:45:32","slug":"racing-se-refuerza-con-la-uruguaya-sindy-ramirez","status":"publish","type":"post","link":"http:\/\/nuevacordoba.net\/index.php\/2023\/01\/15\/racing-se-refuerza-con-la-uruguaya-sindy-ramirez\/","title":{"rendered":"Racing se refuerza con la uruguaya Sindy Ram\u00edrez"},"content":{"rendered":"<figure class=\"mb-3\"><img loading=\"lazy\" src=\"http:\/\/nuevacordoba.net\/wp-content\/uploads\/2023\/01\/racing-se-refuerza-con-la-uruguaya-sindy-ramirez.jpg\" width=\"100%\" height=\"100%\" alt=\"Sindy Ramrez en Racing Foto Prensa\"><figcaption> Sindy Ram\u00edrez en Racing. Foto: Prensa. <\/figcaption><\/figure>\n<p><strong>Racing Club <\/strong>incorpor\u00f3 a la uruguaya <strong>Sindy Ram\u00edrez<\/strong>, experimentada jugadora de 31 a\u00f1os y m\u00e1s de una d\u00e9cada de recorrido en el f\u00fatbol argentino. Proveniente de San Lorenzo, es la sexta futbolista en sumarse al conjunto que dirige Agust\u00edn Benchimol para la temporada 2023.<\/p>\n<p>Antes, la instituci\u00f3n de Avellaneda present\u00f3 a Maricel Gonz\u00e1lez (volante, ex River), a Tamara Hardie (extremo, ex UAI Urquiza), a Dulce Tortolo (arquera, ex Boca), a Bel\u00e9n Taborda (lateral derecha, ex f\u00fatbol italiano) y a Agustina Maturano (lateral izquierda, ex Gimnasia La Plata).<\/p>\n<p>A modo de bienvenida, el club de Avellaneda public\u00f3 en sus redes sociales un divertido video donde se puede ver a la mediocampista de la Selecci\u00f3n de Uruguay en una especie de desaf\u00edo de Tik Tok en el que ense\u00f1a c\u00f3mo se dicen determinados objetos en su pa\u00eds natal.<\/p>\n<p>\u00ab\u00bfSindy c\u00f3mo dec\u00eds pava?\u00bb, pregunta la voz en off y la jugadora responde: \u00abCaldera\u00bb. As\u00ed hasta llegar al Cilindro, en donde se muestra con la camiseta de la Academia y asegura que \u00abpasi\u00f3n\u00bb es sin\u00f3nimo de Racing.<\/p>\n<blockquote class=\"instagram-media\" data-instgrm-captioned data-instgrm-permalink=\"https:\/\/www.instagram.com\/reel\/CnXDIdGjfRV\/?utm_source=ig_embed&amp;utm_campaign=loading\" data-instgrm-version=\"14\" readability=\"-0.21875\"><\/blockquote>\n<p>El Campeonato de F\u00fatbol Femenino Primera Divisi\u00f3n \u00abA\u00bb 2023 contar\u00e1 con 19 fechas, a una sola rueda en formato todos contra todos y tendr\u00e1 inicio el fin de semana del 5 de febrero.<\/p>\n","protected":false},"excerpt":{"rendered":"<p>Sindy Ram\u00edrez en Racing. Foto: Prensa. Racing Club incorpor\u00f3 a la uruguaya Sindy Ram\u00edrez, experimentada jugadora de 31 a\u00f1os y m\u00e1s de una d\u00e9cada de recorrido en el f\u00fatbol argentino. Proveniente de San Lorenzo, es la sexta futbolista en sumarse al conjunto que dirige Agust\u00edn Benchimol para la temporada 2023. Antes, la instituci\u00f3n de Avellaneda [&hellip;]<\/p>\n","protected":false},"author":1,"featured_media":28349,"comment_status":"closed","ping_status":"closed","sticky":false,"template":"","format":"standard","meta":[],"categories":[10],"tags":[],"_links":{"self":[{"href":"http:\/\/nuevacordoba.net\/index.php\/wp-json\/wp\/v2\/posts\/28348"}],"collection":[{"href":"http:\/\/nuevacordoba.net\/index.php\/wp-json\/wp\/v2\/posts"}],"about":[{"href":"http:\/\/nuevacordoba.net\/index.php\/wp-json\/wp\/v2\/types\/post"}],"author":[{"embeddable":true,"href":"http:\/\/nuevacordoba.net\/index.php\/wp-json\/wp\/v2\/users\/1"}],"replies":[{"embeddable":true,"href":"http:\/\/nuevacordoba.net\/index.php\/wp-json\/wp\/v2\/comments?post=28348"}],"version-history":[{"count":0,"href":"http:\/\/nuevacordoba.net\/index.php\/wp-json\/wp\/v2\/posts\/28348\/revisions"}],"wp:featuredmedia":[{"embeddable":true,"href":"http:\/\/nuevacordoba.net\/index.php\/wp-json\/wp\/v2\/media\/28349"}],"wp:attachment":[{"href":"http:\/\/nuevacordoba.net\/index.php\/wp-json\/wp\/v2\/media?parent=28348"}],"wp:term":[{"taxonomy":"category","embeddable":true,"href":"http:\/\/nuevacordoba.net\/index.php\/wp-json\/wp\/v2\/categories?post=28348"},{"taxonomy":"post_tag","embeddable":true,"href":"http:\/\/nuevacordoba.net\/index.php\/wp-json\/wp\/v2\/tags?post=28348"}],"curies":[{"name":"wp","href":"https:\/\/api.w.org\/{rel}","templated":true}]}}