{"id":28412,"date":"2023-01-17T04:05:41","date_gmt":"2023-01-17T04:05:41","guid":{"rendered":"http:\/\/nuevacordoba.net\/index.php\/2023\/01\/17\/bruno-valdez-es-un-deseo-de-todo-jugador-venir-a-un-club-tan-grande-como-boca\/"},"modified":"2023-01-17T04:05:41","modified_gmt":"2023-01-17T04:05:41","slug":"bruno-valdez-es-un-deseo-de-todo-jugador-venir-a-un-club-tan-grande-como-boca","status":"publish","type":"post","link":"http:\/\/nuevacordoba.net\/index.php\/2023\/01\/17\/bruno-valdez-es-un-deseo-de-todo-jugador-venir-a-un-club-tan-grande-como-boca\/","title":{"rendered":"Bruno Valdez: \u00abEs un deseo de todo jugador venir a un club tan grande como Boca\u00bb"},"content":{"rendered":"<figure class=\"mb-3\"><img loading=\"lazy\" src=\"http:\/\/nuevacordoba.net\/wp-content\/uploads\/2023\/01\/bruno-valdez-es-un-deseo-de-todo-jugador-venir-a-un-club-tan-grande-como-boca.jpg\" width=\"100%\" height=\"100%\" alt=\"Foto Julin lvarez\"><figcaption> Foto: Juli\u00e1n \u00c1lvarez. <\/figcaption><\/figure>\n<p>La flamante primera contrataci\u00f3n de Boca para esta temporada naciente, el zaguero central paraguayo de 30 a\u00f1os, Bruno Vald\u00e9z, que llega en condici\u00f3n de libre de Am\u00e9rica, de M\u00e9xico, asegur\u00f3 que privilegi\u00f3 la oferta del club de la Ribera por encima de la de Cruzeiro, de Brasil,<strong> \u00abporque todo jugador desea venir a una instituci\u00f3n como esta\u00bb.<\/strong><\/p>\n<p>\u00abEl deseo de todo jugador es venir a un club tan grande como es Boca, y<strong> aunque ten\u00eda la oferta de Cruzeiro, de Brasil, habl\u00e9 con mis padres y el resto de la familia para tomar esta decisi\u00f3n y estoy muy feliz de estar aqu\u00ed\u00bb,<\/strong> abri\u00f3 la conferencia de prensa en la Bombonera el futbolista que inici\u00f3 su carrera en Sol de Am\u00e9rica, de su pa\u00eds natal, antes de dar el salto a Cerro Porte\u00f1o.<\/p>\n<p><strong>\u00ab\u00d3scar Romero me ayud\u00f3 mucho a tomar esta decisi\u00f3n, porque al momento que me llam\u00f3 la directiva de Boca habl\u00e9 con \u00e9l y me dio las mejores impresiones del club\u00bb<\/strong>, revel\u00f3 este futbolista con buena t\u00e9cnica y capacidad goleadora pese a su condici\u00f3n de defensor.<\/p>\n<p>Vald\u00e9z, que fue presentado por el propio presidente boquense, Jorge Ameal, quien le traslad\u00f3 los saludos de bienvenida del vice, Juan Rom\u00e1n Riquelme, desde Abu Dhabi, asegur\u00f3 estar \u00abbien f\u00edsicamente\u00bb<\/p>\n<p>\u00abEs que estuve en la pretemporada de Am\u00e9rica, de M\u00e9xico. Trabajo, respeto y disciplina son cosas que le puedo prometer al hincha de Boca. Y en cuanto a mis caracter\u00edsticas, me gusta salir jugando desde atr\u00e1s, pero tambi\u00e9n poner lo que hay que poner cuando los partidos as\u00ed lo requieren\u00bb, aclar\u00f3.<\/p>\n<p>\u00abEl f\u00fatbol argentino es muy din\u00e1mico, estructural y t\u00e1ctico, y <strong>yo debo adaptarme a lo que quiere Boca y el entrenador. Es que me siento muy orgulloso de vestir esta camiseta y quisiera pon\u00e9rmela ya y tratar de darle una alegr\u00eda a la gente y demostrarle al club las razones por las que se fij\u00f3 en uno\u00bb<\/strong>, apunt\u00f3.<\/p>\n<figure class=\"mb-3\"><img loading=\"lazy\" src=\"http:\/\/nuevacordoba.net\/wp-content\/uploads\/2023\/01\/bruno-valdez-es-un-deseo-de-todo-jugador-venir-a-un-club-tan-grande-como-boca-1.jpg\" width=\"100%\" height=\"100%\" alt=\"Foto Julin lvarez\"><figcaption> Foto: Juli\u00e1n \u00c1lvarez. <\/figcaption><\/figure>\n<p>Vald\u00e9z tambi\u00e9n se\u00f1al\u00f3 como uno de los responsables de su llegada al ayudante de campo del t\u00e9cnico, Hugo Ibarra. \u00abA Pompei lo tuve en Sol de Am\u00e9rica y fue otro que me ayud\u00f3 mucho a tomar la decisi\u00f3n\u00bb.<\/p>\n<p><strong>\u00abEn M\u00e9xico con Am\u00e9rica jugaba 4-3-3 como ahora lo hace Boca. Mi posici\u00f3n natural es la de marcador central, pero si alguna vez el equipo me necesita de lateral derecho puedo hacerlo, porque ya lo hice all\u00e1\u00bb<\/strong>, cerr\u00f3 el nuevo n\u00famero 25 de Boca.<\/p>\n<h2 class> \u00bfLlega un compa\u00f1ero de zaga? <\/h2>\n<p> Mientras transcurr\u00eda la conferencia de prensa, simult\u00e1neamente Boca insisti\u00f3 en encontrarle un compa\u00f1ero en la zaga central a Vald\u00e9z, y para ello le ofreci\u00f3 casi 2.000.000 de d\u00f3lares a Independiente por Sergio Barreto, poniendo en n\u00fameros un inter\u00e9s que viene desde hace un tiempo atr\u00e1s.<\/p>\n<p>Adem\u00e1s de ese dinero, Boca le har\u00eda a Independiente el ofrecimiento de hacerse cargo de una deuda que el club de Avellaneda tiene con el formose\u00f1o, de 23 a\u00f1os.<\/p>\n<p>\u00ab<strong>Me incomoda esta situaci\u00f3n, pero sobre todo por el jugador<\/strong>, porque es algo que debe resolverse r\u00e1pidamente para bien de todas las partes\u00bb, advirti\u00f3 por su parte el nuevo entrenador de Independiente, Leandro Stillitano.<\/p>\n<p><strong>\u00abBarreto es un chico muy sano, al que conozco desde las inferiores de Independiente, y aunque est\u00e1 entrenando muy bien en el club, que este tema est\u00e9 dando vueltas por ah\u00ed es un mecanismo que se le mete en la cabeza. Pero Sergio nunca se meti\u00f3 en estas negociaciones\u00bb<\/strong>, aclar\u00f3 el t\u00e9cnico \u00abrojo\u00bb.<\/p>\n<h2 class> Almendra dice adi\u00f3s <\/h2>\n<p> Mientras las llegadas empezaron en Boca, tambi\u00e9n las partidas se aceleran, aunque no en las mejores condiciones para el club, ya que a la salida compulsiva del arquero Agust\u00edn Rossi se sum\u00f3 este lunes la confirmaci\u00f3n de que el volante Agust\u00edn Almendra ser\u00e1 jugador de Rayo Vallecano, de la primera divisi\u00f3n de Espa\u00f1a.<\/p>\n<p>Almendra fue virtualmente \u00abcolgado\u00bb por la directiva \u00abxeneize\u00bb despu\u00e9s de un entredicho con el anterior entrenador, Sebasti\u00e1n Battaglia, y<strong> hace casi un a\u00f1o que no ve acci\u00f3n en la primera de Boca<\/strong>, pero adem\u00e1s <strong>se resisti\u00f3 a renovar su contrato, que vence el pr\u00f3ximo 30 de junio, <\/strong>por lo que ya estaba en condiciones de firmar con cualquier otra instituci\u00f3n a partir del pasado 1 de enero, y este lunes se confirm\u00f3 que ya lo hizo con el club espa\u00f1ol que tiene una camiseta igual a la de River <\/p>\n","protected":false},"excerpt":{"rendered":"<p>Foto: Juli\u00e1n \u00c1lvarez. La flamante primera contrataci\u00f3n de Boca para esta temporada naciente, el zaguero central paraguayo de 30 a\u00f1os, Bruno Vald\u00e9z, que llega en condici\u00f3n de libre de Am\u00e9rica, de M\u00e9xico, asegur\u00f3 que privilegi\u00f3 la oferta del club de la Ribera por encima de la de Cruzeiro, de Brasil, \u00abporque todo jugador desea venir [&hellip;]<\/p>\n","protected":false},"author":1,"featured_media":28413,"comment_status":"closed","ping_status":"closed","sticky":false,"template":"","format":"standard","meta":[],"categories":[10],"tags":[],"_links":{"self":[{"href":"http:\/\/nuevacordoba.net\/index.php\/wp-json\/wp\/v2\/posts\/28412"}],"collection":[{"href":"http:\/\/nuevacordoba.net\/index.php\/wp-json\/wp\/v2\/posts"}],"about":[{"href":"http:\/\/nuevacordoba.net\/index.php\/wp-json\/wp\/v2\/types\/post"}],"author":[{"embeddable":true,"href":"http:\/\/nuevacordoba.net\/index.php\/wp-json\/wp\/v2\/users\/1"}],"replies":[{"embeddable":true,"href":"http:\/\/nuevacordoba.net\/index.php\/wp-json\/wp\/v2\/comments?post=28412"}],"version-history":[{"count":0,"href":"http:\/\/nuevacordoba.net\/index.php\/wp-json\/wp\/v2\/posts\/28412\/revisions"}],"wp:featuredmedia":[{"embeddable":true,"href":"http:\/\/nuevacordoba.net\/index.php\/wp-json\/wp\/v2\/media\/28413"}],"wp:attachment":[{"href":"http:\/\/nuevacordoba.net\/index.php\/wp-json\/wp\/v2\/media?parent=28412"}],"wp:term":[{"taxonomy":"category","embeddable":true,"href":"http:\/\/nuevacordoba.net\/index.php\/wp-json\/wp\/v2\/categories?post=28412"},{"taxonomy":"post_tag","embeddable":true,"href":"http:\/\/nuevacordoba.net\/index.php\/wp-json\/wp\/v2\/tags?post=28412"}],"curies":[{"name":"wp","href":"https:\/\/api.w.org\/{rel}","templated":true}]}}