{"id":2843,"date":"2021-04-05T04:59:06","date_gmt":"2021-04-05T04:59:06","guid":{"rendered":"https:\/\/www.espinof.com\/otros\/liga-justicia-zack-snyder-podemos-escuchar-al-joker-decir-vivimos-sociedad-esta-escena-eliminada-pelicula"},"modified":"2021-04-05T04:59:06","modified_gmt":"2021-04-05T04:59:06","slug":"la-liga-de-la-justicia-de-zack-snyder-ya-podemos-escuchar-al-joker-decir-vivimos-en-una-sociedad-en-esta-escena-eliminada-de-la-pelicula","status":"publish","type":"post","link":"http:\/\/nuevacordoba.net\/index.php\/2021\/04\/05\/la-liga-de-la-justicia-de-zack-snyder-ya-podemos-escuchar-al-joker-decir-vivimos-en-una-sociedad-en-esta-escena-eliminada-de-la-pelicula\/","title":{"rendered":"\u2018La Liga de la Justicia de Zack Snyder\u2019: ya podemos escuchar al Joker decir \u201cvivimos en una sociedad\u201d en esta escena eliminada de la pel\u00edcula"},"content":{"rendered":"<p>Cuando tan s\u00f3lo faltaba un mes para su estreno despu\u00e9s de cuatro a\u00f1os de clamor popular, <a href=\"http:\/\/www.espinof.com\/tag\/la-liga-de-la-justicia-de-zack-snyder\">&#8216;La Liga de la Justicia de Zack Snyder&#8217;<\/a> puso a\u00fan m\u00e1s patas arriba la red de redes con un nuevo avance en el que <strong>el Joker de Jared Leto entonaba la infame frase \u00abvivimos en una sociedad\u00bb<\/strong>. El cachondeo durante los d\u00edas siguientes a la revelaci\u00f3n fue generalizado, pero, tristemente, ese instante concreto no termin\u00f3 llegando al corte final de la pel\u00edcula. <\/p>\n<p><!-- BREAK 1 --><!--more--><\/p>\n<h2>Vivimos en una escena eliminada<\/h2>\n<p>Pero, ojo, que si sois de los que os quedasteis con ganas de ver cobrar vida al meme durante la escena ambientada en el futuro apocal\u00edptico del DCEU conocido como Knightmare, el bueno de <a href=\"http:\/\/www.espinof.com\/tag\/zack-snyder\">Zack Snyder<\/a> ha venido a cubriros las espaldas. El director, a trav\u00e9s de su cuenta de Twitter, ha publicado <strong>una versi\u00f3n extendida de la conversaci\u00f3n entre Batman y el Pr\u00edncipe payaso del crimen<\/strong>, en un hermoso blanco y negro y, s\u00ed, con la frase estrella incluida.<\/p>\n<p><!-- BREAK 2 --> <\/p>\n<blockquote class=\"twitter-tweet\" readability=\"2.3181818181818\">\n<p lang=\"en\" dir=\"ltr\">We live in a society&#8230; where you can watch <a href=\"https:\/\/twitter.com\/hashtag\/ZackSnydersJusticeLeague?src=hash&amp;ref_src=twsrc%5Etfw\">#ZackSnydersJusticeLeague<\/a> on <a href=\"https:\/\/twitter.com\/hbomax?ref_src=twsrc%5Etfw\">@HBOMax<\/a>. <a href=\"https:\/\/t.co\/8l3CwvynZq\">https:\/\/t.co\/8l3CwvynZq<\/a> <a href=\"https:\/\/twitter.com\/hashtag\/SnyderCut?src=hash&amp;ref_src=twsrc%5Etfw\">#SnyderCut<\/a> <a href=\"https:\/\/twitter.com\/hashtag\/UsUnited?src=hash&amp;ref_src=twsrc%5Etfw\">#UsUnited<\/a> <a href=\"https:\/\/twitter.com\/hashtag\/AFSP?src=hash&amp;ref_src=twsrc%5Etfw\">#AFSP<\/a> <a href=\"https:\/\/twitter.com\/hashtag\/weliveinasociety?src=hash&amp;ref_src=twsrc%5Etfw\">#weliveinasociety<\/a> <a href=\"https:\/\/t.co\/V8pmWFnVIf\">pic.twitter.com\/V8pmWFnVIf<\/a><\/p>\n<p>\u2014 Zack Snyder (@ZackSnyder) <a href=\"https:\/\/twitter.com\/ZackSnyder\/status\/1378007017202229249?ref_src=twsrc%5Etfw\">April 2, 2021<\/a><\/p><\/blockquote>\n<p>Para dar forma a la escena que pod\u00e9is ver sobre estas l\u00edneas, Snyder rod\u00f3 por separado a <a href=\"http:\/\/www.espinof.com\/tag\/ben-affleck\">Ben Affleck<\/a> y <a href=\"http:\/\/www.espinof.com\/tag\/jared-leto\">Jared Leto<\/a> usando sendas pantallas verdes para, despu\u00e9s, juntar las dos interpretaciones en la sala de edici\u00f3n. Y, por si os pregunt\u00e1is por qu\u00e9 en el fragmento hay tanto caos con desenfoques y respiraciones constantes, la respuesta se encuentra en las \u00f3pticas con las que se rod\u00f3: unas <strong>Leitz M 0.8 abiertas al m\u00e1ximo<\/strong> que, adem\u00e1s de tener un look muy particular, dan una profundidad de campo min\u00fascula. Un infierno en vida para culquier foquista.<\/p>\n<p><!-- BREAK 3 --><\/p>\n<div class=\"article-asset article-asset-normal article-asset-center\">\n<div class=\"desvio-container\">\n<div class=\"desvio\">\n<div class=\"desvio-figure js-desvio-figure\"> <a href=\"https:\/\/www.espinof.com\/otros\/vivimos-sociedad-meme-asociado-al-joker-que-nacio-seinfeld-ha-llegado-a-liga-justicia-zack-snyder\"> <img alt=\"&quot;Vivimos en una sociedad&quot;: el meme asociado al Joker que naci\u00f3 en 'Seinfeld' y ha llegado a 'La Liga de la Justicia de Zack Snyder'\" src=\"http:\/\/nuevacordoba.net\/wp-content\/uploads\/2021\/04\/la-liga-de-la-justicia-de-zack-snyder-ya-podemos-escuchar-al-joker-decir-vivimos-en-una-sociedad-en-esta-escena-eliminada-de-la-pelicula.jpg\"> <\/a> <\/div><\/div><\/div>\n<\/div>\n<p>&#8216;La Liga de la Justicia de Zack Snyder&#8217; \u2014que a un servidor le pareci\u00f3 una aut\u00e9ntica gozada, por cierto\u2014, se encuentra disponible en HBO <strong>tanto en su versi\u00f3n a todo color como en la versi\u00f3n alternativa monocrom\u00e1tica subtitulada &#8216;La justicia es gris&#8217;<\/strong>; una experiencia visual radicalmente diferente que, adem\u00e1s, es la excusa perfecta para volver a zambullirse en estas cuatro horas de \u00e9pica superher\u00f3ica.<\/p>\n<p><!-- BREAK 4 --> <\/p>\n","protected":false},"excerpt":{"rendered":"<p>Cuando tan s\u00f3lo faltaba un mes para su estreno despu\u00e9s de cuatro a\u00f1os de clamor popular, &#8216;La Liga de la Justicia de Zack Snyder&#8217; puso a\u00fan m\u00e1s patas arriba la red de redes con un nuevo avance en el que el Joker de Jared Leto entonaba la infame frase \u00abvivimos en una sociedad\u00bb. El cachondeo [&hellip;]<\/p>\n","protected":false},"author":1,"featured_media":2844,"comment_status":"closed","ping_status":"closed","sticky":false,"template":"","format":"standard","meta":[],"categories":[6],"tags":[],"_links":{"self":[{"href":"http:\/\/nuevacordoba.net\/index.php\/wp-json\/wp\/v2\/posts\/2843"}],"collection":[{"href":"http:\/\/nuevacordoba.net\/index.php\/wp-json\/wp\/v2\/posts"}],"about":[{"href":"http:\/\/nuevacordoba.net\/index.php\/wp-json\/wp\/v2\/types\/post"}],"author":[{"embeddable":true,"href":"http:\/\/nuevacordoba.net\/index.php\/wp-json\/wp\/v2\/users\/1"}],"replies":[{"embeddable":true,"href":"http:\/\/nuevacordoba.net\/index.php\/wp-json\/wp\/v2\/comments?post=2843"}],"version-history":[{"count":0,"href":"http:\/\/nuevacordoba.net\/index.php\/wp-json\/wp\/v2\/posts\/2843\/revisions"}],"wp:featuredmedia":[{"embeddable":true,"href":"http:\/\/nuevacordoba.net\/index.php\/wp-json\/wp\/v2\/media\/2844"}],"wp:attachment":[{"href":"http:\/\/nuevacordoba.net\/index.php\/wp-json\/wp\/v2\/media?parent=2843"}],"wp:term":[{"taxonomy":"category","embeddable":true,"href":"http:\/\/nuevacordoba.net\/index.php\/wp-json\/wp\/v2\/categories?post=2843"},{"taxonomy":"post_tag","embeddable":true,"href":"http:\/\/nuevacordoba.net\/index.php\/wp-json\/wp\/v2\/tags?post=2843"}],"curies":[{"name":"wp","href":"https:\/\/api.w.org\/{rel}","templated":true}]}}