{"id":28451,"date":"2023-01-18T04:15:30","date_gmt":"2023-01-18T04:15:30","guid":{"rendered":"http:\/\/nuevacordoba.net\/index.php\/2023\/01\/18\/a-un-mes-de-un-logro-que-sera-eterno-los-futbolistas-argentinos-siguen-encendidos\/"},"modified":"2023-01-18T04:15:30","modified_gmt":"2023-01-18T04:15:30","slug":"a-un-mes-de-un-logro-que-sera-eterno-los-futbolistas-argentinos-siguen-encendidos","status":"publish","type":"post","link":"http:\/\/nuevacordoba.net\/index.php\/2023\/01\/18\/a-un-mes-de-un-logro-que-sera-eterno-los-futbolistas-argentinos-siguen-encendidos\/","title":{"rendered":"A un mes de un logro que ser\u00e1 eterno, los futbolistas argentinos siguen encendidos"},"content":{"rendered":"<figure class=\"mb-3\"><img loading=\"lazy\" src=\"http:\/\/nuevacordoba.net\/wp-content\/uploads\/2023\/01\/a-un-mes-de-un-logro-que-sera-eterno-los-futbolistas-argentinos-siguen-encendidos.jpg\" width=\"100%\" height=\"100%\" alt=\"Foto Fernando Gens\"><figcaption> Foto: Fernando Gens. <\/figcaption><\/figure>\n<p><strong>La hist\u00f3rica conquista de la tercera estrella en Qatar 2022 este mi\u00e9rcoles su primer mes<\/strong> y en su regreso a los equipos, los jugadores campeones del Mundo ya convirtieron quince goles en casi la misma cantidad de d\u00edas.<\/p>\n<p>El <strong>18 de diciembre de 2022<\/strong> quedar\u00e1 para siempre grabado en la historia junto al nombre de los 26 integrantes del plantel argentino campe\u00f3n del Mundo en Qatar.<\/p>\n<p>El efecto de la tercera estrella en el escudo del seleccionado argentino fue inmediato en los futbolistas, ya que el envi\u00f3n an\u00edmico se vio reflejado en el primer mes que pas\u00f3 de la hist\u00f3rica final contra Francia.<\/p>\n<p><strong>Desde que se reanud\u00f3 el f\u00fatbol despu\u00e9s del receso mundialista, diez campeones del Mundo marcaron 15 goles en casi la misma cantidad de d\u00edas.<\/strong><\/p>\n<p>El dato toma m\u00e1s fuerza si se tiene en cuenta que por el lado del plantel de Francia se registraron seis tantos, menos de la mitad.<\/p>\n<figure class=\"mb-3\"><img loading=\"lazy\" src=\"http:\/\/nuevacordoba.net\/wp-content\/uploads\/2023\/01\/a-un-mes-de-un-logro-que-sera-eterno-los-futbolistas-argentinos-siguen-encendidos-1.jpg\" width=\"100%\" height=\"100%\" alt=\"Paulo Dybala autor de tres goles en la Roma Foto TW ASRomaEspanol\"><figcaption> Paulo Dybala, autor de tres goles en la Roma \/ Foto: TW @ASRomaEspanol <\/figcaption><\/figure>\n<p>Hasta el momento, <strong>Paulo Dybala<\/strong> y <strong>Lautaro Mart\u00ednez<\/strong> encabezan la lista de goleadores con tres tantos cada uno, mientras que <strong>Alexis Mac Allister<\/strong> los sigue con dos gritos.<\/p>\n<p>Los que festejaron uno son el capit\u00e1n <strong>Lionel Messi, \u00c1ngel Di Mar\u00eda, Juli\u00e1n \u00c1lvarez, Enzo Fern\u00e1ndez, Marcos Acu\u00f1a, \u00c1ngel Correa y Juan Foyth.<\/strong><\/p>\n<p>El efecto mundialista no fue solo para los jugadores de campo ya que el arquero Ger\u00f3nimo Rulli protagoniz\u00f3 la primera transferencia y pas\u00f3 de Villarreal, de Espa\u00f1a, al Ajax, de Pa\u00edses Bajos, en una suma cercana a los ocho millones de euros.<\/p>\n<p>Adem\u00e1s, tanto <strong>Emiliano \u00abDibu\u00bb Mart\u00ednez<\/strong>, en Aston Villa, como <strong>Franco Armani<\/strong>, en su regreso a River Plate, tuvieron destacadas actuaciones.<\/p>\n<blockquote class=\"twitter-tweet\" readability=\"3.5510204081633\">\n<p lang=\"it\" dir=\"ltr\">SUBITO LAUTARO MARTINEZ!! TRE GOL IN UNA SETTIMANA! \ud83d\udc02<a href=\"https:\/\/twitter.com\/hashtag\/InterVerona?src=hash&amp;ref_src=twsrc%5Etfw\">#InterVerona<\/a> | <a href=\"https:\/\/twitter.com\/Inter?ref_src=twsrc%5Etfw\">@Inter<\/a> <a href=\"https:\/\/t.co\/McbYjJpvzk\">pic.twitter.com\/McbYjJpvzk<\/a><\/p>\n<p>\u2014 Lega Serie A (@SerieA) <a href=\"https:\/\/twitter.com\/SerieA\/status\/1614578267494780928?ref_src=twsrc%5Etfw\">January 15, 2023<\/a><\/p><\/blockquote>\n<p>La positiva racha de los campeones del Mundo comenz\u00f3 en el \u00faltimo d\u00eda de 2022, ya que el 31 de diciembre Foyth marc\u00f3 el gol de la victoria de Villarreal sobre Valencia (2-1) por la Liga espa\u00f1ola.<\/p>\n<p>Alexis Mac Allister y el \u00abToro\u00bb Mart\u00ednez fueron los primeros en anotar en el arranque de 2023.<\/p>\n<p>El mediocampista de Brighton, una de las revelaciones de Qatar 2022, hizo dos en la goleada sobre Middlesbrough por Copa FA, el 7 de enero.<\/p>\n<p>El delantero del Inter de Mil\u00e1n, en tanto, marc\u00f3 en el empate 2-2 ante Monza por la Serie A y cort\u00f3 una sequ\u00eda de casi dos meses.<\/p>\n<p>Al d\u00eda siguiente, se sumaron Marcos Acu\u00f1a con una cabezazo para abrir la victoria de Sevilla contra Getafe en Espa\u00f1a y Juli\u00e1n \u00c1lvarez con su gol, de penal, para Manchester City ante Chelsea (4-0) por la Copa FA.<\/p>\n<figure class=\"mb-3\"><img loading=\"lazy\" src=\"http:\/\/nuevacordoba.net\/wp-content\/uploads\/2023\/01\/a-un-mes-de-un-logro-que-sera-eterno-los-futbolistas-argentinos-siguen-encendidos-2.jpg\" width=\"100%\" height=\"100%\" alt=\"Lautaro Martnez anot tres goles para el Inter desde el reinicio de la competencia Foto TW Inter_es\"><figcaption> Lautaro Mart\u00ednez anot\u00f3 tres goles para el Inter desde el reinicio de la competencia \/ Foto: TW @Inter_es <\/figcaption><\/figure>\n<p>El 10 de enero, Lautaro Mart\u00ednez fue determinante para clasificaci\u00f3n de Inter en la Copa Italia con un gol sobre Parma (2-1) y el pasado s\u00e1bado volvi\u00f3 a marcar y le dio la victoria a su equipo contra Hellas Verona.<\/p>\n<p>Enzo Fern\u00e1ndez reapareci\u00f3 en Benfica luego del castigo con el que lo sancion\u00f3 el club de Lisboa -por viajar hacia Argentina para pasar el fin de a\u00f1o- con un golazo contra Varzim, por la Copa de Portugal.<\/p>\n<p>El capit\u00e1n Lionel Messi volvi\u00f3 a jugar luego de su inolvidable actuaci\u00f3n en la final del 18 de diciembre y fue en la victoria de PSG sobre Angers (2-0): convirti\u00f3 su sexto gol consecutivo.<\/p>\n<p>Desde el pasado 14 de septiembre, Messi, entre PSG y la Argentina, disput\u00f3 22 partidos y convirti\u00f3 21 goles.<\/p>\n<p>El cordob\u00e9s Paulo Dybala volvi\u00f3 con todo a la Roma y en dos encuentros hizo tres goles: el 12 de enero le marc\u00f3 a Genoa para avanzar en la Copa Italia; y el domingo sum\u00f3 su primer doblete en su nuevo club para el triunfo sobre Fiorentina.<\/p>\n<figure class=\"mb-3\"><img loading=\"lazy\" src=\"http:\/\/nuevacordoba.net\/wp-content\/uploads\/2023\/01\/a-un-mes-de-un-logro-que-sera-eterno-los-futbolistas-argentinos-siguen-encendidos-3.jpg\" width=\"100%\" height=\"100%\" alt=\"Las tres Maras por REP\"><figcaption> \u00abLas tres Mar\u00edas\u00bb, por REP <\/figcaption><\/figure>\n<p>El \u00faltimo fin de semana la lista se ampli\u00f3 con el grito de \u00c1ngel Correa para Atl\u00e9tico de Madrid, en el empate contra Almer\u00eda.<\/p>\n<p>La contracara es <strong>Rodrigo De Paul<\/strong>, quien todav\u00eda no sum\u00f3 minutos en el equipo de Diego Simeone despu\u00e9s de la final contra Francia.<\/p>\n<p>El festejo argentino que qued\u00f3 con sabor a poco fue el de \u00c1ngel Di Mar\u00eda, otra de las figuras en la definici\u00f3n contra \u00abLes Bleus\u00bb, que puso el 1-2 parcial de Juventus ante Napoli pero alcanz\u00f3 poco, ya que finalmente se fueron del estadio Diego Armando Maradona con una goleada 5-1.<\/p>\n<p>La vida del plantel argentino cambi\u00f3 para siempre desde aquella so\u00f1ada pero sufrida final ante Francia en el estadio Lusail.<\/p>\n<p>El director t\u00e9cnico Lionel Scaloni tambi\u00e9n cont\u00f3, en varias entrevistas con medios espa\u00f1oles, detalles de c\u00f3mo es requerido por la gente desde que se convirti\u00f3 en el tercer DT que levant\u00f3 la Copa del Mundo con la Argentina.<\/p>\n<p>Desde la gente que se apostaba en su casa familiar en Pujato hasta los europeos que lo saludan por las calles de Palma de Mallorca -en donde reside junto con su familia- y le recuerdan detalles de una de las mejores definiciones de la historia de los Mundiales.<\/p>\n<p>Hasta fines de marzo -cuando jueguen un par de partidos amistosos- los campeones del mundo no volver\u00e1n a sentir el cari\u00f1o del p\u00fablico argentino, que sali\u00f3 masivamente a las calles a celebrar el t\u00edtulo, pero mientras tanto se encargan de lucirse en Europa.<\/p>\n<figure class=\"mb-3\"><img loading=\"lazy\" src=\"http:\/\/nuevacordoba.net\/wp-content\/uploads\/2023\/01\/a-un-mes-de-un-logro-que-sera-eterno-los-futbolistas-argentinos-siguen-encendidos-4.jpg\" width=\"100%\" height=\"100%\" alt=\"Lionel Messi festeja su nico gol en el PSG desde que sali campen mundial Foto TW PSG_espanol\"><figcaption> Lionel Messi festeja su \u00fanico gol en el PSG desde que sali\u00f3 campe\u00f3n mundial \/ Foto: TW: @PSG_espanol <\/figcaption><\/figure>\n<div class=\"jumbotron pt-4 mt-3\" readability=\"56\">\n<h3 class=\"module-title\">Inauguran un nuevo mural de Messi<\/h3>\n<p>Un nuevo mural de Lionel Messi, capit\u00e1n del seleccionado argentino, se inagurar\u00e1 este mi\u00e9rcoles en la ciudad de Buenos Aires cuando se cumpla un mes de la hist\u00f3rica conquista del Mundial de Qatar 2022.<\/p>\n<p><strong>La imagen del \u00eddolo levantando el trofeo de la Copa del Mundo se descubrir\u00e1 a las 20 en \u00abLos Galgos\u00bb, uno de los bares notables de la capital, ubicado en la avenida Callao y Lavalle.<\/strong><\/p>\n<p>La obra fue realizada por el Mosaico Nacional, un grupo de artistas que surgi\u00f3 hace doce a\u00f1os con el objetivo de realizar murales que representen la historia de la Argentina.<\/p>\n<p>Los artistas que tambi\u00e9n crearon el \u00abComando Maradona\u00bb homenajear\u00e1n por primera vez a Messi, el \u00abgran capit\u00e1n\u00bb que demostr\u00f3 su compromiso \u00abcon la bandera\u00bb en el Mundial de Qatar.<\/p>\n<p>As\u00ed lo destac\u00f3 el muralista <strong>Gonzalo L\u00f3pez Lluch<\/strong>, de Mosaico Nacional, en di\u00e1logo con T\u00e9lam en la previa de la inauguraci\u00f3n de la obra.<\/p>\n<p>El mural est\u00e1 hecho en mosaico con venecitas de vidrio, con material de revestimiento y tiene la caracter\u00edstica de que no se da\u00f1a con el paso del tiempo, la luz o la humedad.<\/p>\n<p>\u00abNuestro objetivo como proyecto de intervenci\u00f3n en espacio p\u00fablico es dejar una huella que tenga que ver con una conquista o con parte de la historia argentina. Esa es nuestra agenda de trabajo\u00bb, destac\u00f3 L\u00f3pez Lluch, quien adelant\u00f3 que ya recibieron otras propuestas para realizar trabajos con la figura de Messi.<\/p>\n<p>Las pr\u00f3ximas a descubrirse ser\u00e1n en la localidad de Pilar dentro del nuevo polideportivo Lionel Messi y otra en la zona de Palermo con la imagen del capit\u00e1n cantando el himno.<\/p>\n<p>Adem\u00e1s de las obras del \u00abComando Maradona\u00bb en distintos puntos de la ciudad de Buenos Aires, Mosaico Nacional tambi\u00e9n realiz\u00f3 el representativo pa\u00f1uelo de las Madres de Plaza de Mayo.<\/p>\n<p>\u00abEsperemos que sea una huella en el tiempo y que cada persona que pase se sienta parte. Adem\u00e1s, tambi\u00e9n ser\u00e1 parte del patrimonio cultural de la Ciudad de Buenos Aires\u00bb, destac\u00f3 el artista.<\/p>\n<p>Para el futuro tambi\u00e9n hay ideas de \u00abproyectos colectivos\u00bb para que cada persona pueda aportar su venecita y formar parte de la historia reflejada en el arte popular.<\/p>\n<\/p><\/div>\n<div class=\"card col-md-10 offset-md-1 mb-4\">\n<h3 class=\"pt-2\">Relacionadas<\/h3>\n<\/p><\/div>\n","protected":false},"excerpt":{"rendered":"<p>Foto: Fernando Gens. La hist\u00f3rica conquista de la tercera estrella en Qatar 2022 este mi\u00e9rcoles su primer mes y en su regreso a los equipos, los jugadores campeones del Mundo ya convirtieron quince goles en casi la misma cantidad de d\u00edas. El 18 de diciembre de 2022 quedar\u00e1 para siempre grabado en la historia junto [&hellip;]<\/p>\n","protected":false},"author":1,"featured_media":28452,"comment_status":"closed","ping_status":"closed","sticky":false,"template":"","format":"standard","meta":[],"categories":[10],"tags":[],"_links":{"self":[{"href":"http:\/\/nuevacordoba.net\/index.php\/wp-json\/wp\/v2\/posts\/28451"}],"collection":[{"href":"http:\/\/nuevacordoba.net\/index.php\/wp-json\/wp\/v2\/posts"}],"about":[{"href":"http:\/\/nuevacordoba.net\/index.php\/wp-json\/wp\/v2\/types\/post"}],"author":[{"embeddable":true,"href":"http:\/\/nuevacordoba.net\/index.php\/wp-json\/wp\/v2\/users\/1"}],"replies":[{"embeddable":true,"href":"http:\/\/nuevacordoba.net\/index.php\/wp-json\/wp\/v2\/comments?post=28451"}],"version-history":[{"count":0,"href":"http:\/\/nuevacordoba.net\/index.php\/wp-json\/wp\/v2\/posts\/28451\/revisions"}],"wp:featuredmedia":[{"embeddable":true,"href":"http:\/\/nuevacordoba.net\/index.php\/wp-json\/wp\/v2\/media\/28452"}],"wp:attachment":[{"href":"http:\/\/nuevacordoba.net\/index.php\/wp-json\/wp\/v2\/media?parent=28451"}],"wp:term":[{"taxonomy":"category","embeddable":true,"href":"http:\/\/nuevacordoba.net\/index.php\/wp-json\/wp\/v2\/categories?post=28451"},{"taxonomy":"post_tag","embeddable":true,"href":"http:\/\/nuevacordoba.net\/index.php\/wp-json\/wp\/v2\/tags?post=28451"}],"curies":[{"name":"wp","href":"https:\/\/api.w.org\/{rel}","templated":true}]}}