{"id":28522,"date":"2023-01-20T08:55:27","date_gmt":"2023-01-20T08:55:27","guid":{"rendered":"http:\/\/nuevacordoba.net\/index.php\/2023\/01\/20\/los-generos-son-solo-una-capa-exterior-yo-trato-de-no-olvidarme-que-la-musica-es-arte\/"},"modified":"2023-01-20T08:55:27","modified_gmt":"2023-01-20T08:55:27","slug":"los-generos-son-solo-una-capa-exterior-yo-trato-de-no-olvidarme-que-la-musica-es-arte","status":"publish","type":"post","link":"http:\/\/nuevacordoba.net\/index.php\/2023\/01\/20\/los-generos-son-solo-una-capa-exterior-yo-trato-de-no-olvidarme-que-la-musica-es-arte\/","title":{"rendered":"\u00abLos g\u00e9neros son s\u00f3lo una capa exterior, yo trato de no olvidarme que la m\u00fasica es arte\u00bb"},"content":{"rendered":"<figure class=\"mb-3\"><img loading=\"lazy\" src=\"http:\/\/nuevacordoba.net\/wp-content\/uploads\/2023\/01\/los-generos-son-solo-una-capa-exterior-yo-trato-de-no-olvidarme-que-la-musica-es-arte.jpg\" width=\"100%\" height=\"100%\" alt=\"Foto Prensa\"><figcaption> Foto: Prensa. <\/figcaption><\/figure>\n<p>El productor musical <strong>Marlku<\/strong> asegura que los <strong>\u00abg\u00e9neros son solamente una capa exterior\u00bb<\/strong> y que <strong>\u00abel arte debe reflejar la era en la que fue hecha\u00bb<\/strong>, al conversar sobre \u00ab555\u00bb, su \u00e1lbum debut, donde referentes y nuevos talentos del trap argentino y espa\u00f1ol como Rei, Bhavi, Asan, Dani Ribba, Bon Calso y Le\u00efti Sene prestan su voz y convergen para \u00abelevar la vibra\u00bb de una obra que, adem\u00e1s de enarbolar las nuevas formas de trabajo dentro del estudio, aporta con creces a hacer m\u00e1s visible su oficio.<\/p>\n<p>A poco menos de un mes de haber editado su primer larga duraci\u00f3n, el productor lanz\u00f3 en diciembre una versi\u00f3n \u00abdeluxe\u00bb de aquella obra: el \u00ab555+\u00bb que suma al uruguayo Knak en \u00abLa 10\u00bb, donde ya estaba el emergente Frozouda -el elegido por Duki para abrir sus shows hist\u00f3ricos en V\u00e9lez-, a otro referente de la escena oriental como Falke 912 en la nueva \u00abOff White\u00bb y al neoyorquino Nessly que conecta en \u00abQuantum\u00bb sus barras anglosajonas con las del argentino Seven Kayne.<\/p>\n<p>En di\u00e1logo con T\u00e9lam, el productor detr\u00e1s de \u201cFernet\u201d (Rei y Quevedo), \u201cSexy\u201d (Eich, Duki y Khea), \u201cTu Luna\u201d (Homer El Mero Mero, FMK y Tiago PZK), \u201cHalloween\u201d (Mesita y Dillom) y que colabor\u00f3 con Duki en la producci\u00f3n de tres temas de \u201cDesde el Fin del Mundo\u201d sostiene que no hay mejor manera de <strong>\u201cdescubrir un artista\u201d que a trav\u00e9s de un \u00e1lbum de larga duraci\u00f3n: \u201cCuando descubro a un artista, mi m\u00e1xima ilusi\u00f3n es que tenga un disco para poder abordarlo entero, porque si tiene dos o tres singles nada m\u00e1s, me la baja\u201d<\/strong>, dijo.<\/p>\n<blockquote class><p>\u00abYo quer\u00eda hacer canciones que elevaran la vibra, que es lo que a m\u00ed me termin\u00f3 pasando cuando escuch\u00e9 el material terminado. Hay una b\u00fasqueda de la emoci\u00f3n que condiciona positivamente bastante a la obra del artista a la hora de escribir\u00bb<\/p><\/blockquote>\n<p><strong>\u00abEmpec\u00e9 a sentir la necesidad de hacer un disco por la relaci\u00f3n que siempre tuve con la m\u00fasica como oyente, pero tambi\u00e9n porque sent\u00eda que no hab\u00eda ning\u00fan productor en Argentina, por lo menos que yo conociera, que haya hecho un proyecto as\u00ed. Llam\u00e9 a algunos de los amigos con los que hab\u00eda trabajado y otros se fueron enterando y quisieron estar. No hubo una pauta sobre c\u00f3mo hacerlo, fue como solemos trabajar: la mayor\u00eda de las veces en una sesi\u00f3n salen una canci\u00f3n o dos\u00bb<\/strong>, resumi\u00f3.<\/p>\n<p>El disco, que tuvo como punto de partida \u00abPresupuesto y Melod\u00eda\u00bb junto a Bhavi, encontr\u00f3 su color definitivo a partir de experimentar con un sintetizador de bajos que, al final, termin\u00f3 \u00abusando para todo\u00bb,<\/p>\n<p><strong>\u00abLa limitaci\u00f3n misma del instrumento me hizo encontrar cosas para las cuales no estaba hecho. Hizo que que en la b\u00fasqueda fuera encontrando lugares desconocidos. Eso me dio una libertad enorme por tener todo un lugar para descubrir\u00bb<\/strong>, explic\u00f3 sobre aquellos sonidos que lo guiaron en su b\u00fasqueda y definieron el car\u00e1cter on\u00edrico y espacial de este repertorio de trap.<\/p>\n<p><strong>-\u00bfSent\u00eds que el disco viene a dejar asentada una postura sobre el panorama musical actual?<\/strong><br open> -S\u00ed, porque hay algo de nost\u00e1lgico y de ir contra la corriente. Hoy si haces un video tiene que ser de determinada manera o decir tal o cual cosa. Y tambi\u00e9n est\u00e1 la cultura del single que nos obliga a optimizar todos los recursos con una orientaci\u00f3n m\u00e1s comercial, si se quiere. Hay una realidad: las canciones no tienen el mismo alcance cuando las sac\u00e1s adentro de un disco, pero decid\u00ed \u00absacrificar\u00bb eso y hacer un disco como los que encontraba cuando iba a la disquer\u00eda y me compraba discos sin conocer qu\u00e9 conten\u00edan. Todav\u00eda me acuerdo de esas disquer\u00edas, llenas de gente, que ten\u00edan unas m\u00e1quinas que le\u00edan los c\u00f3digos de barra de los \u00e1lbumes y pod\u00edas escucharlos ah\u00ed. Tambi\u00e9n de que el tipo del local te mire mal porque hace media hora est\u00e1s ah\u00ed rompiendo las bolas. Me acuerdo mucho de eso, porque ese fue mi acercamiento a la m\u00fasica como oyente.<\/p>\n<p><strong>-\u00bfCu\u00e1l era el sentimiento que persegu\u00edas a la hora de definir el concepto? \u00bfY cu\u00e1nto contribuyeron a esa b\u00fasqueda los invitados?<\/strong><br open> &#8211; Yo quer\u00eda hacer canciones que elevaran la vibra, que es lo que a m\u00ed me termin\u00f3 pasando cuando escuch\u00e9 el material terminado. Hay una b\u00fasqueda de la emoci\u00f3n que condiciona positivamente bastante a la obra del artista a la hora de escribir. Fue un trabajo conceptual bastante fino en el sentido de que no les dije a los pibes de qu\u00e9 quer\u00eda que hablaran. En algunos casos escucharon lo que ya ten\u00eda y se inspiraron con eso a nivel l\u00edrico, pero jam\u00e1s les dije de qu\u00e9 pod\u00edan hablar o no. Mi trabajo era armar un disco m\u00e1s o menos conceptual a partir del sentimiento que provocaba el &#8216;track&#8217; o el &#8216;beat&#8217; y dar libertad al cien por ciento para que se pudieran lucir siendo fieles a su estilo. Fue algo medio loco porque sin decirles nada, el disco termin\u00f3 conectado en varios puntos a nivel letras y sentimiento con lo que los artistas quisieron transmitir.<\/p>\n<figure class=\"left mb-3\"><img loading=\"lazy\" src=\"http:\/\/nuevacordoba.net\/wp-content\/uploads\/2023\/01\/los-generos-son-solo-una-capa-exterior-yo-trato-de-no-olvidarme-que-la-musica-es-arte-1.jpg\" width=\"100%\" height=\"100%\" alt=\"Foto Prensa\"><figcaption> Foto: Prensa. <\/figcaption><\/figure>\n<p><strong>-\u00bfC\u00f3mo cambia tu abordaje como productor seg\u00fan el g\u00e9nero urbano con el que te toque trabajar?<\/strong><br open> &#8211; Para m\u00ed los g\u00e9neros son s\u00f3lo la capa exterior; el c\u00f3mo se presenta. Pero en realidad para m\u00ed es lo mismo porque trato de no olvidarme que la m\u00fasica es arte. Entonces en el estudio siempre est\u00e1 la premisa de qu\u00e9 est\u00e1s contando, qu\u00e9 est\u00e1s diciendo, si est\u00e1s trayendo un mensaje o llenando un espacio. Eso es lo m\u00e1s importante para m\u00ed, es algo que me lo pregunto todo el tiempo y que hasta a veces me cuestiono. \u00ab\u00bfPor qu\u00e9 estoy haciendo esto? \u00bfTiene alg\u00fan sentido? \u00bfEs un mensaje nuevo el que traigo?\u00bb. Trato de tener esa b\u00fasqueda como artista y productor. Me gusta que tambi\u00e9n se note en la canci\u00f3n que dentro del estudio la pasamos y nos sentimos bien, porque cuando en una sesi\u00f3n no la pas\u00e1s bien se nota. Yo trato de ser sutil con los artistas; simplemente fluir y crear las condiciones para que se sientan c\u00f3modos y bien.<\/p>\n<p><strong>-\u00bfCu\u00e1l es tu mirada sobre el el momento que atraves\u00f3 la escena del trap en 2022?<\/strong><br open> -Ya pas\u00f3 con el rock: hasta que salieron Los Beatles era un movimiento m\u00e1s alternativo y underground. Los viejos miraban a sus hijos como si fueran loquitos. Despu\u00e9s aparecieron las bandas y empezaron a surgir artistas que fueron gigantes y llenaban estadios. Y eso mismo le pas\u00f3 al trap, que al igual que el rock, tampoco es un g\u00e9nero surgido ac\u00e1. Al principio, nos miraban con cara de &#8216;estos loquitos, \u00bfqu\u00e9 onda? \u00bfqu\u00e9 flashean?&#8217;, pero despu\u00e9s el g\u00e9nero se fue adaptando bastante a nuestra manera de hablar y a lo que somos. El hip-hop ya hab\u00eda asentado una base donde crecer. Es por eso que es una terrible estupidez la pelea entre rap y trap, porque toda la m\u00fasica se va allanando el camino a s\u00ed misma a nivel g\u00e9neros. Lo bueno y lo sano es reconocer que el rock de alg\u00fan modo le allan\u00f3 el camino al trap, como en su momento el rhythm &amp; blues lo hizo con el rock &amp; roll. As\u00ed es la historia del arte y de la m\u00fasica. Aunque es cierto que a la hora de hacer m\u00fasica trato de no pensar en nada; eso queda en el subconsciente y ya. Soy consciente s\u00ed de que para m\u00ed el arte tiene que reflejar la era en la que fue hecho.<\/p>\n<blockquote class><p>\u00abHay una realidad: las canciones no tienen el mismo alcance cuando las sac\u00e1s adentro de un disco, pero decid\u00ed &#8216;sacrificar&#8217; eso y hacer un disco como los que encontraba cuando iba a la disquer\u00eda y me compraba discos sin conocer qu\u00e9 conten\u00edan\u00bb<\/p><\/blockquote>\n<p><strong>-\u00bfC\u00f3mo es trabajar para un artista y compartir ese rol con otros productores al mismo tiempo? \u00bfC\u00f3mo te result\u00f3 la experiencia?<\/strong><br open> -El a\u00f1o pasado fui a Miami por primera vez y conoc\u00ed mucho sobre c\u00f3mo se trabaja all\u00e1. Agarr\u00e9 muchas ideas, sobre todo con respecto a trabajar con compositores. Es algo que me encanta, es como a m\u00ed me gustar\u00eda trabajar ac\u00e1. De a poco lo estoy empezando a implementar: llamar a compositores para la sesi\u00f3n, sumar a otros productores me parece que enriquece y hace que salgan cosas mejores. All\u00e1 estuve en un lugar que era toda una manzana, con diez estudios de grabaci\u00f3n, canchas de b\u00e1squet y hasta una imprenta para hacer merchandising. Era todo una locura: de repente te met\u00e9s en una sesi\u00f3n con un artista y de golpe entra un compositor, te escucha y te tira data. Es un poco lo que pasa sin querer ac\u00e1, pero mucho m\u00e1s profesionalizado. Hay compositores que est\u00e1n toda la jornada laboral ah\u00ed y van aportando a cada cosa que pasa dentro del lugar. <\/p>\n","protected":false},"excerpt":{"rendered":"<p>Foto: Prensa. El productor musical Marlku asegura que los \u00abg\u00e9neros son solamente una capa exterior\u00bb y que \u00abel arte debe reflejar la era en la que fue hecha\u00bb, al conversar sobre \u00ab555\u00bb, su \u00e1lbum debut, donde referentes y nuevos talentos del trap argentino y espa\u00f1ol como Rei, Bhavi, Asan, Dani Ribba, Bon Calso y Le\u00efti [&hellip;]<\/p>\n","protected":false},"author":1,"featured_media":28523,"comment_status":"closed","ping_status":"closed","sticky":false,"template":"","format":"standard","meta":[],"categories":[9],"tags":[],"_links":{"self":[{"href":"http:\/\/nuevacordoba.net\/index.php\/wp-json\/wp\/v2\/posts\/28522"}],"collection":[{"href":"http:\/\/nuevacordoba.net\/index.php\/wp-json\/wp\/v2\/posts"}],"about":[{"href":"http:\/\/nuevacordoba.net\/index.php\/wp-json\/wp\/v2\/types\/post"}],"author":[{"embeddable":true,"href":"http:\/\/nuevacordoba.net\/index.php\/wp-json\/wp\/v2\/users\/1"}],"replies":[{"embeddable":true,"href":"http:\/\/nuevacordoba.net\/index.php\/wp-json\/wp\/v2\/comments?post=28522"}],"version-history":[{"count":0,"href":"http:\/\/nuevacordoba.net\/index.php\/wp-json\/wp\/v2\/posts\/28522\/revisions"}],"wp:featuredmedia":[{"embeddable":true,"href":"http:\/\/nuevacordoba.net\/index.php\/wp-json\/wp\/v2\/media\/28523"}],"wp:attachment":[{"href":"http:\/\/nuevacordoba.net\/index.php\/wp-json\/wp\/v2\/media?parent=28522"}],"wp:term":[{"taxonomy":"category","embeddable":true,"href":"http:\/\/nuevacordoba.net\/index.php\/wp-json\/wp\/v2\/categories?post=28522"},{"taxonomy":"post_tag","embeddable":true,"href":"http:\/\/nuevacordoba.net\/index.php\/wp-json\/wp\/v2\/tags?post=28522"}],"curies":[{"name":"wp","href":"https:\/\/api.w.org\/{rel}","templated":true}]}}