{"id":28524,"date":"2023-01-20T11:42:27","date_gmt":"2023-01-20T11:42:27","guid":{"rendered":"https:\/\/www.cordoba.gob.ar\/?p=38532"},"modified":"2023-01-20T11:42:27","modified_gmt":"2023-01-20T11:42:27","slug":"transporte-desde-la-app-tu-bondi-podes-saber-los-nuevos-recorridos-de-las-lineas-que-transitaban-por-bulevar-illia","status":"publish","type":"post","link":"http:\/\/nuevacordoba.net\/index.php\/2023\/01\/20\/transporte-desde-la-app-tu-bondi-podes-saber-los-nuevos-recorridos-de-las-lineas-que-transitaban-por-bulevar-illia\/","title":{"rendered":"Transporte: desde la app Tu Bondi pod\u00e9s saber los nuevos recorridos de las l\u00edneas que transitaban por bulevar Illia"},"content":{"rendered":"<div><img src=\"http:\/\/nuevacordoba.net\/wp-content\/uploads\/2023\/01\/transporte-desde-la-app-tu-bondi-podes-saber-los-nuevos-recorridos-de-las-lineas-que-transitaban-por-bulevar-illia.jpg\" class=\"ff-og-image-inserted\"><\/div>\n<hr>\n<p>La secretaria de Transporte recuerda que los usuarios de la app Tu Bondi pueden revisar la nueva ubicaci\u00f3n de las paradas de las l\u00edneas del transporte urbano de pasajeros que debieron modificar sus recorridos por las obras viales que se ejecutan en bulevar San Juan, a la altura del Mercado Sud.<\/p>\n<p><strong>DESV\u00cdOS DE COLECTIVOS:<\/strong><\/p>\n<p><strong>Hacia el Patio Olmos:<\/strong><\/p>\n<p>\u2022 Las l\u00edneas 32, 54, 80, 81, 82 y 84 de TAMSE; las l\u00edneas 10, 11, 13, 14, 16, 18, 19 y 67 de Confieral; las l\u00edneas 20, 22, 23, 24, 25, 26, 27, 28, 29, 43, 45, 71 y 73 de Ersa; y el Aerobus: contin\u00faan su recorrido por el carril izquierdo de Bv. Arturo Illia, cruzan el cantero central en Obispo Trejo, avanzan por Bv. San Juan y transitan su ruta habitual.<\/p>\n<p><strong>Hacia la Terminal:<\/strong><\/p>\n<p>\u2022 Las l\u00edneas 54 y 82 de Tamse; las l\u00edneas 10, 11, 12, 14 y 17 de Coniferal; las l\u00edneas 26 y 43 de Ersa; y Aerobus: contin\u00faan por Av. Hip\u00f3lito Yrigoyen, luego Obispo Oro, carril derecho de Bv. Chacabuco, Bv. Arturo Illia y transitan su ruta habitual.<\/p>\n<p>De esta manera, se establecen nuevas paradas de la empresa Coniferal y TAMSE en Av. Hip\u00f3lito Yrigoyen entre Bv. San Juan y Montevideo.<\/p>\n<p>Cabe recordar que desde ayer se desarrollan obras de nivelaci\u00f3n de calle en el marco de la puesta en valor y remodelaci\u00f3n del Mercado Sud.<\/p>\n<p>La presencia permanente de Polic\u00eda de Tr\u00e1nsito y la disposici\u00f3n de nueva se\u00f1al\u00e9tica vertical en el sector son fundamentales para orientar a los automovilistas que por all\u00ed circulan.<\/p>\n<p>El corte se realiza sin interferir los cruces de las calles Ituzaing\u00f3, Buenos Aires e Independencia.<\/p>\n<p>La nueva disposici\u00f3n asigna a la calzada sur sentido de circulaci\u00f3n hacia el Patio Olmos. Los veh\u00edculos solo deber\u00e1n cambiar de carril en la intersecci\u00f3n con Bv. Chacabuco para dirigirse hacia la zona oeste.<\/p>\n<p>Hacia la Terminal, los particulares deber\u00e1n continuar por Av. Hip\u00f3lito Yrigoyen, luego Montevideo y retomar Bv. Arturo Illia por Bv. Chacabuco. El transporte de pasajeros realiza el mismo recorrido por la calle Obispo Oro.<\/p>\n<p>Quienes residan en la calzada norte del bulevar, entre Obispo Trejo y Buenos Aires, y entre Ituzaing\u00f3 y Bv. Chacabuco, pueden acceder y aparcar en sus domicilios.<\/p>\n<p>Finalmente, la calle Obispo Trejo es mano hacia el sur entre el Bv. Illia y Montevideo.<\/p>\n","protected":false},"excerpt":{"rendered":"<p>La secretaria de Transporte recuerda que los usuarios de la app Tu Bondi pueden revisar la nueva ubicaci\u00f3n de las paradas de las l\u00edneas del transporte urbano de pasajeros que debieron modificar sus recorridos por las obras viales que se ejecutan en bulevar San Juan, a la altura del Mercado Sud. DESV\u00cdOS DE COLECTIVOS: Hacia [&hellip;]<\/p>\n","protected":false},"author":1,"featured_media":28525,"comment_status":"closed","ping_status":"closed","sticky":false,"template":"","format":"standard","meta":[],"categories":[14],"tags":[],"_links":{"self":[{"href":"http:\/\/nuevacordoba.net\/index.php\/wp-json\/wp\/v2\/posts\/28524"}],"collection":[{"href":"http:\/\/nuevacordoba.net\/index.php\/wp-json\/wp\/v2\/posts"}],"about":[{"href":"http:\/\/nuevacordoba.net\/index.php\/wp-json\/wp\/v2\/types\/post"}],"author":[{"embeddable":true,"href":"http:\/\/nuevacordoba.net\/index.php\/wp-json\/wp\/v2\/users\/1"}],"replies":[{"embeddable":true,"href":"http:\/\/nuevacordoba.net\/index.php\/wp-json\/wp\/v2\/comments?post=28524"}],"version-history":[{"count":0,"href":"http:\/\/nuevacordoba.net\/index.php\/wp-json\/wp\/v2\/posts\/28524\/revisions"}],"wp:featuredmedia":[{"embeddable":true,"href":"http:\/\/nuevacordoba.net\/index.php\/wp-json\/wp\/v2\/media\/28525"}],"wp:attachment":[{"href":"http:\/\/nuevacordoba.net\/index.php\/wp-json\/wp\/v2\/media?parent=28524"}],"wp:term":[{"taxonomy":"category","embeddable":true,"href":"http:\/\/nuevacordoba.net\/index.php\/wp-json\/wp\/v2\/categories?post=28524"},{"taxonomy":"post_tag","embeddable":true,"href":"http:\/\/nuevacordoba.net\/index.php\/wp-json\/wp\/v2\/tags?post=28524"}],"curies":[{"name":"wp","href":"https:\/\/api.w.org\/{rel}","templated":true}]}}