{"id":28530,"date":"2023-01-20T15:24:06","date_gmt":"2023-01-20T15:24:06","guid":{"rendered":"http:\/\/cordobanewsnet.wordpress.com\/?p=7622"},"modified":"2023-01-20T15:24:06","modified_gmt":"2023-01-20T15:24:06","slug":"nueve-provincias-estan-bajo-alerta-por-tormentas","status":"publish","type":"post","link":"http:\/\/nuevacordoba.net\/index.php\/2023\/01\/20\/nueve-provincias-estan-bajo-alerta-por-tormentas\/","title":{"rendered":"Nueve provincias est\u00e1n bajo alerta por tormentas"},"content":{"rendered":"<p><strong>Nueve provincias y la ciudad de Buenos Aires<\/strong>&nbsp;se encontraban esta ma\u00f1ana de viernes bajo&nbsp;<strong>alertas naranja y amarilla<\/strong>&nbsp;por&nbsp;tormentas, con una precipitaci\u00f3n acumulada prevista entre 30 y 60 mil\u00edmetros, fuertes r\u00e1fagas y granizo en algunas localidades, inform\u00f3 el&nbsp;Servicio Meteorol\u00f3gico Nacional&nbsp;(SMN).<\/p>\n<p>Seg\u00fan precis\u00f3 el organismo, la provincia y ciudad de Buenos Aires ser\u00e1n afectadas por tormentas de variada intensidad, algunas de las cuales podr\u00e1n ser \u00abfuertes o severas\u00bb.<\/p>\n<p>La ciudad de Buenos Aires, La Plata y localidades del este y sur bonaerense se encuentran&nbsp;<strong>bajo alerta amarilla<\/strong>, mientras que los departamentos del centro y oeste de la provincia est\u00e1n&nbsp;<strong>bajo alerta naranja<\/strong>.<\/p>\n<h2 class=\"wp-block-heading\"><\/h2>\n<p>El organismo indic\u00f3 que en las localidades donde rige la alerta naranja se prev\u00e9n valores de precipitaci\u00f3n acumulada entre 30 y 60 mil\u00edmetros, que pueden ser superados \u00abde forma localizada\u201d.<\/p>\n<p>La misma advertencia rige para el este de las provincias de&nbsp;<strong>Chubut y R\u00edo Negro<\/strong>, que esperan fuertes lluvias durante la tarde y la noche.<\/p>\n<p>Seg\u00fan el reporte diario del SMN, gran parte de&nbsp;<strong>C\u00f3rdoba est\u00e1 bajo alerta amarilla<\/strong>, mientras que en algunas localidades del este provincial se esperan tormentas de mayor intensidad.<\/p>\n<p>El alerta naranja rige tambi\u00e9n para el&nbsp;<strong>norte de La Pampa y sur de Santa Fe<\/strong>, mientras que en otros departamentos de ambas provincias hay alerta amarilla por tormentas.<\/p>\n<figure class=\"wp-block-image size-large\"><img data-attachment-id=\"7548\" data-permalink=\"https:\/\/cordobanewsnet.wordpress.com\/2022\/12\/31\/el-2022-se-despide-con-lluvias-como-estara-el-clima-esta-semana\/74f87983-308a-46db-9350-792b89b7428a\/\" data-orig-file=\"http:\/\/nuevacordoba.net\/wp-content\/uploads\/2023\/01\/nueve-provincias-estan-bajo-alerta-por-tormentas-1.jpg\" data-orig-size=\"650,411\" data-comments-opened=\"1\" data-image-meta=\"{&quot;aperture&quot;:&quot;0&quot;,&quot;credit&quot;:&quot;&quot;,&quot;camera&quot;:&quot;&quot;,&quot;caption&quot;:&quot;&quot;,&quot;created_timestamp&quot;:&quot;1639509175&quot;,&quot;copyright&quot;:&quot;&quot;,&quot;focal_length&quot;:&quot;0&quot;,&quot;iso&quot;:&quot;0&quot;,&quot;shutter_speed&quot;:&quot;0&quot;,&quot;title&quot;:&quot;&quot;,&quot;orientation&quot;:&quot;1&quot;}\" data-image-title=\"74F87983-308A-46DB-9350-792B89B7428A\" data-image-description data-image-caption data-medium-file=\"http:\/\/nuevacordoba.net\/wp-content\/uploads\/2023\/01\/nueve-provincias-estan-bajo-alerta-por-tormentas-1.jpg?w=300\" data-large-file=\"http:\/\/nuevacordoba.net\/wp-content\/uploads\/2023\/01\/nueve-provincias-estan-bajo-alerta-por-tormentas.jpg\" src=\"http:\/\/nuevacordoba.net\/wp-content\/uploads\/2023\/01\/nueve-provincias-estan-bajo-alerta-por-tormentas.jpg\" alt class=\"wp-image-7548\" srcset=\"http:\/\/nuevacordoba.net\/wp-content\/uploads\/2023\/01\/nueve-provincias-estan-bajo-alerta-por-tormentas-1.jpg 650w, http:\/\/nuevacordoba.net\/wp-content\/uploads\/2023\/01\/nueve-provincias-estan-bajo-alerta-por-tormentas-1.jpg?w=150 150w, http:\/\/nuevacordoba.net\/wp-content\/uploads\/2023\/01\/nueve-provincias-estan-bajo-alerta-por-tormentas-1.jpg?w=300 300w\" sizes=\"(max-width: 650px) 100vw, 650px\"><\/figure>\n<h2 class=\"wp-block-heading\"><\/h2>\n<p>En tanto, en las provincias de&nbsp;<strong>Entre R\u00edos, San Luis y La Rioja<\/strong>&nbsp;-bajo advertencia amarilla- se espera una precipitaci\u00f3n acumulada entre 20 y 45 mil\u00edmetros, indic\u00f3 el organismo.<\/p>\n<p>Las tormentas en estas localidades del centro y sur del pa\u00eds \u00abpodr\u00e1n estar acompa\u00f1adas de intensas r\u00e1fagas, ocasional ca\u00edda de granizo,&nbsp;<strong>fuerte actividad el\u00e9ctrica<\/strong>&nbsp;y abundante ca\u00edda de agua en cortos per\u00edodos\u00bb.<\/p>\n<p>Asimismo, el SMN recomend\u00f3 para las zonas afectadas no sacar la basura ni objetos que impidan que el agua escurra, evitar actividades al aire libre, no refugiarse cerca de \u00e1rboles y postes de electricidad que puedan caerse y no permanecer en playas, r\u00edos, lagunas o piletas.<\/p>\n<div class=\"wordads-ad-wrapper\">\n<div class=\"wordads-ad\">\n<p>Anuncio publicitario<\/p>\n<p><span onclick=\"javascript:__tcfapi( 'showUi' );\">Ajustes de privacidad<\/span><\/p>\n<\/p><\/div><\/div>\n<div id=\"jp-post-flair\" class=\"sharedaddy sd-like-enabled sd-sharing-enabled\">\n<div class=\"sharedaddy sd-sharing-enabled\">\n<div class=\"robots-nocontent sd-block sd-social sd-social-icon-text sd-sharing\">\n<h3 class=\"sd-title\">Share this:<\/h3>\n<\/div>\n<\/div>\n<div class=\"sharedaddy sd-block sd-like jetpack-likes-widget-wrapper jetpack-likes-widget-unloaded\" id=\"like-post-wrapper-143108178-7622-63caf8a53a0d3\" data-src=\"\/\/widgets.wp.com\/likes\/index.html?ver=20220105#blog_id=143108178&amp;post_id=7622&amp;origin=cordobanewsnet.wordpress.com&amp;obj_id=143108178-7622-63caf8a53a0d3\" data-name=\"like-post-frame-143108178-7622-63caf8a53a0d3\" data-title=\"Me gusta o Compartir\">\n<h3 class=\"sd-title\">Me gusta esto:<\/h3>\n<p><span class=\"button\"><span>Me gusta<\/span><\/span> <span class=\"loading\">Cargando&#8230;<\/span><\/p>\n<p><span class=\"sd-text-color\"><\/span><\/div>\n<p><h3 class=\"jp-relatedposts-headline\"><em>Relacionado<\/em><\/h3>\n<\/p>\n<\/div>\n","protected":false},"excerpt":{"rendered":"<p>Nueve provincias y la ciudad de Buenos Aires&nbsp;se encontraban esta ma\u00f1ana de viernes bajo&nbsp;alertas naranja y amarilla&nbsp;por&nbsp;tormentas, con una precipitaci\u00f3n acumulada prevista entre 30 y 60 mil\u00edmetros, fuertes r\u00e1fagas y granizo en algunas localidades, inform\u00f3 el&nbsp;Servicio Meteorol\u00f3gico Nacional&nbsp;(SMN). Seg\u00fan precis\u00f3 el organismo, la provincia y ciudad de Buenos Aires ser\u00e1n afectadas por tormentas de variada [&hellip;]<\/p>\n","protected":false},"author":1,"featured_media":28531,"comment_status":"closed","ping_status":"closed","sticky":false,"template":"","format":"standard","meta":[],"categories":[14],"tags":[],"_links":{"self":[{"href":"http:\/\/nuevacordoba.net\/index.php\/wp-json\/wp\/v2\/posts\/28530"}],"collection":[{"href":"http:\/\/nuevacordoba.net\/index.php\/wp-json\/wp\/v2\/posts"}],"about":[{"href":"http:\/\/nuevacordoba.net\/index.php\/wp-json\/wp\/v2\/types\/post"}],"author":[{"embeddable":true,"href":"http:\/\/nuevacordoba.net\/index.php\/wp-json\/wp\/v2\/users\/1"}],"replies":[{"embeddable":true,"href":"http:\/\/nuevacordoba.net\/index.php\/wp-json\/wp\/v2\/comments?post=28530"}],"version-history":[{"count":0,"href":"http:\/\/nuevacordoba.net\/index.php\/wp-json\/wp\/v2\/posts\/28530\/revisions"}],"wp:featuredmedia":[{"embeddable":true,"href":"http:\/\/nuevacordoba.net\/index.php\/wp-json\/wp\/v2\/media\/28531"}],"wp:attachment":[{"href":"http:\/\/nuevacordoba.net\/index.php\/wp-json\/wp\/v2\/media?parent=28530"}],"wp:term":[{"taxonomy":"category","embeddable":true,"href":"http:\/\/nuevacordoba.net\/index.php\/wp-json\/wp\/v2\/categories?post=28530"},{"taxonomy":"post_tag","embeddable":true,"href":"http:\/\/nuevacordoba.net\/index.php\/wp-json\/wp\/v2\/tags?post=28530"}],"curies":[{"name":"wp","href":"https:\/\/api.w.org\/{rel}","templated":true}]}}