{"id":28566,"date":"2023-01-21T22:05:12","date_gmt":"2023-01-21T22:05:12","guid":{"rendered":"http:\/\/nuevacordoba.net\/index.php\/2023\/01\/21\/decenas-de-miles-de-franceses-protestaron-contra-la-reforma-jubilatoria-de-macron\/"},"modified":"2023-01-21T22:05:12","modified_gmt":"2023-01-21T22:05:12","slug":"decenas-de-miles-de-franceses-protestaron-contra-la-reforma-jubilatoria-de-macron","status":"publish","type":"post","link":"http:\/\/nuevacordoba.net\/index.php\/2023\/01\/21\/decenas-de-miles-de-franceses-protestaron-contra-la-reforma-jubilatoria-de-macron\/","title":{"rendered":"Decenas de miles de franceses protestaron contra la reforma jubilatoria de Macron"},"content":{"rendered":"<figure class=\"mb-3\"><img loading=\"lazy\" src=\"http:\/\/nuevacordoba.net\/wp-content\/uploads\/2023\/01\/decenas-de-miles-de-franceses-protestaron-contra-la-reforma-jubilatoria-de-macron.jpg\" width=\"100%\" height=\"100%\" alt=\"Este sbado las calles parisinas se llenaron de pacficos manifestantes Foto AFP\"><figcaption> Este s\u00e1bado las calles parisinas se llenaron de pac\u00edficos manifestantes \/ Foto: AFP. <\/figcaption><\/figure>\n<p>Decenas de miles de manifestantes protestaron este s\u00e1bado en Par\u00eds en una nueva marcha contra la reforma previsional impulsada por el Gobierno de Emmanuel Macron, que <strong>incluye una suba de la edad jubilatoria.<\/strong><\/p>\n<p>Al grito de \u00abResistencia\u00bb y \u00abEstamos ac\u00e1, aunque Macron no lo quiera\u00bb, miles de personas desfilaron en la tarde de este s\u00e1bado por las calles parisinas para participar de la protesta, convocada por una decena de asociaciones juveniles y el partido de izquierda La Francia Insumisa (LFI).<\/p>\n<p>\u00ab150.000 personas se han reunido para la Marcha del 21 de enero en Par\u00eds. Felicitaciones a las organizaciones juveniles por haber sabido movilizar tan ampliamente #PorNuestrasPensiones. \u00a1Seguimos!\u00bb, tuite\u00f3 el <strong>lider de LFI, Jean-Luc M\u00e9lenchon<\/strong>.<\/p>\n<blockquote class=\"twitter-tweet\" readability=\"8.7272727272727\">\n<p lang=\"fr\" dir=\"ltr\">\ud83d\udcf8 Bravo \u00e0 toutes et tous pour cette incroyable d\u00e9monstration de force \u00e0 l&#8217;initiative des organisations de jeunesse. <a href=\"https:\/\/twitter.com\/hashtag\/Marche21Janvier?src=hash&amp;ref_src=twsrc%5Etfw\">#Marche21Janvier<\/a><\/p>\n<p>Nous les emp\u00eacherons jusqu&#8217;au bout de tout transformer en marchandise.<\/p>\n<p>Vive la vie, \u00e0 bas la mort ! Nous ne l\u00e2cherons rien <a href=\"https:\/\/twitter.com\/hashtag\/PourNosRetraites?src=hash&amp;ref_src=twsrc%5Etfw\">#PourNosRetraites<\/a>. <a href=\"https:\/\/t.co\/TA8GKXk7FU\">pic.twitter.com\/TA8GKXk7FU<\/a><\/p>\n<p>\u2014 Jean-Luc M\u00e9lenchon (@JLMelenchon) <a href=\"https:\/\/twitter.com\/JLMelenchon\/status\/1616853167551172609?ref_src=twsrc%5Etfw\">January 21, 2023<\/a><\/p><\/blockquote>\n<p>Tambi\u00e9n el <strong>presidente del sindicato La Voz de los Institutos, Colin Champion<\/strong>, reprodujo esta misma cifra y destac\u00f3 el \u00abgran \u00e9xito\u00bb de la convocatoria.<\/p>\n<p>Sin embargo, la consultora Occurence estim\u00f3 que hubo unos 14.000 participantes, mientras que una fuente policial se\u00f1al\u00f3 unos 12.000 asistentes, seg\u00fan inform\u00f3 la cadena Bfmtv.<\/p>\n<blockquote class=\"twitter-tweet\" readability=\"7.4098360655738\">\n<p lang=\"fr\" dir=\"ltr\">Nous sommes 150 000.<br \/>La <a href=\"https:\/\/twitter.com\/hashtag\/Marche21Janvier?src=hash&amp;ref_src=twsrc%5Etfw\">#Marche21Janvier<\/a> est une immense r\u00e9ussite. Grand moment de force et d&#8217;espoir pour les lyc\u00e9ennes, lyc\u00e9ens et jeunes dans la mobilisation contre la <a href=\"https:\/\/twitter.com\/hashtag\/ReformesDesRetraites?src=hash&amp;ref_src=twsrc%5Etfw\">#ReformesDesRetraites<\/a>.<\/p>\n<p>Le 31 janvier, on les fera plier ! <a href=\"https:\/\/t.co\/R3g9I2taQn\">pic.twitter.com\/R3g9I2taQn<\/a><\/p>\n<p>\u2014 Colin Champion (@ColChampion) <a href=\"https:\/\/twitter.com\/ColChampion\/status\/1616816893507125248?ref_src=twsrc%5Etfw\">January 21, 2023<\/a><\/p><\/blockquote>\n<p>En este caso, la fuerza policial no brindar\u00e1 cifras oficiales, ya que por norma no lo hacen cuando la convocatoria es de un partido pol\u00edtico.<\/p>\n<p>Esta participaci\u00f3n contrasta con la <a href=\"https:\/\/www.telam.com.ar\/notas\/202301\/617700-francia-huelga-manifestaciones-reforma-jubilatoria.html\" target=\"_blank\" rel=\"noopener\">manifestaci\u00f3n del pasado jueves<\/a>, organizada por todos los sindicatos del pa\u00eds, que se hizo sentir en toda Francia, al reunir a m\u00e1s de 2 millones de personas, seg\u00fan los gremios, y a 1,12 millones, seg\u00fan el Ministerio del Interio. Solo en Par\u00eds se manifestaron 80.000 personas.<\/p>\n<figure class=\"mb-3\"><img loading=\"lazy\" src=\"http:\/\/nuevacordoba.net\/wp-content\/uploads\/2023\/01\/decenas-de-miles-de-franceses-protestaron-contra-la-reforma-jubilatoria-de-macron-1.jpg\" width=\"100%\" height=\"100%\" alt=\"Imagen de la manifestacin del jueves reuni a ms de 2 millones de personas Foto Archivo AFP\"><figcaption> Imagen de la manifestaci\u00f3n del jueves reuni\u00f3 a m\u00e1s de 2 millones de personas \/ Foto: Archivo AFP. <\/figcaption><\/figure>\n<p>La protesta de este s\u00e1bado se desarroll\u00f3 en un ambiente tranquilo, si bien hubo algunos choques con la polic\u00eda, que detuvo a seis personas por porte ilegal de armas, report\u00f3 el diario Le Parisien.<\/p>\n<p>M\u00e9lenchon tom\u00f3 la palabra al final de la marcha para cargar contra Macron y su reforma: \u00abTransformaron en mercanc\u00eda lo que antes era amor desinteresado, abnegaci\u00f3n, construcci\u00f3n humana de generaci\u00f3n en generaci\u00f3n. \u00a1Esto es lo que quiere hacer, se\u00f1or Macron, maldito sea!\u00bb.<\/p>\n<p><strong>\u00abQuieren convertir toda nuestra existencia en una mercanc\u00eda como lo han hecho con la salud, como lo est\u00e1n haciendo con la educaci\u00f3n a costa de esta monstruosa groser\u00eda llamada Parcoursup. \u00a1Abajo el Parcoursup!\u00bb<\/strong>, agreg\u00f3, en referencia a la aplicaci\u00f3n para solicitar acceso a la universidad que pretende, seg\u00fan el Gobierno, fomentar la meritocracia.<\/p>\n<figure class=\"mb-3\"><img loading=\"lazy\" src=\"http:\/\/nuevacordoba.net\/wp-content\/uploads\/2023\/01\/decenas-de-miles-de-franceses-protestaron-contra-la-reforma-jubilatoria-de-macron-2.jpg\" width=\"100%\" height=\"100%\" alt=\"Pars este sbado de manifestacin Foto AFP\"><figcaption> Par\u00eds este s\u00e1bado de manifestaci\u00f3n \/ Foto: AFP. <\/figcaption><\/figure>\n<p>El l\u00edder de izquierda inst\u00f3 a los j\u00f3venes a defender los derechos de los trabajadores y de los jubilados en una misma lucha.<\/p>\n<p>\u00ab\u00a1Viva la vida! \u00a1Abajo la muerte!\u00bb, concluy\u00f3, citado por la agencia de noticias Europa Press.<\/p>\n<h2 class>Sobre la reforma jubilatoria de Macron<\/h2>\n<p>El Gobierno franc\u00e9s propuso retrasar la edad de jubilaci\u00f3n dos a\u00f1os, de los 62 a los 64, debido a la imposibilidad de financiamiento del actual sistema de pensiones.<\/p>\n<p>El Ejecutivo de Macron tambi\u00e9n tiene el objetivo de aumentar el n\u00famero de a\u00f1os necesarios cotizados para percibir una pensi\u00f3n completa, suprimir varios reg\u00edmenes individuales con privilegios destinados a determinados grupos y elevar la pensi\u00f3n m\u00ednima anual a 1.200 euros. <\/p>\n","protected":false},"excerpt":{"rendered":"<p>Este s\u00e1bado las calles parisinas se llenaron de pac\u00edficos manifestantes \/ Foto: AFP. Decenas de miles de manifestantes protestaron este s\u00e1bado en Par\u00eds en una nueva marcha contra la reforma previsional impulsada por el Gobierno de Emmanuel Macron, que incluye una suba de la edad jubilatoria. Al grito de \u00abResistencia\u00bb y \u00abEstamos ac\u00e1, aunque Macron [&hellip;]<\/p>\n","protected":false},"author":1,"featured_media":28567,"comment_status":"closed","ping_status":"closed","sticky":false,"template":"","format":"standard","meta":[],"categories":[13],"tags":[],"_links":{"self":[{"href":"http:\/\/nuevacordoba.net\/index.php\/wp-json\/wp\/v2\/posts\/28566"}],"collection":[{"href":"http:\/\/nuevacordoba.net\/index.php\/wp-json\/wp\/v2\/posts"}],"about":[{"href":"http:\/\/nuevacordoba.net\/index.php\/wp-json\/wp\/v2\/types\/post"}],"author":[{"embeddable":true,"href":"http:\/\/nuevacordoba.net\/index.php\/wp-json\/wp\/v2\/users\/1"}],"replies":[{"embeddable":true,"href":"http:\/\/nuevacordoba.net\/index.php\/wp-json\/wp\/v2\/comments?post=28566"}],"version-history":[{"count":0,"href":"http:\/\/nuevacordoba.net\/index.php\/wp-json\/wp\/v2\/posts\/28566\/revisions"}],"wp:featuredmedia":[{"embeddable":true,"href":"http:\/\/nuevacordoba.net\/index.php\/wp-json\/wp\/v2\/media\/28567"}],"wp:attachment":[{"href":"http:\/\/nuevacordoba.net\/index.php\/wp-json\/wp\/v2\/media?parent=28566"}],"wp:term":[{"taxonomy":"category","embeddable":true,"href":"http:\/\/nuevacordoba.net\/index.php\/wp-json\/wp\/v2\/categories?post=28566"},{"taxonomy":"post_tag","embeddable":true,"href":"http:\/\/nuevacordoba.net\/index.php\/wp-json\/wp\/v2\/tags?post=28566"}],"curies":[{"name":"wp","href":"https:\/\/api.w.org\/{rel}","templated":true}]}}