{"id":2857,"date":"2021-04-05T04:59:34","date_gmt":"2021-04-05T04:59:34","guid":{"rendered":"http:\/\/nuevacordoba.net\/index.php\/2021\/04\/05\/los-envios-de-la-nacion-crecieron-237-puntos-arriba-de-la-inflacion\/"},"modified":"2021-04-05T04:59:34","modified_gmt":"2021-04-05T04:59:34","slug":"los-envios-de-la-nacion-crecieron-237-puntos-arriba-de-la-inflacion","status":"publish","type":"post","link":"http:\/\/nuevacordoba.net\/index.php\/2021\/04\/05\/los-envios-de-la-nacion-crecieron-237-puntos-arriba-de-la-inflacion\/","title":{"rendered":"Los env\u00edos de la Naci\u00f3n crecieron 23,7 puntos arriba de la inflaci\u00f3n"},"content":{"rendered":"<div><img src=\"http:\/\/nuevacordoba.net\/wp-content\/uploads\/2021\/04\/los-envios-de-la-nacion-crecieron-237-puntos-arriba-de-la-inflacion.jpg\" class=\"ff-og-image-inserted\"><\/div>\n<p>El mes de marzo fue extraordinario en materia de transferencias nacionales en concepto de coparticipaci\u00f3n de impuestos: 81 por ciento m\u00e1s.&nbsp;<\/p>\n<p>El fen\u00f3meno, si bien tiene relaci\u00f3n con una mejora real en t\u00e9rminos de recaudaci\u00f3n de IVA y Ganancias, se vincula esencialmente con el hecho de que se compara con marzo de 2020, el mes que ser\u00e1 recordado como el inicio de la cuarentena.<\/p>\n<p>En efecto, el 19 de marzo del a\u00f1o pasado, el presidente Alberto Fern\u00e1ndez anunciaba el comienzo del aislamiento para amortiguar el impacto de la llegada de la pandemia de coronavirus, medida ayud\u00f3 a preparar el sistema de salud, pero que hundi\u00f3 la actividad econ\u00f3mica a niveles r\u00e9cord.<\/p>\n<p>Sin actividad, casi no hubo recaudaci\u00f3n, y como consecuencia, la coparticipaci\u00f3n de tributos y fondos hacia las provincias tambi\u00e9n cay\u00f3 dr\u00e1sticamente.<\/p>\n<div class=\"block-ad-node\">\n<div>\n<p> <span>Publicidad<\/span> <\/p>\n<\/div>\n<\/div>\n<p>Alcanza un s\u00f3lo dato para recordar aquel derrumbe: en el trimestre conformado por marzo, abril y mayo del a\u00f1o pasado la recaudaci\u00f3n total real de la Provincia cay\u00f3 18, 33 y 31 por ciento, respectivamente.<\/p>\n<p>Volviendo a los n\u00fameros actuales, los ingresos en concepto de env\u00edos desde la Naci\u00f3n en marzo de 2021 totalizaron 19.872 millones de pesos, un 81,2 por ciento m\u00e1s que en el mismo mes de 2020, cuando hab\u00edan ingresado a las arcas del Panal 10.964 millones.<\/p>\n<p>Estimando una inflaci\u00f3n del 3,5 por ciento para marzo y una suba interanual de los precios promedio del orden del 39 por ciento, se puede calcular una mejora real del mes pasado de 42,2 puntos porcentuales.<\/p>\n<p>Los datos se desprenden del registro de distribuci\u00f3n de recursos de origen nacional a la provincias, confeccionado y publicado por la Direcci\u00f3n Nacional de Asuntos Provinciales del Ministerio de Econom\u00eda de la Naci\u00f3n.<\/p>\n<div class=\"block-ad-node\">\n<div>\n<p> <span>Publicidad<\/span> <\/p>\n<\/div>\n<\/div>\n<p class=\"SubTitulo\">Buen trimestre&nbsp;<\/p>\n<p>En lo que va del a\u00f1o, se transfirieron desde la Naci\u00f3n 58.907,3 millones de pesos, un 61,3 por ciento m\u00e1s que los 36.520,7 millones del mismo periodo de 2020.<\/p>\n<p>Teniendo en cuenta una inflaci\u00f3n interanual promedio estimada en 37,5 por ciento en los primeros tres meses del a\u00f1o, la suba en lo que va de 2021 es de 23,7 puntos porcentuales real.<\/p>\n<div class=\"block-ad-node\">\n<div>\n<p> <span>Publicidad<\/span> <\/p>\n<\/div>\n<\/div>\n<p>Si bien la suba de marzo se produjo por el \u201cefecto cuarentena\u201d en la comparaci\u00f3n, los meses previos, enero y febrero, ya hab\u00edan sido positivos en materia de redistribuci\u00f3n de tributos y fondos nacionales hacia C\u00f3rdoba. En ambos periodos, se produjo un incremento real del 12 por ciento.<\/p>\n<p>La mejora se viene encadenando desde agosto del a\u00f1o pasado, cuando la actividad empez\u00f3 a despertarse tras la etapa m\u00e1s cerrada del aislamiento. Hubo dos picos, en octubre y en diciembre, con avances del 20 y el 22 por ciento interanual, respectivamente.<\/p>\n<p>Los n\u00fameros de marzo eran previsibles, dicen en el Panal, ya que la base de comparaci\u00f3n es tan magra que no se pod\u00eda esperar otra cosa. \u201cLo mismo va a pasar en abril y en mayo\u201d, aseguran.&nbsp;<\/p>\n<p>La coparticipaci\u00f3n de impuestos y fondos est\u00e1 conformada en un 90 por ciento por IVA y Ganancias, por lo que la mejora en la actividad industrial y comercial ha sido clave para el repunte de los ingresos.<\/p>\n<p>La coparticipaci\u00f3n no es un tema menor para las finanzas provinciales, toda vez que m\u00e1s de seis pesos de cada 10 que ingresan a la administraci\u00f3n que hoy conduce el gobernador Juan Schiaretti drenan desde la Naci\u00f3n en forma de transferencias autom\u00e1ticas.<\/p>\n<p>Esta semana se conocer\u00e1n los datos correspondientes a los ingresos propios de la Provincia, asentados en los tributos patrimoniales (Inmobiliario y Automotor) y, fundamentalmente, en Ingresos Brutos.<\/p>\n<p>Las expectativas en el Centro C\u00edvico relativas a los pr\u00f3ximos meses en materia de ingresos no escapan a la incertidumbre generalizada. Es que si bien la actividad est\u00e1 remontando y el \u201cviento de cola\u201d de los precios de las commodities elevan la esperanza de un buen 2021, la pandemia no s\u00f3lo no termin\u00f3, sino que parece acentuarse. Una segunda ola muy fuerte que obligue al cierre de actividades va a ser un problema, razonan en el Panal.<\/p>\n<p class=\"SubTitulo\">As\u00ed C\u00f3rdoba pis\u00f3 el gasto por la crisis<\/p>\n<p>La crisis que golpe\u00f3 todo el a\u00f1o pasado en la Provincia se evidencia en la \u00faltima planilla de ejecuci\u00f3n presupuestaria publicada por el Centro C\u00edvico. Ante los serios problemas de ingresos, la estrategia del Panal fue pisar el gasto para controlar la crisis previa y las complicaciones derivadas de la pandemia.<\/p>\n<p>De acuerdo con los datos contables de los primeros 11 meses del 2020, se advierte que los ingresos totales crecieron un 32,7 por ciento por encima del mismo periodo de 2019. Para evitar el colapso, la Provincia pis\u00f3 el gasto total, que creci\u00f3 s\u00f3lo un 23,9 por ciento interanual.<\/p>\n<p>El centro del ajuste: una fuerte interrupci\u00f3n de la obra p\u00fablica, reflejada mayoritariamente en los gastos de capital. La inversi\u00f3n en trabajos p\u00fablicos del Gobierno provincial ascend\u00eda hasta noviembre a 21,530 millones de pesos, un 24,7 por ciento menos que en los mismos meses de 2019.<\/p>\n<p>La ca\u00edda era dram\u00e1tica en t\u00e9rminos nominales, por lo que se hace mucho m\u00e1s notoria a valores reales, si se tiene en cuenta que en el mismo lapso hab\u00eda una inflaci\u00f3n del 32,1 por ciento.<\/p>\n<p>El retroceso de la obra p\u00fablica de 2020 (has noviembre) tambi\u00e9n puede verse s\u00f3lo analizando el \u00edtem de inversi\u00f3n real directa de la planilla de la administraci\u00f3n p\u00fablica no financiera, que muestra una baja similar: 28,4 por ciento menos en relaci\u00f3n con el mismo periodo de 2019.<\/p>\n<p>Entre enero y noviembre del a\u00f1o pasado, por ese apartado, la Provincia erog\u00f3 14.928 millones de pesos. Un a\u00f1o antes hab\u00eda invertido 20.864 millones.<\/p>\n<div class=\"ctaNewsNotaContainer\" readability=\"6.5\">\n<div class=\"newsletterTextContainer\" readability=\"33\">\n<p> S\u00cdNTESIS POL\u00cdTICA<\/p>\n<p> Informaci\u00f3n exclusiva y el mejor an\u00e1lisis, los lunes en tu correo.<\/p>\n<form method=\"post\" action-xhr=\"https:\/\/www.lavoz.com.ar\/newsletters\/sintesis-politica\/signup\" id=\"newsletter-signup\" class=\"newsletterForm\" target=\"_blank\" custom-validation-reporting=\"as-you-go\" on=\"submit:AMP.setState({formLoading:true});submit-success:AMP.setState({formSuccess:true})\">\n<div submit-success class=\"is-paddingless-l\" readability=\"6\"> <template type=\"amp-mustache\" readability=\"2\"><\/p>\n<p> <strong>\u00a1Gracias por suscribirte!<\/strong><\/p>\n<p> <\/template><\/div>\n<div submit-error class=\"is-paddingless-l\" readability=\"6.5\"> <template type=\"amp-mustache\" readability=\"3\"><\/p>\n<p> <strong>Ha ocurrido un error, por favor intente nuevamente m\u00e1s tarde.<\/strong><\/p>\n<p> <\/template><\/div>\n<\/form>\n<\/div>\n<\/div>\n<div class=\"column is-inline-block\" readability=\"5.1028037383178\">\n<div class=\"notification is-padding-lr\" readability=\"5.9532710280374\"> <a class=\"no-decoration is-font-bold\" href=\"https:\/\/www.lavoz.com.ar\/edicion-impresa\">Edici\u00f3n Impresa<\/a><\/p>\n<p class=\"is-font-sans-serif\">El texto original de este art\u00edculo fue publicado el 5\/04\/2021 en nuestra edici\u00f3n impresa.<\/p>\n<\/div>\n<\/div>\n<div>\n<p> <span>Publicidad<\/span> <\/p>\n<\/div>\n","protected":false},"excerpt":{"rendered":"<p>El mes de marzo fue extraordinario en materia de transferencias nacionales en concepto de coparticipaci\u00f3n de impuestos: 81 por ciento m\u00e1s.&nbsp; El fen\u00f3meno, si bien tiene relaci\u00f3n con una mejora real en t\u00e9rminos de recaudaci\u00f3n de IVA y Ganancias, se vincula esencialmente con el hecho de que se compara con marzo de 2020, el mes [&hellip;]<\/p>\n","protected":false},"author":1,"featured_media":2858,"comment_status":"closed","ping_status":"closed","sticky":false,"template":"","format":"standard","meta":[],"categories":[12],"tags":[],"_links":{"self":[{"href":"http:\/\/nuevacordoba.net\/index.php\/wp-json\/wp\/v2\/posts\/2857"}],"collection":[{"href":"http:\/\/nuevacordoba.net\/index.php\/wp-json\/wp\/v2\/posts"}],"about":[{"href":"http:\/\/nuevacordoba.net\/index.php\/wp-json\/wp\/v2\/types\/post"}],"author":[{"embeddable":true,"href":"http:\/\/nuevacordoba.net\/index.php\/wp-json\/wp\/v2\/users\/1"}],"replies":[{"embeddable":true,"href":"http:\/\/nuevacordoba.net\/index.php\/wp-json\/wp\/v2\/comments?post=2857"}],"version-history":[{"count":0,"href":"http:\/\/nuevacordoba.net\/index.php\/wp-json\/wp\/v2\/posts\/2857\/revisions"}],"wp:featuredmedia":[{"embeddable":true,"href":"http:\/\/nuevacordoba.net\/index.php\/wp-json\/wp\/v2\/media\/2858"}],"wp:attachment":[{"href":"http:\/\/nuevacordoba.net\/index.php\/wp-json\/wp\/v2\/media?parent=2857"}],"wp:term":[{"taxonomy":"category","embeddable":true,"href":"http:\/\/nuevacordoba.net\/index.php\/wp-json\/wp\/v2\/categories?post=2857"},{"taxonomy":"post_tag","embeddable":true,"href":"http:\/\/nuevacordoba.net\/index.php\/wp-json\/wp\/v2\/tags?post=2857"}],"curies":[{"name":"wp","href":"https:\/\/api.w.org\/{rel}","templated":true}]}}