{"id":28571,"date":"2023-01-21T19:46:28","date_gmt":"2023-01-21T19:46:28","guid":{"rendered":"https:\/\/prensa.cba.gov.ar\/?p=533921"},"modified":"2023-01-21T19:46:28","modified_gmt":"2023-01-21T19:46:28","slug":"el-gobierno-de-cordoba-dijo-presente-en-el-festival-de-santa-rosa-de-calamuchita","status":"publish","type":"post","link":"http:\/\/nuevacordoba.net\/index.php\/2023\/01\/21\/el-gobierno-de-cordoba-dijo-presente-en-el-festival-de-santa-rosa-de-calamuchita\/","title":{"rendered":"El Gobierno de C\u00f3rdoba dijo presente en el festival de Santa Rosa de Calamuchita"},"content":{"rendered":"<ul>\n<li><strong>El vicegobernador Calvo, junto al ministro L\u00f3pez, entregaron fondos destinados a la organizaci\u00f3n del Festival del R\u00edo y de la Luna. <\/strong><\/li>\n<li><strong>Tambi\u00e9n estuvo presente el intendente capitalino, Mart\u00edn Llaryora.<\/strong><\/li>\n<\/ul>\n<p>En la noche del viernes 20, el vicegobernador&nbsp;<strong>Manuel Calvo<\/strong>&nbsp;y el ministro de Gobierno y Seguridad,&nbsp;<strong>Juli\u00e1n L\u00f3pez<\/strong>, arribaron al&nbsp;<strong>Festival del R\u00edo y de la Luna,<\/strong>&nbsp;en&nbsp;<strong>Santa Rosa de Calamuchita.<\/strong><\/p>\n<p>Estuvieron acompa\u00f1ados por el intendente de la ciudad de C\u00f3rdoba,&nbsp;<strong>Mart\u00edn Llaryora<\/strong>, quienes fueron recibidos por el intendente anfitri\u00f3n,&nbsp;<strong>Claudio Chavero<\/strong>.<\/p>\n<p>Con motivo de su visita, se entreg\u00f3 al municipio un<strong>&nbsp;aporte de $2.500.000<\/strong>, destinados a los costos organizativos del evento.<\/p>\n<figure class=\"wp-container-2 wp-block-gallery-1 wp-block-gallery has-nested-images columns-default is-cropped\">\n<figure class=\"wp-block-image size-large\"><img loading=\"lazy\" width=\"990\" height=\"660\" data-id=\"533924\" src=\"http:\/\/nuevacordoba.net\/wp-content\/uploads\/2023\/01\/el-gobierno-de-cordoba-dijo-presente-en-el-festival-de-santa-rosa-de-calamuchita.jpg\" alt class=\"wp-image-533924\"><\/figure>\n<figure class=\"wp-block-image size-large\"><img loading=\"lazy\" width=\"990\" height=\"660\" data-id=\"533923\" src=\"http:\/\/nuevacordoba.net\/wp-content\/uploads\/2023\/01\/el-gobierno-de-cordoba-dijo-presente-en-el-festival-de-santa-rosa-de-calamuchita-1.jpg\" alt class=\"wp-image-533923\"><\/figure>\n<figure class=\"wp-block-image size-large\"><img loading=\"lazy\" width=\"990\" height=\"660\" data-id=\"533925\" src=\"http:\/\/nuevacordoba.net\/wp-content\/uploads\/2023\/01\/el-gobierno-de-cordoba-dijo-presente-en-el-festival-de-santa-rosa-de-calamuchita-2.jpg\" alt class=\"wp-image-533925\"><\/figure>\n<\/figure>\n<p>Hasta el s\u00e1bado 21 de enero, el festival ofrece una variada grilla de espect\u00e1culos musicales, gastronom\u00eda y artesan\u00edas bajo el cielo de este importante centro urbano del departamento Calamuchita.<\/p>\n<p><em>\u201cPara nosotros es un orgullo acompa\u00f1ar este festival que consolida a Santa Rosa de Calamuchita como uno de los destinos m\u00e1s visitados dentro de nuestra provincia\u201d<\/em>, expres\u00f3 Calvo, a la vez que destac\u00f3&nbsp;<em>\u201cel valioso aporte que este tipo de espect\u00e1culo ofrece al desarrollo tur\u00edstico de la regi\u00f3n\u201d<\/em>.<\/p>\n<p>Miles de vecinos colmaron el predio la Estancia en su noche inaugural, para disfrutar de artistas como Jorge Rojas.<\/p>\n<p> <iframe loading=\"lazy\" width=\"560\" height=\"315\" src=\"https:\/\/www.youtube.com\/embed\/2IWqHPalYGw\" title=\"YouTube video player\" frameborder=\"0\" allow=\"accelerometer; autoplay; clipboard-write; encrypted-media; gyroscope; picture-in-picture; web-share\" allowfullscreen>[embedded content]<\/iframe> <\/p>\n","protected":false},"excerpt":{"rendered":"<p>El vicegobernador Calvo, junto al ministro L\u00f3pez, entregaron fondos destinados a la organizaci\u00f3n del Festival del R\u00edo y de la Luna. Tambi\u00e9n estuvo presente el intendente capitalino, Mart\u00edn Llaryora. En la noche del viernes 20, el vicegobernador&nbsp;Manuel Calvo&nbsp;y el ministro de Gobierno y Seguridad,&nbsp;Juli\u00e1n L\u00f3pez, arribaron al&nbsp;Festival del R\u00edo y de la Luna,&nbsp;en&nbsp;Santa Rosa de [&hellip;]<\/p>\n","protected":false},"author":1,"featured_media":28572,"comment_status":"closed","ping_status":"closed","sticky":false,"template":"","format":"standard","meta":[],"categories":[14],"tags":[],"_links":{"self":[{"href":"http:\/\/nuevacordoba.net\/index.php\/wp-json\/wp\/v2\/posts\/28571"}],"collection":[{"href":"http:\/\/nuevacordoba.net\/index.php\/wp-json\/wp\/v2\/posts"}],"about":[{"href":"http:\/\/nuevacordoba.net\/index.php\/wp-json\/wp\/v2\/types\/post"}],"author":[{"embeddable":true,"href":"http:\/\/nuevacordoba.net\/index.php\/wp-json\/wp\/v2\/users\/1"}],"replies":[{"embeddable":true,"href":"http:\/\/nuevacordoba.net\/index.php\/wp-json\/wp\/v2\/comments?post=28571"}],"version-history":[{"count":0,"href":"http:\/\/nuevacordoba.net\/index.php\/wp-json\/wp\/v2\/posts\/28571\/revisions"}],"wp:featuredmedia":[{"embeddable":true,"href":"http:\/\/nuevacordoba.net\/index.php\/wp-json\/wp\/v2\/media\/28572"}],"wp:attachment":[{"href":"http:\/\/nuevacordoba.net\/index.php\/wp-json\/wp\/v2\/media?parent=28571"}],"wp:term":[{"taxonomy":"category","embeddable":true,"href":"http:\/\/nuevacordoba.net\/index.php\/wp-json\/wp\/v2\/categories?post=28571"},{"taxonomy":"post_tag","embeddable":true,"href":"http:\/\/nuevacordoba.net\/index.php\/wp-json\/wp\/v2\/tags?post=28571"}],"curies":[{"name":"wp","href":"https:\/\/api.w.org\/{rel}","templated":true}]}}