{"id":28593,"date":"2023-01-21T15:25:03","date_gmt":"2023-01-21T15:25:03","guid":{"rendered":"http:\/\/cordobanewsnet.wordpress.com\/?p=7626"},"modified":"2023-01-21T15:25:03","modified_gmt":"2023-01-21T15:25:03","slug":"fuerte-tormenta-en-cordoba-ocasiono-voladuras-de-techos-arboles-y-calles-cortadas","status":"publish","type":"post","link":"http:\/\/nuevacordoba.net\/index.php\/2023\/01\/21\/fuerte-tormenta-en-cordoba-ocasiono-voladuras-de-techos-arboles-y-calles-cortadas\/","title":{"rendered":"Fuerte tormenta en Cordoba ocasion\u00f3 voladuras de techos, \u00e1rboles y calles cortadas"},"content":{"rendered":"<div><img src=\"http:\/\/nuevacordoba.net\/wp-content\/uploads\/2023\/01\/fuerte-tormenta-en-cordoba-ocasiono-voladuras-de-techos-arboles-y-calles-cortadas.jpg\" class=\"ff-og-image-inserted\"><\/div>\n<p>La fuerte tormenta que pas\u00f3 por&nbsp;C\u00f3rdoba&nbsp;durante la madrugada de este s\u00e1bado gener\u00f3 m\u00faltiples inconvenientes en algunas calles de la capital y en rutas de la provincia, donde debi\u00f3 intervenir Defensa Civil y, en otros casos, la Polic\u00eda Caminera.<\/p>\n<p>En la capital provincial hubo&nbsp;<strong>voladuras de techos<\/strong>&nbsp;en los barrios San Roque, General Paz y C\u00e1ceres.<\/p>\n<p>Tambi\u00e9n se registraron cortes en Fragueiro, Costanera Norte e Ibarbaiz. Tambi\u00e9n se registraban inconvenientes en la subida al Hombre Urbano y Costanera Sur.<\/p>\n<p>Por otra parte, hasta las 11 de la ma\u00f1ana se encontraba&nbsp;<strong>cortada la Autopista C\u00f3rdoba-Carlos Paz,<\/strong>&nbsp;en la mano que se dirige desde la villa serrana a la capital provincial por varios \u00e1rboles ca\u00eddos sobre la carpeta asf\u00e1ltica.<\/p>\n<p>Posteriormente, la Polic\u00eda Caminera habilit\u00f3 la circulaci\u00f3n por la colectora de la autopista en la mano que va desde Carlos Paz a C\u00f3rdoba capital. Por la cantidad de autos, hab\u00eda hasta nueve cuadras de cola para poder avanzar.<\/p>\n<p>Sin embargo, las autoridades segu\u00edan desviando el tr\u00e1nsito para quienes necesiten ir desde la villa serrana a la capital para tratar de evitar los congestionamientos de tr\u00e1fico.&nbsp;<\/p>\n<p>La Polic\u00eda indic\u00f3 que los automovilistas deber\u00e1n tomar el Camino de las 100 Curvas e ir a la capital por la La Calera e ingresar a C\u00f3rdoba por Avenida Col\u00f3n.<\/p>\n<h2 class=\"wp-block-heading\"><\/h2>\n<p>La Polic\u00eda Caminera tambi\u00e9n inform\u00f3 de un corte en la ruta provincial A-073 en la intersecci\u00f3n con la Ruta E-55 por un obst\u00e1culo en la v\u00eda.<\/p>\n<p>Desde la medianoche, se encontraba cortada la ruta provincial 10 entre las localidades de Matorrales y Las Junturas por siniestro vial.<\/p>\n<p>En tanto, permanecen habilitadas las rutas nacionales 7, 8, 35, 36 y 148; las rutas provinciales 5, 6, 17, C-45, E-53 y S-271 y el Camino del Cuadrado.<\/p>\n<p>La Empresa Provincial de Energ\u00eda de C\u00f3rdoba (EPEC) inform\u00f3 este s\u00e1bado que hay restricciones en la prestaci\u00f3n del servicio en varios barrios de la capital. Por tal motivo, se recomienda circular con precauci\u00f3n en las calles debido a que en algunas zonas no funcionan los sem\u00e1foros.<\/p>\n<div class=\"wordads-ad-wrapper\">\n<div class=\"wordads-ad\">\n<p>Anuncio publicitario<\/p>\n<p><span onclick=\"javascript:__tcfapi( 'showUi' );\">Ajustes de privacidad<\/span><\/p>\n<\/p><\/div><\/div>\n<div id=\"jp-post-flair\" class=\"sharedaddy sd-like-enabled sd-sharing-enabled\">\n<div class=\"sharedaddy sd-sharing-enabled\">\n<div class=\"robots-nocontent sd-block sd-social sd-social-icon-text sd-sharing\">\n<h3 class=\"sd-title\">Share this:<\/h3>\n<\/div>\n<\/div>\n<div class=\"sharedaddy sd-block sd-like jetpack-likes-widget-wrapper jetpack-likes-widget-unloaded\" id=\"like-post-wrapper-143108178-7626-63ccc8b74cad3\" data-src=\"\/\/widgets.wp.com\/likes\/index.html?ver=20220105#blog_id=143108178&amp;post_id=7626&amp;origin=cordobanewsnet.wordpress.com&amp;obj_id=143108178-7626-63ccc8b74cad3\" data-name=\"like-post-frame-143108178-7626-63ccc8b74cad3\" data-title=\"Me gusta o Compartir\">\n<h3 class=\"sd-title\">Me gusta esto:<\/h3>\n<p><span class=\"button\"><span>Me gusta<\/span><\/span> <span class=\"loading\">Cargando&#8230;<\/span><\/p>\n<p><span class=\"sd-text-color\"><\/span><\/div>\n<p><h3 class=\"jp-relatedposts-headline\"><em>Relacionado<\/em><\/h3>\n<\/p>\n<\/div>\n","protected":false},"excerpt":{"rendered":"<p>La fuerte tormenta que pas\u00f3 por&nbsp;C\u00f3rdoba&nbsp;durante la madrugada de este s\u00e1bado gener\u00f3 m\u00faltiples inconvenientes en algunas calles de la capital y en rutas de la provincia, donde debi\u00f3 intervenir Defensa Civil y, en otros casos, la Polic\u00eda Caminera. En la capital provincial hubo&nbsp;voladuras de techos&nbsp;en los barrios San Roque, General Paz y C\u00e1ceres. Tambi\u00e9n se [&hellip;]<\/p>\n","protected":false},"author":1,"featured_media":28594,"comment_status":"closed","ping_status":"closed","sticky":false,"template":"","format":"standard","meta":[],"categories":[14],"tags":[],"_links":{"self":[{"href":"http:\/\/nuevacordoba.net\/index.php\/wp-json\/wp\/v2\/posts\/28593"}],"collection":[{"href":"http:\/\/nuevacordoba.net\/index.php\/wp-json\/wp\/v2\/posts"}],"about":[{"href":"http:\/\/nuevacordoba.net\/index.php\/wp-json\/wp\/v2\/types\/post"}],"author":[{"embeddable":true,"href":"http:\/\/nuevacordoba.net\/index.php\/wp-json\/wp\/v2\/users\/1"}],"replies":[{"embeddable":true,"href":"http:\/\/nuevacordoba.net\/index.php\/wp-json\/wp\/v2\/comments?post=28593"}],"version-history":[{"count":0,"href":"http:\/\/nuevacordoba.net\/index.php\/wp-json\/wp\/v2\/posts\/28593\/revisions"}],"wp:featuredmedia":[{"embeddable":true,"href":"http:\/\/nuevacordoba.net\/index.php\/wp-json\/wp\/v2\/media\/28594"}],"wp:attachment":[{"href":"http:\/\/nuevacordoba.net\/index.php\/wp-json\/wp\/v2\/media?parent=28593"}],"wp:term":[{"taxonomy":"category","embeddable":true,"href":"http:\/\/nuevacordoba.net\/index.php\/wp-json\/wp\/v2\/categories?post=28593"},{"taxonomy":"post_tag","embeddable":true,"href":"http:\/\/nuevacordoba.net\/index.php\/wp-json\/wp\/v2\/tags?post=28593"}],"curies":[{"name":"wp","href":"https:\/\/api.w.org\/{rel}","templated":true}]}}