{"id":2863,"date":"2021-04-05T20:00:26","date_gmt":"2021-04-05T20:00:26","guid":{"rendered":"http:\/\/nuevacordoba.net\/index.php\/2021\/04\/05\/elisa-carricajo-el-miedo-es-un-lugar-privilegiado-para-someternos\/"},"modified":"2021-04-05T20:00:26","modified_gmt":"2021-04-05T20:00:26","slug":"elisa-carricajo-el-miedo-es-un-lugar-privilegiado-para-someternos","status":"publish","type":"post","link":"http:\/\/nuevacordoba.net\/index.php\/2021\/04\/05\/elisa-carricajo-el-miedo-es-un-lugar-privilegiado-para-someternos\/","title":{"rendered":"Elisa Carricajo: \u00abEl miedo es un lugar privilegiado para someternos\u00bb"},"content":{"rendered":"<div class=\"image\" id=\"image\" readability=\"7\"> <img src=\"http:\/\/nuevacordoba.net\/wp-content\/uploads\/2021\/04\/elisa-carricajo-el-miedo-es-un-lugar-privilegiado-para-someternos.jpg\" alt=\"Carricajo en &quot;Un crimen com\u00fan&quot;\" title=\"Carricajo en &quot;Un crimen com\u00fan&quot;\"><\/p>\n<p>Carricajo en \u00abUn crimen com\u00fan\u00bb<\/p>\n<\/div>\n<p><strong>Elisa Carricajo<\/strong>, que viene de ganar el premio a Mejor Actriz en el Bafici, <strong>protagoniza \u00abUn crimen com\u00fan\u00bb, filme que se estrena este jueves<\/strong> y que tiene al miedo como principal motor en una docente que presencia una tragedia, de la cual se siente c\u00f3mplice y en la que el temor no la dej\u00f3 actuar.<\/p>\n<p><strong>\u00abEl miedo es un lugar privilegiado para someternos, para hacernos actuar hasta en contra de lo creemos que habr\u00eda que hacer. E<\/strong>l miedo nos vuelve ego\u00edstas, nos hace pensar solo en nuestras necesidades. Y esa herramienta es bien conocida y manipulada desde los sectores de poder, y eso es cada vez m\u00e1s profundo y dif\u00edcil de desentra\u00f1ar\u00bb, dijo la int\u00e9rprete que en la Competencia Internacional de Bafici gan\u00f3 por su papel en \u00abBah\u00eda Blanca\u00bb.<\/p>\n<p>En filme de <strong>Francisco M\u00e1rquez<\/strong>, Cecilia (Carricajo) se encuentra una noche sola con su hijo en su casa. Se despierta en medio de una fuerte tormenta y con ruidos sobre la puerta. All\u00ed est\u00e1 Kevin, el hijo de la mujer que limpia su casa y a quien apenas conoce.<\/p>\n<p>Gritos, pasos y golpes escucha Cecilia desde el comedor, donde se esconde para que no la vea y tras lo cual Kevin desaparece. Al otro d\u00eda, se entera que oficiales de Gendarmer\u00eda lo hab\u00edan detenido y tirado a un r\u00edo, donde horas despu\u00e9s aparece el cuerpo ante la furia de los vecinos del barrio, que sienten tanto temor ante la delincuencia como por las fuerzas de seguridad.<\/p>\n<p><strong>\u00abLo primero que pens\u00e9 cuando le\u00ed el guion es que gran parte de mi trabajo iba a ser humanizar a Cecilia, no convertirla en un personaje f\u00e1cilmente juzgable, <\/strong>porque si eso era as\u00ed, nos sac\u00e1bamos con facilidad el problema. Hab\u00eda que volverla alguien cercano, al menos para m\u00ed. Lo habl\u00e9 con Fran la primera vez que nos juntamos y estuvimos de acuerdo\u00bb, coment\u00f3 la artista que integra el grupo teatral Piel de Lava.<\/p>\n<p><strong>T\u00e9lam: \u00bfHasta qu\u00e9 punto, cre\u00e9s, el miedo nos justifica en muchos actos que, siendo objetivos, pueden ser reprochables?<\/strong><\/p>\n<p>Elisa Carricajo: Esa creo que es una de las pregunta centrales que abre la pel\u00edcula, y por suerte no se responde en una sola direcci\u00f3n. Creo que el entramado emocional\/individual\/social en el cual lo pol\u00edtico y lo ideol\u00f3gico se insertan en cada persona es extremadamente complejo y est\u00e1 lleno de recovecos. Estamos cada vez m\u00e1s a merced de nuestras emociones en el peor de los sentidos. \u00bfC\u00f3mo pensar comunitariamente, crear redes, ser emp\u00e1ticos mientras todo el tiempo nos dicen que el otro es un peligro? No creo que se trate de \u00abjustificar\u00bb desde el miedo. Se trata de entender c\u00f3mo podemos quebrar por momentos ciertas inercias. Qu\u00e9 poderes tenemos de nuestro lado para operar contra el monstruo del miedo.<\/p>\n<p> <iframe width=\"560\" height=\"315\" src=\"https:\/\/www.youtube.com\/embed\/lhXYjxKxwMY?wmode=transparent&amp;showinfo=0&amp;autohide=1&amp;rel=0\" frameborder=\"0\" allowfullscreen>[embedded content]<\/iframe> <\/p>\n<p>\u00abUn crimen com\u00fan\u00bb<\/p>\n<p><strong>T: La pel\u00edcula tambi\u00e9n expresa una visi\u00f3n prejuiciosa que impera en la sociedad. \u00bfC\u00f3mo cre\u00e9s que un personaje como el tuyo, que representa a una elite pensante, puede colaborar para romper con eso?<\/strong><\/p>\n<p>EC: \u00abLos pibes no son peligrosos, est\u00e1n en peligro\u00bb. Tal vez esa frase resume gran parte de la respuesta. Creo que asumir los privilegios es entender que hay una fragilidad que un otro tiene. Eso genera culpa, angustia, desconcierto, par\u00e1lisis a veces. La pel\u00edcula trabaja mucho sobre ese estado, de no saber qu\u00e9 hacer con esa informaci\u00f3n, la de tener un privilegio en una sociedad injusta y desigual. Pero lo importante es accionar en todo caso. Ponerse a disposici\u00f3n. Y me lo digo a m\u00ed misma tambi\u00e9n. Yo no siento que la pel\u00edcula hable desde una posici\u00f3n de superioridad moral. Al contrario. Creo que es tambi\u00e9n un lugar de pregunta para quienes la hicimos.<\/p>\n<p><strong>T: \u00bfCre\u00e9s que como sociedad estamos tomando consciencia de lo negativo que es estigmatizar al otro por sus rasgos?<\/strong><\/p>\n<p>EC: No lo s\u00e9. Por un lado siento que hay un trabajo muy fuerte, de muchas organizaciones en torno a temas como el racismo que intentan poner en agenda como organizamos la percepci\u00f3n del otro, desde que miradas, etc\u00e9tera. Por otro lado, la estigmatizaci\u00f3n de la que habla la pel\u00edcula no ha hecho m\u00e1s que crecer y profundizarse desde que filmamos. Y el n\u00famero de muertes por gatillo f\u00e1cil sigue siendo aterrador. No puedo ser optimista.<\/p>\n<p><strong>T: Volviendo a tu personaje, Cecilia comienza a ver que lo que le pas\u00f3 a Kevin le puede pasar a su hijo \u00bfEs en ese momento en el que las diferencias de clases quedan un poco opacadas por el poder del Estado, que es el que tiene el monopolio de la fuerza?<\/strong><\/p>\n<p>EC: Un sector de la clase media conoce muy bien esa suspensi\u00f3n de las garant\u00edas por parte del Estado. Cecilia probablemente (como yo) haya nacido durante la \u00faltima dictadura. Esa violencia del Estado es parte de nuestra infancia. Pero es cierto que equiparar una situaci\u00f3n a la otra ser\u00eda negar los privilegios. El hijo de Cecilia, por un entramado complejo de condiciones de clase y de racismos, tiene muchas menos posibilidades de morir en manos de la polic\u00eda. Creo que la pel\u00edcula se pregunta por esa franja social y etaria donde ciertas garant\u00edas democr\u00e1ticas siguen estando suspendidas. Y quienes deben protegerlos los matan. \u00bfC\u00f3mo es que naturalizamos eso? Es una pregunta dolorosa, pero necesaria para entender como ese entramado de miedo aun nos corre por las venas. <\/p>\n","protected":false},"excerpt":{"rendered":"<p>Carricajo en \u00abUn crimen com\u00fan\u00bb Elisa Carricajo, que viene de ganar el premio a Mejor Actriz en el Bafici, protagoniza \u00abUn crimen com\u00fan\u00bb, filme que se estrena este jueves y que tiene al miedo como principal motor en una docente que presencia una tragedia, de la cual se siente c\u00f3mplice y en la que el [&hellip;]<\/p>\n","protected":false},"author":1,"featured_media":2864,"comment_status":"closed","ping_status":"closed","sticky":false,"template":"","format":"standard","meta":[],"categories":[9],"tags":[],"_links":{"self":[{"href":"http:\/\/nuevacordoba.net\/index.php\/wp-json\/wp\/v2\/posts\/2863"}],"collection":[{"href":"http:\/\/nuevacordoba.net\/index.php\/wp-json\/wp\/v2\/posts"}],"about":[{"href":"http:\/\/nuevacordoba.net\/index.php\/wp-json\/wp\/v2\/types\/post"}],"author":[{"embeddable":true,"href":"http:\/\/nuevacordoba.net\/index.php\/wp-json\/wp\/v2\/users\/1"}],"replies":[{"embeddable":true,"href":"http:\/\/nuevacordoba.net\/index.php\/wp-json\/wp\/v2\/comments?post=2863"}],"version-history":[{"count":0,"href":"http:\/\/nuevacordoba.net\/index.php\/wp-json\/wp\/v2\/posts\/2863\/revisions"}],"wp:featuredmedia":[{"embeddable":true,"href":"http:\/\/nuevacordoba.net\/index.php\/wp-json\/wp\/v2\/media\/2864"}],"wp:attachment":[{"href":"http:\/\/nuevacordoba.net\/index.php\/wp-json\/wp\/v2\/media?parent=2863"}],"wp:term":[{"taxonomy":"category","embeddable":true,"href":"http:\/\/nuevacordoba.net\/index.php\/wp-json\/wp\/v2\/categories?post=2863"},{"taxonomy":"post_tag","embeddable":true,"href":"http:\/\/nuevacordoba.net\/index.php\/wp-json\/wp\/v2\/tags?post=2863"}],"curies":[{"name":"wp","href":"https:\/\/api.w.org\/{rel}","templated":true}]}}