{"id":28677,"date":"2023-01-24T13:27:54","date_gmt":"2023-01-24T13:27:54","guid":{"rendered":"http:\/\/cordobanewsnet.wordpress.com\/?p=7637"},"modified":"2023-01-24T13:27:54","modified_gmt":"2023-01-24T13:27:54","slug":"alerta-meteorologica-para-cordoba-por-tormentas-fuertes","status":"publish","type":"post","link":"http:\/\/nuevacordoba.net\/index.php\/2023\/01\/24\/alerta-meteorologica-para-cordoba-por-tormentas-fuertes\/","title":{"rendered":"Alerta meteorol\u00f3gica para C\u00f3rdoba por tormentas fuertes"},"content":{"rendered":"<p><!-- \/featured-media --> <\/p>\n<div class=\"post-content clear\" readability=\"53.246511627907\">\n<p>El term\u00f3metro marc\u00f3 24 grados a las 7:00 y se espera una jornada con temperaturas superiores a 30 grados. Ser\u00e1 otro d\u00eda agobiante en C\u00f3rdoba, pero inestable ya que rige un<strong>&nbsp;alerta meteorol\u00f3gica<\/strong>&nbsp;en toda la provincia.<\/p>\n<p>El<strong>&nbsp;Servicio Meteorol\u00f3gico Nacional&nbsp;<\/strong>advirti\u00f3 por un alerta naranja que abarca a todo el territorio cordob\u00e9s.&nbsp;<strong>Se esperan tormentas, algunas localmente fuertes<\/strong>. Estar\u00e1n acompa\u00f1adas de intensas r\u00e1fagas, ca\u00edda de granizo y fuerte actividad el\u00e9ctrica.<\/p>\n<p><em><strong>&nbsp;<\/strong><\/em><\/p>\n<p>Adem\u00e1s, anunciaron abundante ca\u00edda de agua en cortos per\u00edodos. Las precipitaciones podr\u00edan superar los&nbsp;<strong>40 y 50 mil\u00edmetros<\/strong>.&nbsp;<\/p>\n<p>El fen\u00f3meno rige desde las 6:00 de este martes y continuar\u00e1 vigente hasta las 6:00 del mi\u00e9rcoles 25 de enero.<\/p>\n<p><strong>Pron\u00f3stico extendido<\/strong><\/p>\n<p><strong>* Mi\u00e9rcoles:&nbsp;<\/strong>mayormente nublado. M\u00e1xima 31 grados. M\u00ednima 22 grados.<\/p>\n<p><strong>* Jueves:&nbsp;<\/strong>tormentas aisladas. M\u00e1xima 31 grados. M\u00ednima 25 grados.<\/p>\n<p><strong>* Viernes:&nbsp;<\/strong>tormentas aisladas. M\u00e1xima 29 grados. M\u00ednima 21 grados<\/p>\n<div class=\"wordads-ad-wrapper\">\n<div class=\"wordads-ad\">\n<p>Anuncio publicitario<\/p>\n<p><span onclick=\"javascript:__tcfapi( 'showUi' );\">Ajustes de privacidad<\/span><\/p>\n<\/p><\/div><\/div>\n<div id=\"jp-post-flair\" class=\"sharedaddy sd-like-enabled sd-sharing-enabled\">\n<div class=\"sharedaddy sd-sharing-enabled\">\n<div class=\"robots-nocontent sd-block sd-social sd-social-icon-text sd-sharing\">\n<h3 class=\"sd-title\">Share this:<\/h3>\n<\/div>\n<\/div>\n<div class=\"sharedaddy sd-block sd-like jetpack-likes-widget-wrapper jetpack-likes-widget-unloaded\" id=\"like-post-wrapper-143108178-7637-63d0666c483a6\" data-src=\"\/\/widgets.wp.com\/likes\/index.html?ver=20220105#blog_id=143108178&amp;post_id=7637&amp;origin=cordobanewsnet.wordpress.com&amp;obj_id=143108178-7637-63d0666c483a6\" data-name=\"like-post-frame-143108178-7637-63d0666c483a6\" data-title=\"Me gusta o Compartir\">\n<h3 class=\"sd-title\">Me gusta esto:<\/h3>\n<p><span class=\"button\"><span>Me gusta<\/span><\/span> <span class=\"loading\">Cargando&#8230;<\/span><\/p>\n<p><span class=\"sd-text-color\"><\/span><\/div>\n<p><h3 class=\"jp-relatedposts-headline\"><em>Relacionado<\/em><\/h3>\n<\/p>\n<\/div><\/div>\n<p><!--\/.post-content--> <\/p>\n<footer class=\"post-meta-container clear\" readability=\"0.39285714285714\">\n<div class=\"entry-author author-avatar-show\" readability=\"13.114754098361\">\n<div class=\"author-avatar\"> <img loading=\"lazy\" alt src=\"http:\/\/nuevacordoba.net\/wp-content\/uploads\/2023\/01\/alerta-meteorologica-para-cordoba-por-tormentas-fuertes.png\" class=\"avatar avatar-90\" height=\"90\" width=\"90\"> <\/div>\n<p><!-- .author-avatar --> <\/p>\n<p><h2 class=\"author-title\">Publicado por <span class=\"author-name\">Redacci\u00f3n<\/span><\/h2>\n<\/p>\n<p><!-- .author-heading --> <\/p>\n<p class=\"author-bio\"> <a class=\"author-link\" href=\"https:\/\/cordobanewsnet.wordpress.com\/author\/prettomatias\/\" rel=\"author\"> Ver todas las entradas de Redacci\u00f3n <\/a> <\/p>\n<p><!-- .author-bio --> <\/div>\n<p><!-- .entry-auhtor --> <\/footer>\n<p> <!-- \/post-meta-container --> <!-- #respond --> <\/p>\n","protected":false},"excerpt":{"rendered":"<p>El term\u00f3metro marc\u00f3 24 grados a las 7:00 y se espera una jornada con temperaturas superiores a 30 grados. Ser\u00e1 otro d\u00eda agobiante en C\u00f3rdoba, pero inestable ya que rige un&nbsp;alerta meteorol\u00f3gica&nbsp;en toda la provincia. El&nbsp;Servicio Meteorol\u00f3gico Nacional&nbsp;advirti\u00f3 por un alerta naranja que abarca a todo el territorio cordob\u00e9s.&nbsp;Se esperan tormentas, algunas localmente fuertes. Estar\u00e1n [&hellip;]<\/p>\n","protected":false},"author":1,"featured_media":28678,"comment_status":"closed","ping_status":"closed","sticky":false,"template":"","format":"standard","meta":[],"categories":[14],"tags":[],"_links":{"self":[{"href":"http:\/\/nuevacordoba.net\/index.php\/wp-json\/wp\/v2\/posts\/28677"}],"collection":[{"href":"http:\/\/nuevacordoba.net\/index.php\/wp-json\/wp\/v2\/posts"}],"about":[{"href":"http:\/\/nuevacordoba.net\/index.php\/wp-json\/wp\/v2\/types\/post"}],"author":[{"embeddable":true,"href":"http:\/\/nuevacordoba.net\/index.php\/wp-json\/wp\/v2\/users\/1"}],"replies":[{"embeddable":true,"href":"http:\/\/nuevacordoba.net\/index.php\/wp-json\/wp\/v2\/comments?post=28677"}],"version-history":[{"count":0,"href":"http:\/\/nuevacordoba.net\/index.php\/wp-json\/wp\/v2\/posts\/28677\/revisions"}],"wp:featuredmedia":[{"embeddable":true,"href":"http:\/\/nuevacordoba.net\/index.php\/wp-json\/wp\/v2\/media\/28678"}],"wp:attachment":[{"href":"http:\/\/nuevacordoba.net\/index.php\/wp-json\/wp\/v2\/media?parent=28677"}],"wp:term":[{"taxonomy":"category","embeddable":true,"href":"http:\/\/nuevacordoba.net\/index.php\/wp-json\/wp\/v2\/categories?post=28677"},{"taxonomy":"post_tag","embeddable":true,"href":"http:\/\/nuevacordoba.net\/index.php\/wp-json\/wp\/v2\/tags?post=28677"}],"curies":[{"name":"wp","href":"https:\/\/api.w.org\/{rel}","templated":true}]}}