{"id":2871,"date":"2021-04-05T18:41:00","date_gmt":"2021-04-05T18:41:00","guid":{"rendered":"https:\/\/puntoapunto.com.ar\/?p=275613"},"modified":"2021-04-05T18:41:00","modified_gmt":"2021-04-05T18:41:00","slug":"las-ventas-minoristas-se-recuperan-pero-siguen-por-debajo-de-los-niveles-de-2019","status":"publish","type":"post","link":"http:\/\/nuevacordoba.net\/index.php\/2021\/04\/05\/las-ventas-minoristas-se-recuperan-pero-siguen-por-debajo-de-los-niveles-de-2019\/","title":{"rendered":"Las ventas minoristas se recuperan pero siguen por debajo de los niveles de 2019"},"content":{"rendered":"<p><!-- image --><\/p>\n<div class=\"td-post-featured-image\"><a href=\"http:\/\/nuevacordoba.net\/wp-content\/uploads\/2021\/04\/las-ventas-minoristas-se-recuperan-pero-siguen-por-debajo-de-los-niveles-de-2019.jpg\" data-caption><img loading=\"lazy\" width=\"696\" height=\"420\" class=\"entry-thumb td-modal-image\" src=\"http:\/\/nuevacordoba.net\/wp-content\/uploads\/2021\/04\/las-ventas-minoristas-se-recuperan-pero-siguen-por-debajo-de-los-niveles-de-2019.jpg\" srcset=\"http:\/\/nuevacordoba.net\/wp-content\/uploads\/2021\/04\/las-ventas-minoristas-se-recuperan-pero-siguen-por-debajo-de-los-niveles-de-2019.jpg 1080w, http:\/\/nuevacordoba.net\/wp-content\/uploads\/2021\/04\/las-ventas-minoristas-se-recuperan-pero-siguen-por-debajo-de-los-niveles-de-2019-1.jpg 300w, http:\/\/nuevacordoba.net\/wp-content\/uploads\/2021\/04\/las-ventas-minoristas-se-recuperan-pero-siguen-por-debajo-de-los-niveles-de-2019-2.jpg 1024w, http:\/\/nuevacordoba.net\/wp-content\/uploads\/2021\/04\/las-ventas-minoristas-se-recuperan-pero-siguen-por-debajo-de-los-niveles-de-2019-3.jpg 768w\" sizes=\"(max-width: 696px) 100vw, 696px\" alt title=\"ventas minoristas\"><\/a><\/div>\n<p> <!-- content --><\/p>\n<div class=\"td-a-rec td-a-rec-id-content_top tdi_66_685 td_block_template_10\">\n<div class=\"g g-34\">\n<div class=\"g-single a-299\"><a class=\"gofollow\" data-track=\"Mjk5LDM0LDEsNjA=\" href=\"http:\/\/www.grupocanter.com.ar\/landing\/blanqueo\/pap\/?utm_source=Punto%20a%20Punto&amp;utm_medium=Banners&amp;utm_campaign=Blanqueo&amp;utm_term=950x187\"><img src=\"http:\/\/nuevacordoba.net\/wp-content\/uploads\/2021\/04\/las-ventas-minoristas-se-recuperan-pero-siguen-por-debajo-de-los-niveles-de-2019.gif\"><\/a><\/div>\n<\/div>\n<\/div>\n<p>De acuerdo con un informe difundido hoy por la <strong>Confederaci\u00f3n Argentina de la Mediana Empresa<\/strong> (<a href=\"https:\/\/www.redcame.org.ar\/\">CAME<\/a>), las <strong>ventas minoristas crecieron&nbsp;14,4%<\/strong>&nbsp;interanual en marzo y de a poco el consumo comienza a recuperarse frente a&nbsp;<strong>2020,<\/strong>&nbsp;pero sin la fuerza suficiente para encontrar niveles similares a&nbsp;<strong>2019<\/strong>.<\/p>\n<p>El nivel registrado el mes pasado est\u00e1 <strong>24,9%<\/strong>&nbsp;<strong>por debajo del registro de marzo de 2019. <\/strong>Si bien el&nbsp;<strong>60%<\/strong>&nbsp;de los comercios tuvo este a\u00f1o progresos en la comparaci\u00f3n anual, fue con tasas moderadas: a\u00fan persiste un&nbsp;<strong>40%<\/strong>&nbsp;que no crece o sigue cayendo, seg\u00fan el relevamiento.<\/p>\n<p>Adem\u00e1s, en el primer trimestre de&nbsp;<strong>2021,<\/strong>&nbsp;las ventas minoristas acumularon una ca\u00edda de&nbsp;<strong>0,5%<\/strong>&nbsp;frente al mismo trimestre de&nbsp;<strong>2020,<\/strong>&nbsp;pero una baja de&nbsp;<strong>14,1%<\/strong>&nbsp;contra los tres primeros meses de&nbsp;<strong>2019.<\/strong>&nbsp;As\u00ed surgi\u00f3 del&nbsp;<strong>\u00cdndice de Ventas Minoristas Pyme<\/strong>&nbsp;que elabora mensualmente&nbsp;<strong>CAME<\/strong>&nbsp;en base a respuestas de&nbsp;<strong>1.100 comercios<\/strong>&nbsp;del pa\u00eds brindadas entre el&nbsp;<strong>29 de marzo y el 3 de abril<\/strong>.<\/p>\n<p>Algunas de las observaciones m\u00e1s repetidas que realizaron los comercios consultados fueron: los empresarios pymes est\u00e1n haciendo esfuerzos para no subir precios por la escasa circulaci\u00f3n de dinero en las familias; se esperaba un rebote m\u00e1s fuerte; continuaron los faltantes de mercader\u00eda; hay mucho temor a volver a fase 1 y hubo locales que debieron cerrar algunos d\u00edas por detectarse casos de Covid en empleados.<\/p>\n<p>La encuesta arroj\u00f3 tambi\u00e9n que el&nbsp;<strong>64%<\/strong>&nbsp;de los negocios relevados vieron incrementar sus ventas en marzo de manera interanual, y en el&nbsp;<strong>16,8%<\/strong>&nbsp;declinaron; en el resto, se mantuvieron sin cambios. Todos los rubros prosperaron en la comparaci\u00f3n anual: las tasas m\u00e1s elevadas fueron en Ropa y art\u00edculos deportivos y de recreaci\u00f3n&nbsp;<strong>(+27%)<\/strong>&nbsp;y Electrodom\u00e9sticos, art\u00edculos electr\u00f3nicos, computaci\u00f3n, celulares y accesorios&nbsp;<strong>(+21,9%).<\/strong>&nbsp;En cambio, los de menores tasas de crecimiento anual fueron Alimentos y Bebidas (<strong>+8,6%<\/strong>) y Farmacias (<strong>+4,8%<\/strong>).<\/p>\n<p>CAME evalu\u00f3 que los comercios&nbsp;<strong>\u201cten\u00edan mejores expectativas para marzo de lo que finalmente fue y frente a la situaci\u00f3n sanitaria, que contin\u00faa siendo delicada, se ve un panorama muy incierto hacia adelante\u201d<\/strong>. La entidad detall\u00f3 que, en el rubro Alimentos y Bebidas, las ventas en marzo se incrementaron&nbsp;<strong>8,6%<\/strong>&nbsp;anual pero todav\u00eda se ubican&nbsp;<strong>5,3%<\/strong>&nbsp;debajo de marzo&nbsp;<strong>2019;<\/strong>&nbsp;el a\u00f1o pasado el consumo de ese sector hab\u00eda ca\u00eddo&nbsp;<strong>12,8%<\/strong>, a pesar de que muchos de esos locales continuaron abiertos.<\/p>\n<p>En Electrodom\u00e9sticos, art\u00edculos electr\u00f3nicos, computaci\u00f3n, celulares y accesorios, hubo en marzo un crecimiento de&nbsp;<strong>21,9%<\/strong>&nbsp;comparado con un marzo&nbsp;<strong>2020<\/strong>&nbsp;donde se hab\u00eda registrado una baja de&nbsp;<strong>40,3%<\/strong>; frente al mismo mes de&nbsp;<strong>2019<\/strong>&nbsp;el expendio result\u00f3 un&nbsp;<strong>27,2%<\/strong>&nbsp;menor.<\/p>\n<p>En cuanto a Jugueter\u00edas y art\u00edculos de librer\u00eda, las ventas subieron&nbsp;<strong>18,6%<\/strong>&nbsp;frente a el mismo mes del a\u00f1o pasado, pero fueron&nbsp;<strong>50,2%<\/strong>&nbsp;menores al marzo&nbsp;<strong>2019.<\/strong>&nbsp;Por \u00faltimo, el rubro Textil indumentaria marc\u00f3 un ascenso de&nbsp;<strong>15,9%<\/strong>&nbsp;anual, pero est\u00e1&nbsp;<strong>31%<\/strong>&nbsp;debajo de marzo&nbsp;<strong>2019.<\/strong><\/p>\n<p>No tags for this post. <!-- A generated by theme --> <!-- end A --> <\/p>\n","protected":false},"excerpt":{"rendered":"<p>De acuerdo con un informe difundido hoy por la Confederaci\u00f3n Argentina de la Mediana Empresa (CAME), las ventas minoristas crecieron&nbsp;14,4%&nbsp;interanual en marzo y de a poco el consumo comienza a recuperarse frente a&nbsp;2020,&nbsp;pero sin la fuerza suficiente para encontrar niveles similares a&nbsp;2019. El nivel registrado el mes pasado est\u00e1 24,9%&nbsp;por debajo del registro de marzo [&hellip;]<\/p>\n","protected":false},"author":1,"featured_media":2872,"comment_status":"open","ping_status":"closed","sticky":false,"template":"","format":"standard","meta":[],"categories":[14],"tags":[],"_links":{"self":[{"href":"http:\/\/nuevacordoba.net\/index.php\/wp-json\/wp\/v2\/posts\/2871"}],"collection":[{"href":"http:\/\/nuevacordoba.net\/index.php\/wp-json\/wp\/v2\/posts"}],"about":[{"href":"http:\/\/nuevacordoba.net\/index.php\/wp-json\/wp\/v2\/types\/post"}],"author":[{"embeddable":true,"href":"http:\/\/nuevacordoba.net\/index.php\/wp-json\/wp\/v2\/users\/1"}],"replies":[{"embeddable":true,"href":"http:\/\/nuevacordoba.net\/index.php\/wp-json\/wp\/v2\/comments?post=2871"}],"version-history":[{"count":0,"href":"http:\/\/nuevacordoba.net\/index.php\/wp-json\/wp\/v2\/posts\/2871\/revisions"}],"wp:featuredmedia":[{"embeddable":true,"href":"http:\/\/nuevacordoba.net\/index.php\/wp-json\/wp\/v2\/media\/2872"}],"wp:attachment":[{"href":"http:\/\/nuevacordoba.net\/index.php\/wp-json\/wp\/v2\/media?parent=2871"}],"wp:term":[{"taxonomy":"category","embeddable":true,"href":"http:\/\/nuevacordoba.net\/index.php\/wp-json\/wp\/v2\/categories?post=2871"},{"taxonomy":"post_tag","embeddable":true,"href":"http:\/\/nuevacordoba.net\/index.php\/wp-json\/wp\/v2\/tags?post=2871"}],"curies":[{"name":"wp","href":"https:\/\/api.w.org\/{rel}","templated":true}]}}