{"id":2873,"date":"2021-04-06T12:59:06","date_gmt":"2021-04-06T12:59:06","guid":{"rendered":"http:\/\/cordobanewsnet.wordpress.com\/?p=5232"},"modified":"2021-04-06T12:59:06","modified_gmt":"2021-04-06T12:59:06","slug":"coronavirus-el-gobierno-anticipo-que-habra-medidas-intensas-y-transitorias","status":"publish","type":"post","link":"http:\/\/nuevacordoba.net\/index.php\/2021\/04\/06\/coronavirus-el-gobierno-anticipo-que-habra-medidas-intensas-y-transitorias\/","title":{"rendered":"Coronavirus: El Gobierno anticip\u00f3 que habr\u00e1 medidas \u201cintensas y transitorias\u201d"},"content":{"rendered":"<div><img src=\"http:\/\/nuevacordoba.net\/wp-content\/uploads\/2021\/04\/coronavirus-el-gobierno-anticipo-que-habra-medidas-intensas-y-transitorias.jpg\" class=\"ff-og-image-inserted\"><\/div>\n<p>El anuncio de restricciones para frenar la segunda ola del&nbsp;<strong>coronavirus<\/strong>&nbsp;es inminente. As\u00ed lo confirm\u00f3 la ministra de Salud,&nbsp;<strong>Carla Vizzotti<\/strong>, en una conferencia de prensa junto a los funcionarios&nbsp;Juan Manuel Castelli y Anal\u00eda Rearte.<\/p>\n<p>En la tarde de este martes, el jefe de Gabinete, Santiago Cafiero, ser\u00e1 quien lidere una reuni\u00f3n junto a funcionarios de la Ciudad y la Provincia de Buenos Aires para ultimar los detalles de las restricciones.<\/p>\n<p>Mientras tanto, Vizzotti defini\u00f3 al aumento de casos como&nbsp;<strong>\u201csostenido y acelerado\u201d<\/strong>. \u201cLa segunda ola ya es un hecho, vamos a seguir trabajando con las jurisdicciones y los expertos para generar recomendaciones y acciones. Esto que est\u00e1 pasando en Argentina ya sucedi\u00f3 en el hemisferio norte. Est\u00e1 pasando tambi\u00e9n en pa\u00edses vecinos: Uruguay, Chile, Brasil, Paraguay\u201d, contextualiz\u00f3.<\/p>\n<blockquote class=\"wp-block-quote\" readability=\"6\">\n<p>\u201cNecesitamos tres semanas de un esfuerzo muy grande\u201d, pidi\u00f3 Vizzotti.<\/p>\n<\/blockquote>\n<p>De todas maneras, la ministra descart\u00f3 por el momento suspender las clases presenciales.&nbsp;\u201c<strong>La fuente de contagio son las reuniones sociales<\/strong>\u201d, insisti\u00f3.<\/p>\n<p>Sobre el avance del plan de vacunaci\u00f3n, Vizzotti destac\u00f3 que la de hoy es \u201cuna situaci\u00f3n muy distinta a la de 2020\u2033. \u201c<strong>Necesitamos tres semanas de un esfuerzo muy grande&nbsp;<\/strong>para terminar de vacunar a los que tienen riesgo de morir\u201d, subray\u00f3.<\/p>\n<div id=\"jp-post-flair\" class=\"sharedaddy sd-like-enabled sd-sharing-enabled\">\n<div class=\"sharedaddy sd-sharing-enabled\">\n<div class=\"robots-nocontent sd-block sd-social sd-social-icon-text sd-sharing\">\n<h3 class=\"sd-title\">Share this:<\/h3>\n<\/div>\n<\/div>\n<div class=\"sharedaddy sd-block sd-like jetpack-likes-widget-wrapper jetpack-likes-widget-unloaded\" id=\"like-post-wrapper-143108178-5232-606c66f5cbb59\" data-src=\"\/\/widgets.wp.com\/likes\/index.html?ver=20210317#blog_id=143108178&amp;post_id=5232&amp;origin=cordobanewsnet.wordpress.com&amp;obj_id=143108178-5232-606c66f5cbb59\" data-name=\"like-post-frame-143108178-5232-606c66f5cbb59\">\n<h3 class=\"sd-title\">Me gusta esto:<\/h3>\n<p><span class=\"button\"><span>Me gusta<\/span><\/span> <span class=\"loading\">Cargando&#8230;<\/span><\/p>\n<p><span class=\"sd-text-color\"><\/span><\/div>\n<p><h3 class=\"jp-relatedposts-headline\"><em>Relacionado<\/em><\/h3>\n<\/p>\n<\/div>\n","protected":false},"excerpt":{"rendered":"<p>El anuncio de restricciones para frenar la segunda ola del&nbsp;coronavirus&nbsp;es inminente. As\u00ed lo confirm\u00f3 la ministra de Salud,&nbsp;Carla Vizzotti, en una conferencia de prensa junto a los funcionarios&nbsp;Juan Manuel Castelli y Anal\u00eda Rearte. En la tarde de este martes, el jefe de Gabinete, Santiago Cafiero, ser\u00e1 quien lidere una reuni\u00f3n junto a funcionarios de la [&hellip;]<\/p>\n","protected":false},"author":1,"featured_media":2874,"comment_status":"closed","ping_status":"closed","sticky":false,"template":"","format":"standard","meta":[],"categories":[14],"tags":[],"_links":{"self":[{"href":"http:\/\/nuevacordoba.net\/index.php\/wp-json\/wp\/v2\/posts\/2873"}],"collection":[{"href":"http:\/\/nuevacordoba.net\/index.php\/wp-json\/wp\/v2\/posts"}],"about":[{"href":"http:\/\/nuevacordoba.net\/index.php\/wp-json\/wp\/v2\/types\/post"}],"author":[{"embeddable":true,"href":"http:\/\/nuevacordoba.net\/index.php\/wp-json\/wp\/v2\/users\/1"}],"replies":[{"embeddable":true,"href":"http:\/\/nuevacordoba.net\/index.php\/wp-json\/wp\/v2\/comments?post=2873"}],"version-history":[{"count":0,"href":"http:\/\/nuevacordoba.net\/index.php\/wp-json\/wp\/v2\/posts\/2873\/revisions"}],"wp:featuredmedia":[{"embeddable":true,"href":"http:\/\/nuevacordoba.net\/index.php\/wp-json\/wp\/v2\/media\/2874"}],"wp:attachment":[{"href":"http:\/\/nuevacordoba.net\/index.php\/wp-json\/wp\/v2\/media?parent=2873"}],"wp:term":[{"taxonomy":"category","embeddable":true,"href":"http:\/\/nuevacordoba.net\/index.php\/wp-json\/wp\/v2\/categories?post=2873"},{"taxonomy":"post_tag","embeddable":true,"href":"http:\/\/nuevacordoba.net\/index.php\/wp-json\/wp\/v2\/tags?post=2873"}],"curies":[{"name":"wp","href":"https:\/\/api.w.org\/{rel}","templated":true}]}}