{"id":28862,"date":"2023-01-31T05:05:31","date_gmt":"2023-01-31T05:05:31","guid":{"rendered":"http:\/\/nuevacordoba.net\/index.php\/2023\/01\/31\/godoy-cruz-vencio-a-barracas-central-como-visitante-en-el-estreno\/"},"modified":"2023-01-31T05:05:31","modified_gmt":"2023-01-31T05:05:31","slug":"godoy-cruz-vencio-a-barracas-central-como-visitante-en-el-estreno","status":"publish","type":"post","link":"http:\/\/nuevacordoba.net\/index.php\/2023\/01\/31\/godoy-cruz-vencio-a-barracas-central-como-visitante-en-el-estreno\/","title":{"rendered":"Godoy Cruz venci\u00f3 a Barracas Central como visitante en el estreno"},"content":{"rendered":"<figure class=\"mb-3\"><img loading=\"lazy\" src=\"http:\/\/nuevacordoba.net\/wp-content\/uploads\/2023\/01\/godoy-cruz-vencio-a-barracas-central-como-visitante-en-el-estreno.jpg\" width=\"100%\" height=\"100%\" alt=\"Foto Osvaldo Fantn\"><figcaption> Foto: Osvaldo Fant\u00f3n. <\/figcaption><\/figure>\n<p>Godoy Cruz de Mendoza le gan\u00f3 este lunes por la tarde como visitante a Barracas Central por 1 a 0, en una muy buena actuaci\u00f3n y al cabo del encuentro correspondiente a la fecha inicial de la Liga Profesional de F\u00fatbol (LPF) de Primera Divisi\u00f3n, gracias al gol anotado por Gonzalo Abrego a los 25 minutos de la parte inaugural.<\/p>\n<figure class=\"mb-3\"><img loading=\"lazy\" src=\"http:\/\/nuevacordoba.net\/wp-content\/uploads\/2023\/01\/godoy-cruz-vencio-a-barracas-central-como-visitante-en-el-estreno-1.jpg\" width=\"100%\" height=\"100%\" alt=\"Foto Osvaldo Fantn\"><figcaption> Foto: Osvaldo Fant\u00f3n. <\/figcaption><\/figure>\n<p><\/p>\n<figure class=\"mb-3\"><img loading=\"lazy\" src=\"http:\/\/nuevacordoba.net\/wp-content\/uploads\/2023\/01\/godoy-cruz-vencio-a-barracas-central-como-visitante-en-el-estreno-2.jpg\" width=\"100%\" height=\"100%\" alt=\"El presidente de la AFA exmandams de Barracas Central llev la Copa del Mundo al estadio Foto Osvaldo Fantn\"><figcaption> El presidente de la AFA, exmandam\u00e1s de Barracas Central, llev\u00f3 la Copa del Mundo al estadio. Foto: Osvaldo Fant\u00f3n. <\/figcaption><\/figure>\n<p><\/p>\n","protected":false},"excerpt":{"rendered":"<p>Foto: Osvaldo Fant\u00f3n. Godoy Cruz de Mendoza le gan\u00f3 este lunes por la tarde como visitante a Barracas Central por 1 a 0, en una muy buena actuaci\u00f3n y al cabo del encuentro correspondiente a la fecha inicial de la Liga Profesional de F\u00fatbol (LPF) de Primera Divisi\u00f3n, gracias al gol anotado por Gonzalo Abrego [&hellip;]<\/p>\n","protected":false},"author":1,"featured_media":28863,"comment_status":"closed","ping_status":"closed","sticky":false,"template":"","format":"standard","meta":[],"categories":[10],"tags":[],"_links":{"self":[{"href":"http:\/\/nuevacordoba.net\/index.php\/wp-json\/wp\/v2\/posts\/28862"}],"collection":[{"href":"http:\/\/nuevacordoba.net\/index.php\/wp-json\/wp\/v2\/posts"}],"about":[{"href":"http:\/\/nuevacordoba.net\/index.php\/wp-json\/wp\/v2\/types\/post"}],"author":[{"embeddable":true,"href":"http:\/\/nuevacordoba.net\/index.php\/wp-json\/wp\/v2\/users\/1"}],"replies":[{"embeddable":true,"href":"http:\/\/nuevacordoba.net\/index.php\/wp-json\/wp\/v2\/comments?post=28862"}],"version-history":[{"count":0,"href":"http:\/\/nuevacordoba.net\/index.php\/wp-json\/wp\/v2\/posts\/28862\/revisions"}],"wp:featuredmedia":[{"embeddable":true,"href":"http:\/\/nuevacordoba.net\/index.php\/wp-json\/wp\/v2\/media\/28863"}],"wp:attachment":[{"href":"http:\/\/nuevacordoba.net\/index.php\/wp-json\/wp\/v2\/media?parent=28862"}],"wp:term":[{"taxonomy":"category","embeddable":true,"href":"http:\/\/nuevacordoba.net\/index.php\/wp-json\/wp\/v2\/categories?post=28862"},{"taxonomy":"post_tag","embeddable":true,"href":"http:\/\/nuevacordoba.net\/index.php\/wp-json\/wp\/v2\/tags?post=28862"}],"curies":[{"name":"wp","href":"https:\/\/api.w.org\/{rel}","templated":true}]}}